{"id":9478,"date":"2021-06-28T14:20:02","date_gmt":"2021-06-28T14:20:02","guid":{"rendered":"https:\/\/www.gerontim.com\/?p=9478"},"modified":"2025-10-27T11:31:51","modified_gmt":"2025-10-27T10:31:51","slug":"rencontrez-gerontim-aux-salons-age-3-2020","status":"publish","type":"post","link":"https:\/\/www.gerontim.com\/fr\/articles\/actus\/rencontrez-gerontim-salons-age-3-2021\/","title":{"rendered":"Rencontrez Gerontim aux salons Age 3 2021"},"content":{"rendered":"\t\t<div data-elementor-type=\"wp-post\" data-elementor-id=\"9478\" class=\"elementor elementor-9478\" data-elementor-post-type=\"post\">\n\t\t\t\t\t\t<section class=\"elementor-section elementor-top-section elementor-element elementor-element-b1e819e elementor-section-boxed elementor-section-height-default elementor-section-height-default\" data-id=\"b1e819e\" data-element_type=\"section\" data-e-type=\"section\">\n\t\t\t\t\t\t<div class=\"elementor-container elementor-column-gap-default\">\n\t\t\t\t\t<div class=\"elementor-column elementor-col-100 elementor-top-column elementor-element elementor-element-ab2878c\" data-id=\"ab2878c\" data-element_type=\"column\" data-e-type=\"column\">\n\t\t\t<div class=\"elementor-widget-wrap elementor-element-populated\">\n\t\t\t\t\t\t<div class=\"elementor-element elementor-element-b024c5d elementor-widget elementor-widget-post-info\" data-id=\"b024c5d\" data-element_type=\"widget\" data-e-type=\"widget\" data-widget_type=\"post-info.default\">\n\t\t\t\t<div class=\"elementor-widget-container\">\n\t\t\t\t\t\t\t<ul class=\"elementor-inline-items elementor-icon-list-items elementor-post-info\">\n\t\t\t\t\t\t\t\t<li class=\"elementor-icon-list-item elementor-repeater-item-d0f3940 elementor-inline-item\" itemprop=\"datePublished\">\n\t\t\t\t\t\t\t\t\t\t<span class=\"elementor-icon-list-icon\">\n\t\t\t\t\t\t\t\t<i aria-hidden=\"true\" class=\"fas fa-calendar\"><\/i>\t\t\t\t\t\t\t<\/span>\n\t\t\t\t\t\t\t\t\t<span class=\"elementor-icon-list-text elementor-post-info__item elementor-post-info__item--type-date\">\n\t\t\t\t\t\t\t<span class=\"elementor-post-info__item-prefix\">Publi\u00e9 le<\/span>\n\t\t\t\t\t\t\t\t\t\t<time>28 juin 2021<\/time>\t\t\t\t\t<\/span>\n\t\t\t\t\t\t\t\t<\/li>\n\t\t\t\t<\/ul>\n\t\t\t\t\t\t<\/div>\n\t\t\t\t<\/div>\n\t\t\t\t\t<\/div>\n\t\t<\/div>\n\t\t\t\t\t<\/div>\n\t\t<\/section>\n\t\t\t\t<section class=\"elementor-section elementor-top-section elementor-element elementor-element-5bff6ea elementor-section-stretched elementor-section-content-middle elementor-section-boxed elementor-section-height-default elementor-section-height-default\" data-id=\"5bff6ea\" data-element_type=\"section\" data-e-type=\"section\" data-settings=\"{&quot;stretch_section&quot;:&quot;section-stretched&quot;,&quot;background_background&quot;:&quot;classic&quot;}\">\n\t\t\t\t\t\t<div class=\"elementor-container elementor-column-gap-wider\">\n\t\t\t\t\t<div class=\"elementor-column elementor-col-50 elementor-top-column elementor-element elementor-element-5c7a0cb\" data-id=\"5c7a0cb\" data-element_type=\"column\" data-e-type=\"column\">\n\t\t\t<div class=\"elementor-widget-wrap elementor-element-populated\">\n\t\t\t\t\t\t<div class=\"elementor-element elementor-element-6f53765 img-legende elementor-widget elementor-widget-image\" data-id=\"6f53765\" data-element_type=\"widget\" data-e-type=\"widget\" data-widget_type=\"image.default\">\n\t\t\t\t<div class=\"elementor-widget-container\">\n\t\t\t\t\t\t\t\t\t\t\t\t<figure class=\"wp-caption\">\n\t\t\t\t\t\t\t\t\t\t<img fetchpriority=\"high\" decoding=\"async\" width=\"300\" height=\"176\" src=\"https:\/\/www.gerontim.com\/wp-content\/uploads\/2019\/09\/logo-salons-age-3-handicap.small-300x176.png\" class=\"attachment-medium size-medium wp-image-4683\" alt=\"Logo salon age 3\" srcset=\"https:\/\/www.gerontim.com\/wp-content\/uploads\/2019\/09\/logo-salons-age-3-handicap.small-300x176.png 300w, https:\/\/www.gerontim.com\/wp-content\/uploads\/2019\/09\/logo-salons-age-3-handicap.small.png 480w\" sizes=\"(max-width: 300px) 100vw, 300px\" \/>\t\t\t\t\t\t\t\t\t\t\t<figcaption class=\"widget-image-caption wp-caption-text\"><\/figcaption>\n\t\t\t\t\t\t\t\t\t\t<\/figure>\n\t\t\t\t\t\t\t\t\t<\/div>\n\t\t\t\t<\/div>\n\t\t\t\t\t<\/div>\n\t\t<\/div>\n\t\t\t\t<div class=\"elementor-column elementor-col-50 elementor-top-column elementor-element elementor-element-7b02fa6\" data-id=\"7b02fa6\" data-element_type=\"column\" data-e-type=\"column\">\n\t\t\t<div class=\"elementor-widget-wrap elementor-element-populated\">\n\t\t\t\t\t\t<div class=\"elementor-element elementor-element-038c760 elementor-widget elementor-widget-text-editor\" data-id=\"038c760\" data-element_type=\"widget\" data-e-type=\"widget\" data-widget_type=\"text-editor.default\">\n\t\t\t\t<div class=\"elementor-widget-container\">\n\t\t\t\t\t\t\t\t\t<p>Gerontim donne rendez-vous aux professionnels de la g\u00e9rontologie lors de 6 \u00e9ditions des salons Age 3 2021 ! Une journ\u00e9e d\u2019\u00e9change o\u00f9 vous pourrez rencontrer nos \u00e9quipes et d\u00e9couvrir comment nous accompagnons les \u00e9tablissements et services sur leurs <a href=\"https:\/\/www.gerontim.com\/fr\/prestations\/projets-architecturaux\/\">projets architecturaux<\/a>, <a href=\"https:\/\/www.gerontim.com\/fr\/prestations\/projets-strategiques\/\">strat\u00e9giques<\/a> et <a href=\"https:\/\/www.gerontim.com\/fr\/prestations\/projets-organisationnels\/\">organisationnels<\/a>. <\/p>\t\t\t\t\t\t\t\t<\/div>\n\t\t\t\t<\/div>\n\t\t\t\t\t<\/div>\n\t\t<\/div>\n\t\t\t\t\t<\/div>\n\t\t<\/section>\n\t\t\t\t<section class=\"elementor-section elementor-top-section elementor-element elementor-element-baf7bc4 elementor-section-stretched actu-texte elementor-section-boxed elementor-section-height-default elementor-section-height-default\" data-id=\"baf7bc4\" data-element_type=\"section\" data-e-type=\"section\" data-settings=\"{&quot;stretch_section&quot;:&quot;section-stretched&quot;}\">\n\t\t\t\t\t\t<div class=\"elementor-container elementor-column-gap-default\">\n\t\t\t\t\t<div class=\"elementor-column elementor-col-100 elementor-top-column elementor-element elementor-element-c916c31\" data-id=\"c916c31\" data-element_type=\"column\" data-e-type=\"column\">\n\t\t\t<div class=\"elementor-widget-wrap elementor-element-populated\">\n\t\t\t\t\t\t<div class=\"elementor-element elementor-element-d920e75 elementor-widget elementor-widget-text-editor\" data-id=\"d920e75\" data-element_type=\"widget\" data-e-type=\"widget\" data-widget_type=\"text-editor.default\">\n\t\t\t\t<div class=\"elementor-widget-container\">\n\t\t\t\t\t\t\t\t\t<p>Cette ann\u00e9es nous serons pr\u00e9sents \u00e0 :<\/p><ul><li>Nantes le 8 juillet<\/li><li>Paris le 16 septembre<\/li><li>Bordeaux le 14 octobre<\/li><li>Toulouse le 28 octobre<\/li><li>Clermont-Ferrand le 2 d\u00e9cembre<\/li><li>Nancy le 16 d\u00e9cembre<\/li><\/ul><h4>\u00a0<\/h4><h4><strong>Concilier protection et qualit\u00e9 de vie en EHPAD : l&rsquo;\u00e9ternel dilemme<br \/><\/strong><\/h4><p>C\u2019est autour de cet enjeu, renforc\u00e9 par la crise covid-19, que se tiendra la nouvelle \u00e9dition du congr\u00e8s. Tous les participants seront invit\u00e9s \u00e0 d\u00e9battre et \u00e0 apporter leur expertise sur tous les aspects de cette r\u00e9flexion majeure pour le secteur.<\/p><p>Chez Gerontim, nous restons convaincus que la conciliation entre la libert\u00e9 et la s\u00e9curit\u00e9 des r\u00e9sidents d\u2019EHPAD d\u2019aujourd\u2019hui et de demain passe par l\u2019approche domiciliaire : les personnes \u00e2g\u00e9es doivent se sentir chez elles quel que soit le lieu o\u00f9 elles r\u00e9sident.<\/p><p>Et si l\u2019architecture pouvait contribuer \u00e0 trouver le bon \u00e9quilibre entre approche domiciliaire et n\u00e9cessit\u00e9 de soins ?<\/p><p>C\u2019est l\u2019objet de l\u2019intervention de notre expert architecte, Didier Cornilliat, qui animera une Master Class sur le th\u00e8me de : \u00ab l\u2019EHPAD entre lieu de vie et lieu de soins \u00bb sur les \u00e9ditions de Nantes, Paris et Nancy. Il d\u00e9montrera que repenser l\u2019architecture de son EHPAD est un moyen de cr\u00e9er un v\u00e9ritable \u00ab <a href=\"https:\/\/www.gerontim.com\/fr\/articles\/experts\/ehpad-lieu-de-vie-par-nature\/\">EHPAD lieu de vie<\/a> \u00bb pour ses habitants, sans entraver le besoin de soins et le travail des professionnels.<\/p>\t\t\t\t\t\t\t\t<\/div>\n\t\t\t\t<\/div>\n\t\t\t\t\t<\/div>\n\t\t<\/div>\n\t\t\t\t\t<\/div>\n\t\t<\/section>\n\t\t\t\t<section class=\"elementor-section elementor-top-section elementor-element elementor-element-9ad4da8 elementor-section-stretched elementor-section-full_width noprint elementor-section-height-default elementor-section-height-default\" data-id=\"9ad4da8\" data-element_type=\"section\" data-e-type=\"section\" id=\"cta-demarrer\" data-settings=\"{&quot;stretch_section&quot;:&quot;section-stretched&quot;}\">\n\t\t\t\t\t\t<div class=\"elementor-container elementor-column-gap-no\">\n\t\t\t\t\t<div class=\"elementor-column elementor-col-100 elementor-top-column elementor-element elementor-element-3b28be0\" data-id=\"3b28be0\" data-element_type=\"column\" data-e-type=\"column\">\n\t\t\t<div class=\"elementor-widget-wrap elementor-element-populated\">\n\t\t\t\t\t\t<div class=\"elementor-element elementor-element-e40d15f elementor-cta--skin-classic elementor-animated-content elementor-bg-transform elementor-bg-transform-zoom-in elementor-widget elementor-widget-call-to-action\" data-id=\"e40d15f\" data-element_type=\"widget\" data-e-type=\"widget\" data-widget_type=\"call-to-action.default\">\n\t\t\t\t<div class=\"elementor-widget-container\">\n\t\t\t\t\t\t\t<div class=\"elementor-cta\">\n\t\t\t\t\t\t\t<div class=\"elementor-cta__content\">\n\t\t\t\t\t\t\t\t\t<div class=\"elementor-content-item elementor-cta__content-item elementor-icon-wrapper elementor-cta__icon elementor-view-default\">\n\t\t\t\t\t\t<div class=\"elementor-icon\">\n\t\t\t\t\t\t\t<i aria-hidden=\"true\" class=\"fas fa-barcode\"><\/i>\t\t\t\t\t\t<\/div>\n\t\t\t\t\t<\/div>\n\t\t\t\t\n\t\t\t\t\t\t\t\t\t<h3 class=\"elementor-cta__title elementor-cta__content-item elementor-content-item\">\n\t\t\t\t\t\tToutes les infos des salons Age 3 2021\t\t\t\t\t<\/h3>\n\t\t\t\t\n\t\t\t\t\t\t\t\t\t<div class=\"elementor-cta__description elementor-cta__content-item elementor-content-item\">\n\t\t\t\t\t\tConsultez les programmes, formulaire d'inscription, lieu et acc\u00e8s\t\t\t\t\t<\/div>\n\t\t\t\t\n\t\t\t\t\t\t\t\t\t<div class=\"elementor-cta__button-wrapper elementor-cta__content-item elementor-content-item \">\n\t\t\t\t\t<a class=\"elementor-cta__button elementor-button elementor-size-\" rel=\"noreferrer noopener\" href=\"https:\/\/age-3.fr\/\" target=\"_blank\">\n\t\t\t\t\t\tTELECHARGER VOTRE INVITATION EN LIGNE\t\t\t\t\t<\/a>\n\t\t\t\t\t<\/div>\n\t\t\t\t\t\t\t<\/div>\n\t\t\t\t\t\t<\/div>\n\t\t\t\t\t\t<\/div>\n\t\t\t\t<\/div>\n\t\t\t\t\t<\/div>\n\t\t<\/div>\n\t\t\t\t\t<\/div>\n\t\t<\/section>\n\t\t\t\t<section class=\"elementor-section elementor-top-section elementor-element elementor-element-7a212c5 elementor-section-boxed elementor-section-height-default elementor-section-height-default\" data-id=\"7a212c5\" data-element_type=\"section\" data-e-type=\"section\">\n\t\t\t\t\t\t<div class=\"elementor-container elementor-column-gap-default\">\n\t\t\t\t\t<div class=\"elementor-column elementor-col-100 elementor-top-column elementor-element elementor-element-898e872\" data-id=\"898e872\" data-element_type=\"column\" data-e-type=\"column\">\n\t\t\t<div class=\"elementor-widget-wrap elementor-element-populated\">\n\t\t\t\t\t\t<div class=\"elementor-element elementor-element-ff25613 elementor-widget elementor-widget-global elementor-global-4226 elementor-widget-html\" data-id=\"ff25613\" data-element_type=\"widget\" data-e-type=\"widget\" data-widget_type=\"html.default\">\n\t\t\t\t<div class=\"elementor-widget-container\">\n\t\t\t\t\t\t\t\t\t<\/div>\n\t\t\t\t<\/div>\n\t\t\t\t\t<\/div>\n\t\t<\/div>\n\t\t\t\t\t<\/div>\n\t\t<\/section>\n\t\t\t\t<\/div>\n\t\t","protected":false},"excerpt":{"rendered":"<p>Gerontim participe \u00e0 6 \u00e9ditions des salons Age 3 2021 pour \u00e9changer avec les professionnels de la g\u00e9rontologie sur les enjeux de conciliation de la protection et de la qualit\u00e9 de vie en EHPAD. Sur 3 dates vous pourrez assister \u00e0 la Master Class de notre expert architecte sur le th\u00e8me de \u00ab l\u2019EHPAD entre lieu de vie et lieu de soins \u00bb.<\/p>\n","protected":false},"author":11,"featured_media":5237,"comment_status":"closed","ping_status":"closed","sticky":false,"template":"","format":"standard","meta":{"site-sidebar-layout":"default","site-content-layout":"default","ast-site-content-layout":"default","site-content-style":"default","site-sidebar-style":"default","ast-global-header-display":"","ast-banner-title-visibility":"","ast-main-header-display":"","ast-hfb-above-header-display":"","ast-hfb-below-header-display":"","ast-hfb-mobile-header-display":"","site-post-title":"","ast-breadcrumbs-content":"","ast-featured-img":"","footer-sml-layout":"","ast-disable-related-posts":"","theme-transparent-header-meta":"default","adv-header-id-meta":"","stick-header-meta":"default","header-above-stick-meta":"","header-main-stick-meta":"","header-below-stick-meta":"","astra-migrate-meta-layouts":"default","ast-page-background-enabled":"default","ast-page-background-meta":{"desktop":{"background-color":"","background-image":"","background-repeat":"repeat","background-position":"center center","background-size":"auto","background-attachment":"scroll","background-type":"","background-media":"","overlay-type":"","overlay-color":"","overlay-opacity":"","overlay-gradient":""},"tablet":{"background-color":"","background-image":"","background-repeat":"repeat","background-position":"center center","background-size":"auto","background-attachment":"scroll","background-type":"","background-media":"","overlay-type":"","overlay-color":"","overlay-opacity":"","overlay-gradient":""},"mobile":{"background-color":"","background-image":"","background-repeat":"repeat","background-position":"center center","background-size":"auto","background-attachment":"scroll","background-type":"","background-media":"","overlay-type":"","overlay-color":"","overlay-opacity":"","overlay-gradient":""}},"ast-content-background-meta":{"desktop":{"background-color":"var(--ast-global-color-5)","background-image":"","background-repeat":"repeat","background-position":"center center","background-size":"auto","background-attachment":"scroll","background-type":"","background-media":"","overlay-type":"","overlay-color":"","overlay-opacity":"","overlay-gradient":""},"tablet":{"background-color":"var(--ast-global-color-5)","background-image":"","background-repeat":"repeat","background-position":"center center","background-size":"auto","background-attachment":"scroll","background-type":"","background-media":"","overlay-type":"","overlay-color":"","overlay-opacity":"","overlay-gradient":""},"mobile":{"background-color":"var(--ast-global-color-5)","background-image":"","background-repeat":"repeat","background-position":"center center","background-size":"auto","background-attachment":"scroll","background-type":"","background-media":"","overlay-type":"","overlay-color":"","overlay-opacity":"","overlay-gradient":""}},"footnotes":""},"categories":[23,77],"tags":[],"class_list":["post-9478","post","type-post","status-publish","format-standard","has-post-thumbnail","hentry","category-actus","category-gerontim"],"yoast_head":"<!-- This site is optimized with the Yoast SEO plugin v27.5 - https:\/\/yoast.com\/product\/yoast-seo-wordpress\/ -->\n<title>Rencontrez Gerontim aux salons Age 3 2021 | Actualit\u00e9<\/title>\n<meta name=\"description\" content=\"Gerontim participe aux salons Age 3 2021, venez nous rencontrer et assister aux Master Class de notre expert architecte sur la r\u00e9flexion autour de l\u2019EHPAD lieu de vie.\" \/>\n<meta name=\"robots\" content=\"index, follow, max-snippet:-1, max-image-preview:large, max-video-preview:-1\" \/>\n<link rel=\"canonical\" href=\"https:\/\/www.gerontim.com\/fr\/articles\/actus\/rencontrez-gerontim-salons-age-3-2021\/\" \/>\n<meta property=\"og:locale\" content=\"fr_FR\" \/>\n<meta property=\"og:type\" content=\"article\" \/>\n<meta property=\"og:title\" content=\"Rencontrez Gerontim aux salons Age 3 2021 | Actualit\u00e9\" \/>\n<meta property=\"og:description\" content=\"Gerontim participe aux salons Age 3 2021, venez nous rencontrer et assister aux Master Class de notre expert architecte sur la r\u00e9flexion autour de l\u2019EHPAD lieu de vie.\" \/>\n<meta property=\"og:url\" content=\"https:\/\/www.gerontim.com\/fr\/articles\/actus\/rencontrez-gerontim-salons-age-3-2021\/\" \/>\n<meta property=\"og:site_name\" content=\"Gerontim\" \/>\n<meta property=\"article:published_time\" content=\"2021-06-28T14:20:02+00:00\" \/>\n<meta property=\"article:modified_time\" content=\"2025-10-27T10:31:51+00:00\" \/>\n<meta property=\"og:image\" content=\"https:\/\/www.gerontim.com\/wp-content\/uploads\/2019\/10\/logo-salon-age-3.jpg\" \/>\n\t<meta property=\"og:image:width\" content=\"560\" \/>\n\t<meta property=\"og:image:height\" content=\"330\" \/>\n\t<meta property=\"og:image:type\" content=\"image\/jpeg\" \/>\n<meta name=\"author\" content=\"Romane\" \/>\n<meta name=\"twitter:card\" content=\"summary_large_image\" \/>\n<meta name=\"twitter:creator\" content=\"@Gerontim\" \/>\n<meta name=\"twitter:site\" content=\"@Gerontim\" \/>\n<meta name=\"twitter:label1\" content=\"\u00c9crit par\" \/>\n\t<meta name=\"twitter:data1\" content=\"Romane\" \/>\n\t<meta name=\"twitter:label2\" content=\"Dur\u00e9e de lecture estim\u00e9e\" \/>\n\t<meta name=\"twitter:data2\" content=\"2 minutes\" \/>\n<script type=\"application\/ld+json\" class=\"yoast-schema-graph\">{\"@context\":\"https:\\\/\\\/schema.org\",\"@graph\":[{\"@type\":\"Article\",\"@id\":\"https:\\\/\\\/www.gerontim.com\\\/fr\\\/articles\\\/actus\\\/rencontrez-gerontim-salons-age-3-2021\\\/#article\",\"isPartOf\":{\"@id\":\"https:\\\/\\\/www.gerontim.com\\\/fr\\\/articles\\\/actus\\\/rencontrez-gerontim-salons-age-3-2021\\\/\"},\"author\":{\"name\":\"Romane\",\"@id\":\"https:\\\/\\\/www.gerontim.com\\\/fr\\\/#\\\/schema\\\/person\\\/6eafd9f7cebdfc20b8bae27deb6d6b6a\"},\"headline\":\"Rencontrez Gerontim aux salons Age 3 2021\",\"datePublished\":\"2021-06-28T14:20:02+00:00\",\"dateModified\":\"2025-10-27T10:31:51+00:00\",\"mainEntityOfPage\":{\"@id\":\"https:\\\/\\\/www.gerontim.com\\\/fr\\\/articles\\\/actus\\\/rencontrez-gerontim-salons-age-3-2021\\\/\"},\"wordCount\":300,\"publisher\":{\"@id\":\"https:\\\/\\\/www.gerontim.com\\\/fr\\\/#organization\"},\"image\":{\"@id\":\"https:\\\/\\\/www.gerontim.com\\\/fr\\\/articles\\\/actus\\\/rencontrez-gerontim-salons-age-3-2021\\\/#primaryimage\"},\"thumbnailUrl\":\"https:\\\/\\\/www.gerontim.com\\\/wp-content\\\/uploads\\\/2019\\\/10\\\/logo-salon-age-3.jpg\",\"articleSection\":[\"Actualit\u00e9s\",\"Gerontim\"],\"inLanguage\":\"fr-FR\"},{\"@type\":\"WebPage\",\"@id\":\"https:\\\/\\\/www.gerontim.com\\\/fr\\\/articles\\\/actus\\\/rencontrez-gerontim-salons-age-3-2021\\\/\",\"url\":\"https:\\\/\\\/www.gerontim.com\\\/fr\\\/articles\\\/actus\\\/rencontrez-gerontim-salons-age-3-2021\\\/\",\"name\":\"Rencontrez Gerontim aux salons Age 3 2021 | Actualit\u00e9\",\"isPartOf\":{\"@id\":\"https:\\\/\\\/www.gerontim.com\\\/fr\\\/#website\"},\"primaryImageOfPage\":{\"@id\":\"https:\\\/\\\/www.gerontim.com\\\/fr\\\/articles\\\/actus\\\/rencontrez-gerontim-salons-age-3-2021\\\/#primaryimage\"},\"image\":{\"@id\":\"https:\\\/\\\/www.gerontim.com\\\/fr\\\/articles\\\/actus\\\/rencontrez-gerontim-salons-age-3-2021\\\/#primaryimage\"},\"thumbnailUrl\":\"https:\\\/\\\/www.gerontim.com\\\/wp-content\\\/uploads\\\/2019\\\/10\\\/logo-salon-age-3.jpg\",\"datePublished\":\"2021-06-28T14:20:02+00:00\",\"dateModified\":\"2025-10-27T10:31:51+00:00\",\"description\":\"Gerontim participe aux salons Age 3 2021, venez nous rencontrer et assister aux Master Class de notre expert architecte sur la r\u00e9flexion autour de l\u2019EHPAD lieu de vie.\",\"breadcrumb\":{\"@id\":\"https:\\\/\\\/www.gerontim.com\\\/fr\\\/articles\\\/actus\\\/rencontrez-gerontim-salons-age-3-2021\\\/#breadcrumb\"},\"inLanguage\":\"fr-FR\",\"potentialAction\":[{\"@type\":\"ReadAction\",\"target\":[\"https:\\\/\\\/www.gerontim.com\\\/fr\\\/articles\\\/actus\\\/rencontrez-gerontim-salons-age-3-2021\\\/\"]}]},{\"@type\":\"ImageObject\",\"inLanguage\":\"fr-FR\",\"@id\":\"https:\\\/\\\/www.gerontim.com\\\/fr\\\/articles\\\/actus\\\/rencontrez-gerontim-salons-age-3-2021\\\/#primaryimage\",\"url\":\"https:\\\/\\\/www.gerontim.com\\\/wp-content\\\/uploads\\\/2019\\\/10\\\/logo-salon-age-3.jpg\",\"contentUrl\":\"https:\\\/\\\/www.gerontim.com\\\/wp-content\\\/uploads\\\/2019\\\/10\\\/logo-salon-age-3.jpg\",\"width\":560,\"height\":330,\"caption\":\"Logo salon Age 3\"},{\"@type\":\"BreadcrumbList\",\"@id\":\"https:\\\/\\\/www.gerontim.com\\\/fr\\\/articles\\\/actus\\\/rencontrez-gerontim-salons-age-3-2021\\\/#breadcrumb\",\"itemListElement\":[{\"@type\":\"ListItem\",\"position\":1,\"name\":\"Accueil\",\"item\":\"https:\\\/\\\/www.gerontim.com\\\/fr\\\/\"},{\"@type\":\"ListItem\",\"position\":2,\"name\":\"Actualit\u00e9s\",\"item\":\"https:\\\/\\\/www.gerontim.com\\\/fr\\\/articles\\\/actus\\\/\"},{\"@type\":\"ListItem\",\"position\":3,\"name\":\"Rencontrez Gerontim aux salons Age 3 2021\"}]},{\"@type\":\"WebSite\",\"@id\":\"https:\\\/\\\/www.gerontim.com\\\/fr\\\/#website\",\"url\":\"https:\\\/\\\/www.gerontim.com\\\/fr\\\/\",\"name\":\"Gerontim\",\"description\":\"L&#039;expertise g\u00e9rontologique\",\"publisher\":{\"@id\":\"https:\\\/\\\/www.gerontim.com\\\/fr\\\/#organization\"},\"potentialAction\":[{\"@type\":\"SearchAction\",\"target\":{\"@type\":\"EntryPoint\",\"urlTemplate\":\"https:\\\/\\\/www.gerontim.com\\\/fr\\\/?s={search_term_string}\"},\"query-input\":{\"@type\":\"PropertyValueSpecification\",\"valueRequired\":true,\"valueName\":\"search_term_string\"}}],\"inLanguage\":\"fr-FR\"},{\"@type\":\"Organization\",\"@id\":\"https:\\\/\\\/www.gerontim.com\\\/fr\\\/#organization\",\"name\":\"Gerontim\",\"url\":\"https:\\\/\\\/www.gerontim.com\\\/fr\\\/\",\"logo\":{\"@type\":\"ImageObject\",\"inLanguage\":\"fr-FR\",\"@id\":\"https:\\\/\\\/www.gerontim.com\\\/fr\\\/#\\\/schema\\\/logo\\\/image\\\/\",\"url\":\"https:\\\/\\\/www.gerontim.com\\\/wp-content\\\/uploads\\\/2019\\\/12\\\/gerontim-logo-sm.png\",\"contentUrl\":\"https:\\\/\\\/www.gerontim.com\\\/wp-content\\\/uploads\\\/2019\\\/12\\\/gerontim-logo-sm.png\",\"width\":140,\"height\":67,\"caption\":\"Gerontim\"},\"image\":{\"@id\":\"https:\\\/\\\/www.gerontim.com\\\/fr\\\/#\\\/schema\\\/logo\\\/image\\\/\"},\"sameAs\":[\"https:\\\/\\\/x.com\\\/Gerontim\",\"https:\\\/\\\/www.linkedin.com\\\/company\\\/gerontim-cabinet-conseil-gerontologie\\\/\"]},{\"@type\":\"Person\",\"@id\":\"https:\\\/\\\/www.gerontim.com\\\/fr\\\/#\\\/schema\\\/person\\\/6eafd9f7cebdfc20b8bae27deb6d6b6a\",\"name\":\"Romane\",\"image\":{\"@type\":\"ImageObject\",\"inLanguage\":\"fr-FR\",\"@id\":\"https:\\\/\\\/secure.gravatar.com\\\/avatar\\\/8ac9200bb3775e3bd3a2f5a85845cfe2716653a29f32bb716d545ada308c9211?s=96&d=mm&r=g\",\"url\":\"https:\\\/\\\/secure.gravatar.com\\\/avatar\\\/8ac9200bb3775e3bd3a2f5a85845cfe2716653a29f32bb716d545ada308c9211?s=96&d=mm&r=g\",\"contentUrl\":\"https:\\\/\\\/secure.gravatar.com\\\/avatar\\\/8ac9200bb3775e3bd3a2f5a85845cfe2716653a29f32bb716d545ada308c9211?s=96&d=mm&r=g\",\"caption\":\"Romane\"}}]}<\/script>\n<!-- \/ Yoast SEO plugin. -->","yoast_head_json":{"title":"Rencontrez Gerontim aux salons Age 3 2021 | Actualit\u00e9","description":"Gerontim participe aux salons Age 3 2021, venez nous rencontrer et assister aux Master Class de notre expert architecte sur la r\u00e9flexion autour de l\u2019EHPAD lieu de vie.","robots":{"index":"index","follow":"follow","max-snippet":"max-snippet:-1","max-image-preview":"max-image-preview:large","max-video-preview":"max-video-preview:-1"},"canonical":"https:\/\/www.gerontim.com\/fr\/articles\/actus\/rencontrez-gerontim-salons-age-3-2021\/","og_locale":"fr_FR","og_type":"article","og_title":"Rencontrez Gerontim aux salons Age 3 2021 | Actualit\u00e9","og_description":"Gerontim participe aux salons Age 3 2021, venez nous rencontrer et assister aux Master Class de notre expert architecte sur la r\u00e9flexion autour de l\u2019EHPAD lieu de vie.","og_url":"https:\/\/www.gerontim.com\/fr\/articles\/actus\/rencontrez-gerontim-salons-age-3-2021\/","og_site_name":"Gerontim","article_published_time":"2021-06-28T14:20:02+00:00","article_modified_time":"2025-10-27T10:31:51+00:00","og_image":[{"width":560,"height":330,"url":"https:\/\/www.gerontim.com\/wp-content\/uploads\/2019\/10\/logo-salon-age-3.jpg","type":"image\/jpeg"}],"author":"Romane","twitter_card":"summary_large_image","twitter_creator":"@Gerontim","twitter_site":"@Gerontim","twitter_misc":{"\u00c9crit par":"Romane","Dur\u00e9e de lecture estim\u00e9e":"2 minutes"},"schema":{"@context":"https:\/\/schema.org","@graph":[{"@type":"Article","@id":"https:\/\/www.gerontim.com\/fr\/articles\/actus\/rencontrez-gerontim-salons-age-3-2021\/#article","isPartOf":{"@id":"https:\/\/www.gerontim.com\/fr\/articles\/actus\/rencontrez-gerontim-salons-age-3-2021\/"},"author":{"name":"Romane","@id":"https:\/\/www.gerontim.com\/fr\/#\/schema\/person\/6eafd9f7cebdfc20b8bae27deb6d6b6a"},"headline":"Rencontrez Gerontim aux salons Age 3 2021","datePublished":"2021-06-28T14:20:02+00:00","dateModified":"2025-10-27T10:31:51+00:00","mainEntityOfPage":{"@id":"https:\/\/www.gerontim.com\/fr\/articles\/actus\/rencontrez-gerontim-salons-age-3-2021\/"},"wordCount":300,"publisher":{"@id":"https:\/\/www.gerontim.com\/fr\/#organization"},"image":{"@id":"https:\/\/www.gerontim.com\/fr\/articles\/actus\/rencontrez-gerontim-salons-age-3-2021\/#primaryimage"},"thumbnailUrl":"https:\/\/www.gerontim.com\/wp-content\/uploads\/2019\/10\/logo-salon-age-3.jpg","articleSection":["Actualit\u00e9s","Gerontim"],"inLanguage":"fr-FR"},{"@type":"WebPage","@id":"https:\/\/www.gerontim.com\/fr\/articles\/actus\/rencontrez-gerontim-salons-age-3-2021\/","url":"https:\/\/www.gerontim.com\/fr\/articles\/actus\/rencontrez-gerontim-salons-age-3-2021\/","name":"Rencontrez Gerontim aux salons Age 3 2021 | Actualit\u00e9","isPartOf":{"@id":"https:\/\/www.gerontim.com\/fr\/#website"},"primaryImageOfPage":{"@id":"https:\/\/www.gerontim.com\/fr\/articles\/actus\/rencontrez-gerontim-salons-age-3-2021\/#primaryimage"},"image":{"@id":"https:\/\/www.gerontim.com\/fr\/articles\/actus\/rencontrez-gerontim-salons-age-3-2021\/#primaryimage"},"thumbnailUrl":"https:\/\/www.gerontim.com\/wp-content\/uploads\/2019\/10\/logo-salon-age-3.jpg","datePublished":"2021-06-28T14:20:02+00:00","dateModified":"2025-10-27T10:31:51+00:00","description":"Gerontim participe aux salons Age 3 2021, venez nous rencontrer et assister aux Master Class de notre expert architecte sur la r\u00e9flexion autour de l\u2019EHPAD lieu de vie.","breadcrumb":{"@id":"https:\/\/www.gerontim.com\/fr\/articles\/actus\/rencontrez-gerontim-salons-age-3-2021\/#breadcrumb"},"inLanguage":"fr-FR","potentialAction":[{"@type":"ReadAction","target":["https:\/\/www.gerontim.com\/fr\/articles\/actus\/rencontrez-gerontim-salons-age-3-2021\/"]}]},{"@type":"ImageObject","inLanguage":"fr-FR","@id":"https:\/\/www.gerontim.com\/fr\/articles\/actus\/rencontrez-gerontim-salons-age-3-2021\/#primaryimage","url":"https:\/\/www.gerontim.com\/wp-content\/uploads\/2019\/10\/logo-salon-age-3.jpg","contentUrl":"https:\/\/www.gerontim.com\/wp-content\/uploads\/2019\/10\/logo-salon-age-3.jpg","width":560,"height":330,"caption":"Logo salon Age 3"},{"@type":"BreadcrumbList","@id":"https:\/\/www.gerontim.com\/fr\/articles\/actus\/rencontrez-gerontim-salons-age-3-2021\/#breadcrumb","itemListElement":[{"@type":"ListItem","position":1,"name":"Accueil","item":"https:\/\/www.gerontim.com\/fr\/"},{"@type":"ListItem","position":2,"name":"Actualit\u00e9s","item":"https:\/\/www.gerontim.com\/fr\/articles\/actus\/"},{"@type":"ListItem","position":3,"name":"Rencontrez Gerontim aux salons Age 3 2021"}]},{"@type":"WebSite","@id":"https:\/\/www.gerontim.com\/fr\/#website","url":"https:\/\/www.gerontim.com\/fr\/","name":"Gerontim","description":"L&#039;expertise g\u00e9rontologique","publisher":{"@id":"https:\/\/www.gerontim.com\/fr\/#organization"},"potentialAction":[{"@type":"SearchAction","target":{"@type":"EntryPoint","urlTemplate":"https:\/\/www.gerontim.com\/fr\/?s={search_term_string}"},"query-input":{"@type":"PropertyValueSpecification","valueRequired":true,"valueName":"search_term_string"}}],"inLanguage":"fr-FR"},{"@type":"Organization","@id":"https:\/\/www.gerontim.com\/fr\/#organization","name":"Gerontim","url":"https:\/\/www.gerontim.com\/fr\/","logo":{"@type":"ImageObject","inLanguage":"fr-FR","@id":"https:\/\/www.gerontim.com\/fr\/#\/schema\/logo\/image\/","url":"https:\/\/www.gerontim.com\/wp-content\/uploads\/2019\/12\/gerontim-logo-sm.png","contentUrl":"https:\/\/www.gerontim.com\/wp-content\/uploads\/2019\/12\/gerontim-logo-sm.png","width":140,"height":67,"caption":"Gerontim"},"image":{"@id":"https:\/\/www.gerontim.com\/fr\/#\/schema\/logo\/image\/"},"sameAs":["https:\/\/x.com\/Gerontim","https:\/\/www.linkedin.com\/company\/gerontim-cabinet-conseil-gerontologie\/"]},{"@type":"Person","@id":"https:\/\/www.gerontim.com\/fr\/#\/schema\/person\/6eafd9f7cebdfc20b8bae27deb6d6b6a","name":"Romane","image":{"@type":"ImageObject","inLanguage":"fr-FR","@id":"https:\/\/secure.gravatar.com\/avatar\/8ac9200bb3775e3bd3a2f5a85845cfe2716653a29f32bb716d545ada308c9211?s=96&d=mm&r=g","url":"https:\/\/secure.gravatar.com\/avatar\/8ac9200bb3775e3bd3a2f5a85845cfe2716653a29f32bb716d545ada308c9211?s=96&d=mm&r=g","contentUrl":"https:\/\/secure.gravatar.com\/avatar\/8ac9200bb3775e3bd3a2f5a85845cfe2716653a29f32bb716d545ada308c9211?s=96&d=mm&r=g","caption":"Romane"}}]}},"_links":{"self":[{"href":"https:\/\/www.gerontim.com\/fr\/wp-json\/wp\/v2\/posts\/9478","targetHints":{"allow":["GET"]}}],"collection":[{"href":"https:\/\/www.gerontim.com\/fr\/wp-json\/wp\/v2\/posts"}],"about":[{"href":"https:\/\/www.gerontim.com\/fr\/wp-json\/wp\/v2\/types\/post"}],"author":[{"embeddable":true,"href":"https:\/\/www.gerontim.com\/fr\/wp-json\/wp\/v2\/users\/11"}],"replies":[{"embeddable":true,"href":"https:\/\/www.gerontim.com\/fr\/wp-json\/wp\/v2\/comments?post=9478"}],"version-history":[{"count":70,"href":"https:\/\/www.gerontim.com\/fr\/wp-json\/wp\/v2\/posts\/9478\/revisions"}],"predecessor-version":[{"id":12589,"href":"https:\/\/www.gerontim.com\/fr\/wp-json\/wp\/v2\/posts\/9478\/revisions\/12589"}],"wp:featuredmedia":[{"embeddable":true,"href":"https:\/\/www.gerontim.com\/fr\/wp-json\/wp\/v2\/media\/5237"}],"wp:attachment":[{"href":"https:\/\/www.gerontim.com\/fr\/wp-json\/wp\/v2\/media?parent=9478"}],"wp:term":[{"taxonomy":"category","embeddable":true,"href":"https:\/\/www.gerontim.com\/fr\/wp-json\/wp\/v2\/categories?post=9478"},{"taxonomy":"post_tag","embeddable":true,"href":"https:\/\/www.gerontim.com\/fr\/wp-json\/wp\/v2\/tags?post=9478"}],"curies":[{"name":"wp","href":"https:\/\/api.w.org\/{rel}","templated":true}]}}