{"id":8792,"date":"2021-03-11T15:09:27","date_gmt":"2021-03-11T15:09:27","guid":{"rendered":"https:\/\/www.gerontim.com\/?p=8792"},"modified":"2023-03-06T10:08:57","modified_gmt":"2023-03-06T09:08:57","slug":"gerontim-nouvelle-adresse-francheville","status":"publish","type":"post","link":"https:\/\/www.gerontim.com\/fr\/articles\/actus\/gerontim-nouvelle-adresse-francheville\/","title":{"rendered":"D\u00e9m\u00e9nagement Gerontim : nouvelle adresse \u00e0 Francheville"},"content":{"rendered":"\t\t<div data-elementor-type=\"wp-post\" data-elementor-id=\"8792\" class=\"elementor elementor-8792\" data-elementor-post-type=\"post\">\n\t\t\t\t\t\t<section class=\"elementor-section elementor-top-section elementor-element elementor-element-b1e819e elementor-section-boxed elementor-section-height-default elementor-section-height-default\" data-id=\"b1e819e\" data-element_type=\"section\" data-e-type=\"section\">\n\t\t\t\t\t\t<div class=\"elementor-container elementor-column-gap-default\">\n\t\t\t\t\t<div class=\"elementor-column elementor-col-100 elementor-top-column elementor-element elementor-element-ab2878c\" data-id=\"ab2878c\" data-element_type=\"column\" data-e-type=\"column\">\n\t\t\t<div class=\"elementor-widget-wrap elementor-element-populated\">\n\t\t\t\t\t\t<div class=\"elementor-element elementor-element-b024c5d elementor-widget elementor-widget-post-info\" data-id=\"b024c5d\" data-element_type=\"widget\" data-e-type=\"widget\" data-widget_type=\"post-info.default\">\n\t\t\t\t<div class=\"elementor-widget-container\">\n\t\t\t\t\t\t\t<ul class=\"elementor-inline-items elementor-icon-list-items elementor-post-info\">\n\t\t\t\t\t\t\t\t<li class=\"elementor-icon-list-item elementor-repeater-item-791512b elementor-inline-item\" itemprop=\"datePublished\">\n\t\t\t\t\t\t\t\t\t\t<span class=\"elementor-icon-list-icon\">\n\t\t\t\t\t\t\t\t<i aria-hidden=\"true\" class=\"fas fa-calendar\"><\/i>\t\t\t\t\t\t\t<\/span>\n\t\t\t\t\t\t\t\t\t<span class=\"elementor-icon-list-text elementor-post-info__item elementor-post-info__item--type-date\">\n\t\t\t\t\t\t\t<span class=\"elementor-post-info__item-prefix\">Publi\u00e9 le<\/span>\n\t\t\t\t\t\t\t\t\t\t<time>11 mars 2021<\/time>\t\t\t\t\t<\/span>\n\t\t\t\t\t\t\t\t<\/li>\n\t\t\t\t<\/ul>\n\t\t\t\t\t\t<\/div>\n\t\t\t\t<\/div>\n\t\t\t\t\t<\/div>\n\t\t<\/div>\n\t\t\t\t\t<\/div>\n\t\t<\/section>\n\t\t\t\t<section class=\"elementor-section elementor-top-section elementor-element elementor-element-5bff6ea elementor-section-stretched elementor-section-content-middle elementor-section-boxed elementor-section-height-default elementor-section-height-default\" data-id=\"5bff6ea\" data-element_type=\"section\" data-e-type=\"section\" data-settings=\"{&quot;stretch_section&quot;:&quot;section-stretched&quot;,&quot;background_background&quot;:&quot;classic&quot;}\">\n\t\t\t\t\t\t<div class=\"elementor-container elementor-column-gap-wider\">\n\t\t\t\t\t<div class=\"elementor-column elementor-col-33 elementor-top-column elementor-element elementor-element-5c7a0cb\" data-id=\"5c7a0cb\" data-element_type=\"column\" data-e-type=\"column\">\n\t\t\t<div class=\"elementor-widget-wrap elementor-element-populated\">\n\t\t\t\t\t\t<div class=\"elementor-element elementor-element-6f53765 img-legende elementor-widget elementor-widget-image\" data-id=\"6f53765\" data-element_type=\"widget\" data-e-type=\"widget\" data-widget_type=\"image.default\">\n\t\t\t\t<div class=\"elementor-widget-container\">\n\t\t\t\t\t\t\t\t\t\t\t\t\t\t\t\t<a rel=\"noreferrer noopener\" href=\"https:\/\/www.gerontim.com\/wp-content\/uploads\/2021\/03\/photo-immeuble-catilina-560x370-1.jpg\" data-elementor-open-lightbox=\"yes\" data-elementor-lightbox-title=\"Vue ext\u00e9rieure immeuble Catilina\" data-e-action-hash=\"#elementor-action%3Aaction%3Dlightbox%26settings%3DeyJpZCI6ODgwNSwidXJsIjoiaHR0cHM6XC9cL3d3dy5nZXJvbnRpbS5jb21cL3dwLWNvbnRlbnRcL3VwbG9hZHNcLzIwMjFcLzAzXC9waG90by1pbW1ldWJsZS1jYXRpbGluYS01NjB4MzcwLTEuanBnIn0%3D\">\n\t\t\t\t\t\t\t<img decoding=\"async\" src=\"https:\/\/www.gerontim.com\/wp-content\/uploads\/elementor\/thumbs\/photo-immeuble-catilina-560x370-1-q90j6don8lggy1hr4kfbm2iot6c60tl8ct29hddb9s.jpg\" title=\"Vue ext\u00e9rieure immeuble Catilina\" alt=\"Vue ext\u00e9rieure immeuble Catilina\" loading=\"lazy\" \/>\t\t\t\t\t\t\t\t<\/a>\n\t\t\t\t\t\t\t\t\t\t\t\t\t\t\t<\/div>\n\t\t\t\t<\/div>\n\t\t\t\t\t<\/div>\n\t\t<\/div>\n\t\t\t\t<div class=\"elementor-column elementor-col-66 elementor-top-column elementor-element elementor-element-7b02fa6\" data-id=\"7b02fa6\" data-element_type=\"column\" data-e-type=\"column\">\n\t\t\t<div class=\"elementor-widget-wrap elementor-element-populated\">\n\t\t\t\t\t\t<div class=\"elementor-element elementor-element-038c760 elementor-widget elementor-widget-text-editor\" data-id=\"038c760\" data-element_type=\"widget\" data-e-type=\"widget\" data-widget_type=\"text-editor.default\">\n\t\t\t\t<div class=\"elementor-widget-container\">\n\t\t\t\t\t\t\t\t\t<p>Depuis d\u00e9but mars Gerontim d\u00e9marre une nouvelle aventure ! Nous avons troqu\u00e9 nos locaux de Tassin-la-Demi-Lune (69160) pour des bureaux neufs de 560 m\u00b2 situ\u00e9s \u00e0 Francheville (69340).<\/p>\t\t\t\t\t\t\t\t<\/div>\n\t\t\t\t<\/div>\n\t\t\t\t\t<\/div>\n\t\t<\/div>\n\t\t\t\t\t<\/div>\n\t\t<\/section>\n\t\t\t\t<section class=\"elementor-section elementor-top-section elementor-element elementor-element-0d3b4bb elementor-section-content-middle actu-texte elementor-section-boxed elementor-section-height-default elementor-section-height-default\" data-id=\"0d3b4bb\" data-element_type=\"section\" data-e-type=\"section\" data-settings=\"{&quot;background_background&quot;:&quot;classic&quot;}\">\n\t\t\t\t\t\t<div class=\"elementor-container elementor-column-gap-default\">\n\t\t\t\t\t<div class=\"elementor-column elementor-col-50 elementor-top-column elementor-element elementor-element-fe94995\" data-id=\"fe94995\" data-element_type=\"column\" data-e-type=\"column\">\n\t\t\t<div class=\"elementor-widget-wrap elementor-element-populated\">\n\t\t\t\t\t\t<div class=\"elementor-element elementor-element-9e29c8d elementor-widget elementor-widget-text-editor\" data-id=\"9e29c8d\" data-element_type=\"widget\" data-e-type=\"widget\" data-widget_type=\"text-editor.default\">\n\t\t\t\t<div class=\"elementor-widget-container\">\n\t\t\t\t\t\t\t\t\t<p>Pour ce nouveau d\u00e9part nous avons tout mis en \u0153uvre pour faire de ces bureaux un endroit accueillant pour nos clients et un espace de travail fonctionnel et confortable pour l\u2019ensemble de nos collaborateurs.<\/p>\t\t\t\t\t\t\t\t<\/div>\n\t\t\t\t<\/div>\n\t\t\t\t\t<\/div>\n\t\t<\/div>\n\t\t\t\t<div class=\"elementor-column elementor-col-50 elementor-top-column elementor-element elementor-element-186b8e2\" data-id=\"186b8e2\" data-element_type=\"column\" data-e-type=\"column\">\n\t\t\t<div class=\"elementor-widget-wrap elementor-element-populated\">\n\t\t\t\t\t\t<div class=\"elementor-element elementor-element-29ada58 elementor-widget elementor-widget-image\" data-id=\"29ada58\" data-element_type=\"widget\" data-e-type=\"widget\" data-widget_type=\"image.default\">\n\t\t\t\t<div class=\"elementor-widget-container\">\n\t\t\t\t\t\t\t\t\t\t\t\t\t\t\t\t<a rel=\"noreferrer noopener\" href=\"https:\/\/www.gerontim.com\/wp-content\/uploads\/2021\/03\/photo-accueil-gerontim.jpg\" data-elementor-open-lightbox=\"yes\" data-elementor-lightbox-title=\"Accueil locaux Gerontim Francheville\" data-e-action-hash=\"#elementor-action%3Aaction%3Dlightbox%26settings%3DeyJpZCI6ODc5MywidXJsIjoiaHR0cHM6XC9cL3d3dy5nZXJvbnRpbS5jb21cL3dwLWNvbnRlbnRcL3VwbG9hZHNcLzIwMjFcLzAzXC9waG90by1hY2N1ZWlsLWdlcm9udGltLmpwZyJ9\">\n\t\t\t\t\t\t\t<img fetchpriority=\"high\" decoding=\"async\" width=\"300\" height=\"225\" src=\"https:\/\/www.gerontim.com\/wp-content\/uploads\/2021\/03\/photo-accueil-gerontim-300x225.jpg\" class=\"attachment-medium size-medium wp-image-8793\" alt=\"Accueil locaux Gerontim Francheville\" srcset=\"https:\/\/www.gerontim.com\/wp-content\/uploads\/2021\/03\/photo-accueil-gerontim-300x225.jpg 300w, https:\/\/www.gerontim.com\/wp-content\/uploads\/2021\/03\/photo-accueil-gerontim.jpg 700w\" sizes=\"(max-width: 300px) 100vw, 300px\" \/>\t\t\t\t\t\t\t\t<\/a>\n\t\t\t\t\t\t\t\t\t\t\t\t\t\t\t<\/div>\n\t\t\t\t<\/div>\n\t\t\t\t\t<\/div>\n\t\t<\/div>\n\t\t\t\t\t<\/div>\n\t\t<\/section>\n\t\t\t\t<section class=\"elementor-section elementor-top-section elementor-element elementor-element-41cf183 elementor-section-boxed elementor-section-height-default elementor-section-height-default\" data-id=\"41cf183\" data-element_type=\"section\" data-e-type=\"section\">\n\t\t\t\t\t\t<div class=\"elementor-container elementor-column-gap-default\">\n\t\t\t\t\t<div class=\"elementor-column elementor-col-50 elementor-top-column elementor-element elementor-element-2f8876c\" data-id=\"2f8876c\" data-element_type=\"column\" data-e-type=\"column\">\n\t\t\t<div class=\"elementor-widget-wrap elementor-element-populated\">\n\t\t\t\t\t\t<div class=\"elementor-element elementor-element-7b2a0d9 elementor-widget elementor-widget-image\" data-id=\"7b2a0d9\" data-element_type=\"widget\" data-e-type=\"widget\" data-widget_type=\"image.default\">\n\t\t\t\t<div class=\"elementor-widget-container\">\n\t\t\t\t\t\t\t\t\t\t\t\t\t\t\t\t<a rel=\"noreferrer noopener\" href=\"https:\/\/www.gerontim.com\/wp-content\/uploads\/2021\/03\/photo-salle-formation-gerontim.jpg\" data-elementor-open-lightbox=\"yes\" data-elementor-lightbox-title=\"Salle de r\u00e9union locaux Gerontim Francheville\" data-e-action-hash=\"#elementor-action%3Aaction%3Dlightbox%26settings%3DeyJpZCI6ODc5OSwidXJsIjoiaHR0cHM6XC9cL3d3dy5nZXJvbnRpbS5jb21cL3dwLWNvbnRlbnRcL3VwbG9hZHNcLzIwMjFcLzAzXC9waG90by1zYWxsZS1mb3JtYXRpb24tZ2Vyb250aW0uanBnIn0%3D\">\n\t\t\t\t\t\t\t<img decoding=\"async\" width=\"300\" height=\"225\" src=\"https:\/\/www.gerontim.com\/wp-content\/uploads\/2021\/03\/photo-salle-formation-gerontim-300x225.jpg\" class=\"attachment-medium size-medium wp-image-8799\" alt=\"Salle de r\u00e9union locaux Gerontim Francheville\" srcset=\"https:\/\/www.gerontim.com\/wp-content\/uploads\/2021\/03\/photo-salle-formation-gerontim-300x225.jpg 300w, https:\/\/www.gerontim.com\/wp-content\/uploads\/2021\/03\/photo-salle-formation-gerontim.jpg 700w\" sizes=\"(max-width: 300px) 100vw, 300px\" \/>\t\t\t\t\t\t\t\t<\/a>\n\t\t\t\t\t\t\t\t\t\t\t\t\t\t\t<\/div>\n\t\t\t\t<\/div>\n\t\t\t\t\t<\/div>\n\t\t<\/div>\n\t\t\t\t<div class=\"elementor-column elementor-col-50 elementor-top-column elementor-element elementor-element-0cc2e7c\" data-id=\"0cc2e7c\" data-element_type=\"column\" data-e-type=\"column\">\n\t\t\t<div class=\"elementor-widget-wrap elementor-element-populated\">\n\t\t\t\t\t\t<div class=\"elementor-element elementor-element-d877d65 elementor-widget elementor-widget-text-editor\" data-id=\"d877d65\" data-element_type=\"widget\" data-e-type=\"widget\" data-widget_type=\"text-editor.default\">\n\t\t\t\t<div class=\"elementor-widget-container\">\n\t\t\t\t\t\t\t\t\t<p>Notre nouvel espace de travail poss\u00e8de quelques atouts :<\/p><ul><li>1 espace d\u2019accueil chaleureux<\/li><li>2 grandes salles de r\u00e9union et de formation<\/li><li>2 terrasses privatives<\/li><\/ul>\t\t\t\t\t\t\t\t<\/div>\n\t\t\t\t<\/div>\n\t\t\t\t\t<\/div>\n\t\t<\/div>\n\t\t\t\t\t<\/div>\n\t\t<\/section>\n\t\t\t\t<section class=\"elementor-section elementor-top-section elementor-element elementor-element-fa71806 elementor-section-stretched actu-texte elementor-section-boxed elementor-section-height-default elementor-section-height-default\" data-id=\"fa71806\" data-element_type=\"section\" data-e-type=\"section\" data-settings=\"{&quot;stretch_section&quot;:&quot;section-stretched&quot;}\">\n\t\t\t\t\t\t<div class=\"elementor-container elementor-column-gap-default\">\n\t\t\t\t\t<div class=\"elementor-column elementor-col-100 elementor-top-column elementor-element elementor-element-794cd5d\" data-id=\"794cd5d\" data-element_type=\"column\" data-e-type=\"column\">\n\t\t\t<div class=\"elementor-widget-wrap elementor-element-populated\">\n\t\t\t\t\t\t<div class=\"elementor-element elementor-element-15479d2 elementor-widget elementor-widget-text-editor\" data-id=\"15479d2\" data-element_type=\"widget\" data-e-type=\"widget\" data-widget_type=\"text-editor.default\">\n\t\t\t\t<div class=\"elementor-widget-container\">\n\t\t\t\t\t\t\t\t\t<div>Lorsque le contexte nous le permettra, nous aurons le plaisir de vous accueillir pour \u00e9changer sur vos projets g\u00e9rontologiques \u00e0 notre nouvelle adresse :<\/div><div>\u00a0<\/div><div>Immeuble Catilina, 3 chemin du Torey, 69340 Francheville<\/div><div>\u00a0<\/div><p>En attendant cela, toute notre \u00e9quipe reste mobilis\u00e9e pour vous accompagner sur vos projets <a href=\"https:\/\/www.gerontim.com\/fr\/prestations\/projets-architecturaux\/\">architecturaux<\/a>, <a href=\"https:\/\/www.gerontim.com\/fr\/prestations\/projets-strategiques\/\">strat\u00e9giques<\/a> et <a href=\"https:\/\/www.gerontim.com\/fr\/prestations\/projets-organisationnels\/\">organisationnels<\/a>.<\/p>\t\t\t\t\t\t\t\t<\/div>\n\t\t\t\t<\/div>\n\t\t\t\t\t<\/div>\n\t\t<\/div>\n\t\t\t\t\t<\/div>\n\t\t<\/section>\n\t\t\t\t<section class=\"elementor-section elementor-top-section elementor-element elementor-element-9ad4da8 elementor-section-stretched elementor-section-full_width noprint elementor-section-height-default elementor-section-height-default\" data-id=\"9ad4da8\" data-element_type=\"section\" data-e-type=\"section\" id=\"cta-demarrer\" data-settings=\"{&quot;stretch_section&quot;:&quot;section-stretched&quot;}\">\n\t\t\t\t\t\t<div class=\"elementor-container elementor-column-gap-no\">\n\t\t\t\t\t<div class=\"elementor-column elementor-col-100 elementor-top-column elementor-element elementor-element-3b28be0\" data-id=\"3b28be0\" data-element_type=\"column\" data-e-type=\"column\">\n\t\t\t<div class=\"elementor-widget-wrap elementor-element-populated\">\n\t\t\t\t\t\t<div class=\"elementor-element elementor-element-e40d15f elementor-cta--skin-classic elementor-animated-content elementor-bg-transform elementor-bg-transform-zoom-in elementor-widget elementor-widget-call-to-action\" data-id=\"e40d15f\" data-element_type=\"widget\" data-e-type=\"widget\" data-widget_type=\"call-to-action.default\">\n\t\t\t\t<div class=\"elementor-widget-container\">\n\t\t\t\t\t\t\t<div class=\"elementor-cta\">\n\t\t\t\t\t\t\t<div class=\"elementor-cta__content\">\n\t\t\t\t\t\t\t\t\t<div class=\"elementor-content-item elementor-cta__content-item elementor-icon-wrapper elementor-cta__icon elementor-view-default\">\n\t\t\t\t\t\t<div class=\"elementor-icon\">\n\t\t\t\t\t\t\t<i aria-hidden=\"true\" class=\"fas fa-trophy\"><\/i>\t\t\t\t\t\t<\/div>\n\t\t\t\t\t<\/div>\n\t\t\t\t\n\t\t\t\t\t\t\t\t\t<h3 class=\"elementor-cta__title elementor-cta__content-item elementor-content-item\">\n\t\t\t\t\t\tVous avez un projet ?\t\t\t\t\t<\/h3>\n\t\t\t\t\n\t\t\t\t\t\t\t\t\t<div class=\"elementor-cta__description elementor-cta__content-item elementor-content-item\">\n\t\t\t\t\t\tContactez-nous afin de nous expliquer vos attentes et d\u00e9finir ensemble une prestation sur-mesure !\t\t\t\t\t<\/div>\n\t\t\t\t\n\t\t\t\t\t\t\t\t\t<div class=\"elementor-cta__button-wrapper elementor-cta__content-item elementor-content-item \">\n\t\t\t\t\t<a class=\"elementor-cta__button elementor-button elementor-size-\" href=\"https:\/\/www.gerontim.com\/fr\/contact\/\">\n\t\t\t\t\t\tDEMARRER L'AVENTURE !\t\t\t\t\t<\/a>\n\t\t\t\t\t<\/div>\n\t\t\t\t\t\t\t<\/div>\n\t\t\t\t\t\t<\/div>\n\t\t\t\t\t\t<\/div>\n\t\t\t\t<\/div>\n\t\t\t\t\t<\/div>\n\t\t<\/div>\n\t\t\t\t\t<\/div>\n\t\t<\/section>\n\t\t\t\t<aside class=\"elementor-section elementor-top-section elementor-element elementor-element-678ddad elementor-section-height-min-height noprint elementor-section-boxed elementor-section-height-default elementor-section-items-middle\" data-id=\"678ddad\" data-element_type=\"section\" data-e-type=\"section\">\n\t\t\t\t\t\t\t<div class=\"elementor-background-overlay\"><\/div>\n\t\t\t\t\t\t\t<div class=\"elementor-container elementor-column-gap-default\">\n\t\t\t\t\t<div class=\"elementor-column elementor-col-100 elementor-top-column elementor-element elementor-element-b397d7d\" data-id=\"b397d7d\" data-element_type=\"column\" data-e-type=\"column\">\n\t\t\t<div class=\"elementor-widget-wrap elementor-element-populated\">\n\t\t\t\t\t\t<div class=\"elementor-section elementor-inner-section elementor-element elementor-element-3cfdea7 elementor-section-boxed elementor-section-height-default elementor-section-height-default\" data-id=\"3cfdea7\" data-element_type=\"section\" data-e-type=\"section\">\n\t\t\t\t\t\t<div class=\"elementor-container elementor-column-gap-default\">\n\t\t\t\t\t<div class=\"elementor-column elementor-col-100 elementor-inner-column elementor-element elementor-element-f9df906\" data-id=\"f9df906\" data-element_type=\"column\" data-e-type=\"column\">\n\t\t\t<div class=\"elementor-widget-wrap elementor-element-populated\">\n\t\t\t\t\t\t<div class=\"elementor-element elementor-element-17b53d7 title-h3 elementor-widget elementor-widget-heading\" data-id=\"17b53d7\" data-element_type=\"widget\" data-e-type=\"widget\" data-widget_type=\"heading.default\">\n\t\t\t\t<div class=\"elementor-widget-container\">\n\t\t\t\t\t<h2 class=\"elementor-heading-title elementor-size-default\">D\u00e9couvrez d\u2019autres actualit\u00e9s<br> sur le <strong>cabinet Gerontim<\/strong><\/h2>\t\t\t\t<\/div>\n\t\t\t\t<\/div>\n\t\t\t\t\t<\/div>\n\t\t<\/div>\n\t\t\t\t\t<\/div>\n\t\t<\/div>\n\t\t\t\t<div class=\"elementor-element elementor-element-2d7770a uael-post__link-complete-yes uael-post__arrow-outside elementor-widget elementor-widget-uael-posts\" data-id=\"2d7770a\" data-element_type=\"widget\" data-e-type=\"widget\" data-settings=\"{&quot;event_slides_to_show&quot;:3,&quot;event_slides_to_show_tablet&quot;:2,&quot;event_slides_to_show_mobile&quot;:1}\" data-widget_type=\"uael-posts.event\">\n\t\t\t\t<div class=\"elementor-widget-container\">\n\t\t\t\t\t\t\t<div class=\"uael-post__header\">\n\t\t\t\t\t<\/div>\n\t\t<div class=\"uael-post__body\">\n\t\t\t\n\t\t\n\t\t<div class=\"uael-post-grid uael-posts\" data-query-type=\"custom\" data-structure=\"carousel\" data-layout=\"\" data-page=\"8792\" data-skin=\"event\" data-filter-default=\"\" data-offset-top=\"30\" data-post_slider=\"{&quot;slidesToShow&quot;:3,&quot;slidesToScroll&quot;:1,&quot;autoplaySpeed&quot;:5000,&quot;autoplay&quot;:false,&quot;infinite&quot;:true,&quot;pauseOnHover&quot;:false,&quot;speed&quot;:500,&quot;arrows&quot;:true,&quot;dots&quot;:true,&quot;rtl&quot;:false,&quot;prevArrow&quot;:&quot;&lt;button type=\\&quot;button\\&quot; data-role=\\&quot;none\\&quot; class=\\&quot;slick-prev\\&quot; aria-label=\\&quot;Previous\\&quot; tabindex=\\&quot;0\\&quot; role=\\&quot;button\\&quot;&gt;&lt;i class=\\&quot;fa fa-angle-left\\&quot;&gt;&lt;\\\/i&gt;&lt;\\\/button&gt;&quot;,&quot;nextArrow&quot;:&quot;&lt;button type=\\&quot;button\\&quot; data-role=\\&quot;none\\&quot; class=\\&quot;slick-next\\&quot; aria-label=\\&quot;Next\\&quot; tabindex=\\&quot;0\\&quot; role=\\&quot;button\\&quot;&gt;&lt;i class=\\&quot;fa fa-angle-right\\&quot;&gt;&lt;\\\/i&gt;&lt;\\\/button&gt;&quot;,&quot;responsive&quot;:[{&quot;breakpoint&quot;:1024,&quot;settings&quot;:{&quot;slidesToShow&quot;:2,&quot;slidesToScroll&quot;:2}},{&quot;breakpoint&quot;:767,&quot;settings&quot;:{&quot;slidesToShow&quot;:1,&quot;slidesToScroll&quot;:1}}]}\" data-equal-height=\"yes\" data-post-count=\"10\">\n\n\t\t\t\t\t\t\t<div class=\"uael-post-grid__inner uael-post__columns-3 uael-post__columns-tablet-2 uael-post__columns-mobile-1\">\n\t\t\t\n\n<div class=\"uael-post-wrapper   actualit\u00e9s gerontim \">\n\t<div class=\"uael-post__bg-wrap uael-bg-wrap-disabled\">\n\n\t\t\t\t\t<a href=\"https:\/\/www.gerontim.com\/fr\/articles\/actus\/agora-grand-age-2026\/\" target=\"_self\" class=\"uael-post__complete-box-overlay\" aria-label=\"Link Complete Box\"><\/a>\n\t\t\t\t\n\t\t<div class=\"uael-post__inner-wrap uael-inner-wrap-disabled\">\n\n\t\t\t\t<div class=\"uael-post__thumbnail \">\n\t\t\t\t\t\t<a target=\"_self\" href=\"https:\/\/www.gerontim.com\/fr\/articles\/actus\/agora-grand-age-2026\/\" title=\"Gerontim partenaire de la 2\u1d49 \u00e9dition de l\u2019Agora du Grand \u00c2ge\"><img decoding=\"async\" src=\"https:\/\/www.gerontim.com\/wp-content\/uploads\/elementor\/thumbs\/agora-du-grand-age-2026-1920x1180-1-rlxrrzz1ed0zf7r0gd56s233xh5athe1ybq7p7ep3o.jpg\" title=\"agora-du-grand-age-2026\" alt=\"L&#039;Agora du Grand \u00c2ge 2026\" loading=\"lazy\" \/><\/a>\n\t\t\t\t\t<div class=\"uael-post__datebox \">\n\t\t\t\t<div class=\"uael-post__date-wrap\">\n\t\t\t\t\t\t\t\t\t\t<span class='uael-post__date-month'>Avr<\/span><span class='uael-post__date-day'>13<\/span>\t\t\t\t<\/div>\t\t\t\t\n\t\t\t<\/div>\n\t\t<\/div>\n\t\t\n\t\t\t\n\t\t\t<div class=\"uael-post__content-wrap uael-content-wrap-disabled\">\n\n\t\t\t\t\t<h3 class=\"uael-post__title\">\n\n\t\t\n\t\t\t\t\t\t<a href=\"https:\/\/www.gerontim.com\/fr\/articles\/actus\/agora-grand-age-2026\/\" target=\"_self\">\n\t\t\t\tGerontim partenaire de la 2\u1d49 \u00e9dition de l\u2019Agora du Grand \u00c2ge\t\t\t<\/a>\n\n\t\t\t\t<\/h3>\n\t\t\t\t\t<div class=\"uael-post__meta-data\">\n\t\t\t\t\t<span class=\"uael-post__date\">\n\t\t\t\t\t\t\t\t\t\t\t\t\t<i aria-hidden=\"true\" class=\"fa fa-calendar\"><\/i>\t\t\t\t\t\t\t\t\t\n\t\t\tavril 13, 2026\t\t<\/span>\n\t\t\t\t<\/div>\n\t\t\n\t\t<div class=\"uael-post__excerpt\">\n\t\t\tLe cabinet Gerontim est partenaire de l\u2019Agora du Grand \u00c2ge qui se d\u00e9roule les 17, 18 et 19 juin 2026 \u00e0 Lille Grand Palais.\t\t<\/div>\n\n\t\t\t\t\t<\/div>\n\t\t\t\n\t\t<\/div>\n\t\t\n\n\t<\/div>\n\n<\/div>\n\n\n<div class=\"uael-post-wrapper   actualit\u00e9s gerontim \">\n\t<div class=\"uael-post__bg-wrap uael-bg-wrap-disabled\">\n\n\t\t\t\t\t<a href=\"https:\/\/www.gerontim.com\/fr\/articles\/actus\/congres-age-3-2026\/\" target=\"_self\" class=\"uael-post__complete-box-overlay\" aria-label=\"Link Complete Box\"><\/a>\n\t\t\t\t\n\t\t<div class=\"uael-post__inner-wrap uael-inner-wrap-disabled\">\n\n\t\t\t\t<div class=\"uael-post__thumbnail \">\n\t\t\t\t\t\t<a target=\"_self\" href=\"https:\/\/www.gerontim.com\/fr\/articles\/actus\/congres-age-3-2026\/\" title=\"Congr\u00e8s Age 3 2026 : d\u00e9passons les id\u00e9es re\u00e7ues !\"><img decoding=\"async\" src=\"https:\/\/www.gerontim.com\/wp-content\/uploads\/elementor\/thumbs\/logo-salon-age-3-q90jv02lcoh783wfpylvbtt3h56ui8umpbee4zp3mc.jpg\" title=\"Logo salon Age 3\" alt=\"Logo salon Age 3\" loading=\"lazy\" \/><\/a>\n\t\t\t\t\t<div class=\"uael-post__datebox \">\n\t\t\t\t<div class=\"uael-post__date-wrap\">\n\t\t\t\t\t\t\t\t\t\t<span class='uael-post__date-month'>F\u00e9v<\/span><span class='uael-post__date-day'>02<\/span>\t\t\t\t<\/div>\t\t\t\t\n\t\t\t<\/div>\n\t\t<\/div>\n\t\t\n\t\t\t\n\t\t\t<div class=\"uael-post__content-wrap uael-content-wrap-disabled\">\n\n\t\t\t\t\t<h3 class=\"uael-post__title\">\n\n\t\t\n\t\t\t\t\t\t<a href=\"https:\/\/www.gerontim.com\/fr\/articles\/actus\/congres-age-3-2026\/\" target=\"_self\">\n\t\t\t\tCongr\u00e8s Age 3 2026 : d\u00e9passons les id\u00e9es re\u00e7ues !\t\t\t<\/a>\n\n\t\t\t\t<\/h3>\n\t\t\t\t\t<div class=\"uael-post__meta-data\">\n\t\t\t\t\t<span class=\"uael-post__date\">\n\t\t\t\t\t\t\t\t\t\t\t\t\t<i aria-hidden=\"true\" class=\"fa fa-calendar\"><\/i>\t\t\t\t\t\t\t\t\t\n\t\t\tf\u00e9vrier 2, 2026\t\t<\/span>\n\t\t\t\t<\/div>\n\t\t\n\t\t<div class=\"uael-post__excerpt\">\n\t\t\tLes Congr\u00e8s Age 3 reviennent en 2026 avec une ambition forte : changer le regard port\u00e9 sur le grand \u00e2ge et sur celles et ceux qui l\u2019accompagnent au quotidien. \u00c0 cette occasion, le Cabinet Gerontim participera \u00e0 9 \u00e9ditions partout en France, pour \u00e9changer avec les professionnels du secteur et ...\t\t<\/div>\n\n\t\t\t\t\t<\/div>\n\t\t\t\n\t\t<\/div>\n\t\t\n\n\t<\/div>\n\n<\/div>\n\n\n<div class=\"uael-post-wrapper   actualit\u00e9s gerontim \">\n\t<div class=\"uael-post__bg-wrap uael-bg-wrap-disabled\">\n\n\t\t\t\t\t<a href=\"https:\/\/www.gerontim.com\/fr\/articles\/actus\/renouvellement-qualification-opqcm\/\" target=\"_self\" class=\"uael-post__complete-box-overlay\" aria-label=\"Link Complete Box\"><\/a>\n\t\t\t\t\n\t\t<div class=\"uael-post__inner-wrap uael-inner-wrap-disabled\">\n\n\t\t\t\t<div class=\"uael-post__thumbnail \">\n\t\t\t\t\t\t<a target=\"_self\" href=\"https:\/\/www.gerontim.com\/fr\/articles\/actus\/renouvellement-qualification-opqcm\/\" title=\"Gerontim renouvelle sa qualification OPQCM\"><img decoding=\"async\" src=\"https:\/\/www.gerontim.com\/wp-content\/uploads\/elementor\/thumbs\/qualification-opqcm-rfyf35ytn0i3kxh0xq1g9o6k9zwxl3b2p999fp2cno.png\" title=\"qualification-opqcm\" alt=\"Logo qualification OPQCM\" loading=\"lazy\" \/><\/a>\n\t\t\t\t\t<div class=\"uael-post__datebox \">\n\t\t\t\t<div class=\"uael-post__date-wrap\">\n\t\t\t\t\t\t\t\t\t\t<span class='uael-post__date-month'>D\u00e9c<\/span><span class='uael-post__date-day'>10<\/span>\t\t\t\t<\/div>\t\t\t\t\n\t\t\t<\/div>\n\t\t<\/div>\n\t\t\n\t\t\t\n\t\t\t<div class=\"uael-post__content-wrap uael-content-wrap-disabled\">\n\n\t\t\t\t\t<h3 class=\"uael-post__title\">\n\n\t\t\n\t\t\t\t\t\t<a href=\"https:\/\/www.gerontim.com\/fr\/articles\/actus\/renouvellement-qualification-opqcm\/\" target=\"_self\">\n\t\t\t\tGerontim renouvelle sa qualification OPQCM\t\t\t<\/a>\n\n\t\t\t\t<\/h3>\n\t\t\t\t\t<div class=\"uael-post__meta-data\">\n\t\t\t\t\t<span class=\"uael-post__date\">\n\t\t\t\t\t\t\t\t\t\t\t\t\t<i aria-hidden=\"true\" class=\"fa fa-calendar\"><\/i>\t\t\t\t\t\t\t\t\t\n\t\t\td\u00e9cembre 10, 2025\t\t<\/span>\n\t\t\t\t<\/div>\n\t\t\n\t\t<div class=\"uael-post__excerpt\">\n\t\t\tGerontim renouvelle sa qualification OPQCM dans les domaines \u00ab Management strat\u00e9gique \u00bb et \u00ab Management op\u00e9rationnel \u00bb. Cette certification, gage de confiance et de qualit\u00e9, confirme le professionnalisme de notre cabinet.\t\t<\/div>\n\n\t\t\t\t\t<\/div>\n\t\t\t\n\t\t<\/div>\n\t\t\n\n\t<\/div>\n\n<\/div>\n\n\n<div class=\"uael-post-wrapper   actualit\u00e9s gerontim \">\n\t<div class=\"uael-post__bg-wrap uael-bg-wrap-disabled\">\n\n\t\t\t\t\t<a href=\"https:\/\/www.gerontim.com\/fr\/articles\/actus\/approche-domiciliaire-ehpad-article-hospimedia\/\" target=\"_self\" class=\"uael-post__complete-box-overlay\" aria-label=\"Link Complete Box\"><\/a>\n\t\t\t\t\n\t\t<div class=\"uael-post__inner-wrap uael-inner-wrap-disabled\">\n\n\t\t\t\t<div class=\"uael-post__thumbnail \">\n\t\t\t\t\t\t<a target=\"_self\" href=\"https:\/\/www.gerontim.com\/fr\/articles\/actus\/approche-domiciliaire-ehpad-article-hospimedia\/\" title=\"L&rsquo;approche domiciliaire des EHPAD est aussi un enjeu d\u2019attractivit\u00e9 des personnels | HOSPIMEDIA\"><img decoding=\"async\" src=\"https:\/\/www.gerontim.com\/wp-content\/uploads\/elementor\/thumbs\/approche-domiciliaire-ehpad-enjeu-attractivite-personnels-rcibcpt7xoshzgakif308ozh605mu1tc4uj269u45w.jpg\" title=\"MAISON RETRAITE\" alt=\"L&#039;approche domiciliaire des ehpad est aussi un enjeu d&#039;attractivit\u00e9 des personnels.jpg\" loading=\"lazy\" \/><\/a>\n\t\t\t\t\t<div class=\"uael-post__datebox \">\n\t\t\t\t<div class=\"uael-post__date-wrap\">\n\t\t\t\t\t\t\t\t\t\t<span class='uael-post__date-month'>Oct<\/span><span class='uael-post__date-day'>01<\/span>\t\t\t\t<\/div>\t\t\t\t\n\t\t\t<\/div>\n\t\t<\/div>\n\t\t\n\t\t\t\n\t\t\t<div class=\"uael-post__content-wrap uael-content-wrap-disabled\">\n\n\t\t\t\t\t<h3 class=\"uael-post__title\">\n\n\t\t\n\t\t\t\t\t\t<a href=\"https:\/\/www.gerontim.com\/fr\/articles\/actus\/approche-domiciliaire-ehpad-article-hospimedia\/\" target=\"_self\">\n\t\t\t\tL&rsquo;approche domiciliaire des EHPAD est aussi un enjeu d\u2019attractivit\u00e9 des personnels | HOSPIMEDIA\t\t\t<\/a>\n\n\t\t\t\t<\/h3>\n\t\t\t\t\t<div class=\"uael-post__meta-data\">\n\t\t\t\t\t<span class=\"uael-post__date\">\n\t\t\t\t\t\t\t\t\t\t\t\t\t<i aria-hidden=\"true\" class=\"fa fa-calendar\"><\/i>\t\t\t\t\t\t\t\t\t\n\t\t\toctobre 1, 2025\t\t<\/span>\n\t\t\t\t<\/div>\n\t\t\n\t\t<div class=\"uael-post__excerpt\">\n\t\t\tHospimedia consacre un article \u00e0 notre vision : transformer les EHPAD en v\u00e9ritables lieux de vie gr\u00e2ce \u00e0 l\u2019approche domiciliaire.\t\t<\/div>\n\n\t\t\t\t\t<\/div>\n\t\t\t\n\t\t<\/div>\n\t\t\n\n\t<\/div>\n\n<\/div>\n\n\n<div class=\"uael-post-wrapper   actualit\u00e9s gerontim \">\n\t<div class=\"uael-post__bg-wrap uael-bg-wrap-disabled\">\n\n\t\t\t\t\t<a href=\"https:\/\/www.gerontim.com\/fr\/articles\/actus\/agora-grand-age-2025\/\" target=\"_self\" class=\"uael-post__complete-box-overlay\" aria-label=\"Link Complete Box\"><\/a>\n\t\t\t\t\n\t\t<div class=\"uael-post__inner-wrap uael-inner-wrap-disabled\">\n\n\t\t\t\t<div class=\"uael-post__thumbnail \">\n\t\t\t\t\t\t<a target=\"_self\" href=\"https:\/\/www.gerontim.com\/fr\/articles\/actus\/agora-grand-age-2025\/\" title=\"Gerontim est partenaire de l&rsquo;Agora du Grand \u00c2ge 2025\"><img decoding=\"async\" src=\"https:\/\/www.gerontim.com\/wp-content\/uploads\/elementor\/thumbs\/agora-du-grand-age-2025-1920x1180-1-r420ljb8mydjn0fq7t18fdyjmfiacckc4qgr75x0gk.jpg\" title=\"agora-du-grand-age-2025-1920&#215;1180\" alt=\"Banni\u00e8re Agora du Grand \u00c2ge 2025\" loading=\"lazy\" \/><\/a>\n\t\t\t\t\t<div class=\"uael-post__datebox \">\n\t\t\t\t<div class=\"uael-post__date-wrap\">\n\t\t\t\t\t\t\t\t\t\t<span class='uael-post__date-month'>Avr<\/span><span class='uael-post__date-day'>08<\/span>\t\t\t\t<\/div>\t\t\t\t\n\t\t\t<\/div>\n\t\t<\/div>\n\t\t\n\t\t\t\n\t\t\t<div class=\"uael-post__content-wrap uael-content-wrap-disabled\">\n\n\t\t\t\t\t<h3 class=\"uael-post__title\">\n\n\t\t\n\t\t\t\t\t\t<a href=\"https:\/\/www.gerontim.com\/fr\/articles\/actus\/agora-grand-age-2025\/\" target=\"_self\">\n\t\t\t\tGerontim est partenaire de l&rsquo;Agora du Grand \u00c2ge 2025\t\t\t<\/a>\n\n\t\t\t\t<\/h3>\n\t\t\t\t\t<div class=\"uael-post__meta-data\">\n\t\t\t\t\t<span class=\"uael-post__date\">\n\t\t\t\t\t\t\t\t\t\t\t\t\t<i aria-hidden=\"true\" class=\"fa fa-calendar\"><\/i>\t\t\t\t\t\t\t\t\t\n\t\t\tavril 8, 2025\t\t<\/span>\n\t\t\t\t<\/div>\n\t\t\n\t\t<div class=\"uael-post__excerpt\">\n\t\t\t Le cabinet Gerontim est partenaire de l\u2019Agora du Grand \u00c2ge qui se d\u00e9roule les 18, 19 et 20 juin 2025 \u00e0 Albi. Nous vous donnons rendez-vous sur notre stand pour rencontrer nos experts et \u00e9changer sur vos besoins d\u2019accompagnement !\t\t<\/div>\n\n\t\t\t\t\t<\/div>\n\t\t\t\n\t\t<\/div>\n\t\t\n\n\t<\/div>\n\n<\/div>\n\n\n<div class=\"uael-post-wrapper   actualit\u00e9s gerontim \">\n\t<div class=\"uael-post__bg-wrap uael-bg-wrap-disabled\">\n\n\t\t\t\t\t<a href=\"https:\/\/www.gerontim.com\/fr\/articles\/actus\/congres-age-3-2025\/\" target=\"_self\" class=\"uael-post__complete-box-overlay\" aria-label=\"Link Complete Box\"><\/a>\n\t\t\t\t\n\t\t<div class=\"uael-post__inner-wrap uael-inner-wrap-disabled\">\n\n\t\t\t\t<div class=\"uael-post__thumbnail \">\n\t\t\t\t\t\t<a target=\"_self\" href=\"https:\/\/www.gerontim.com\/fr\/articles\/actus\/congres-age-3-2025\/\" title=\"Congr\u00e8s Age 3 2025 : \u00e9changeons sur vos projets !\"><img decoding=\"async\" src=\"https:\/\/www.gerontim.com\/wp-content\/uploads\/elementor\/thumbs\/logo-salon-age-3-q90jv02lcoh783wfpylvbtt3h56ui8umpbee4zp3mc.jpg\" title=\"Logo salon Age 3\" alt=\"Logo salon Age 3\" loading=\"lazy\" \/><\/a>\n\t\t\t\t\t<div class=\"uael-post__datebox \">\n\t\t\t\t<div class=\"uael-post__date-wrap\">\n\t\t\t\t\t\t\t\t\t\t<span class='uael-post__date-month'>F\u00e9v<\/span><span class='uael-post__date-day'>03<\/span>\t\t\t\t<\/div>\t\t\t\t\n\t\t\t<\/div>\n\t\t<\/div>\n\t\t\n\t\t\t\n\t\t\t<div class=\"uael-post__content-wrap uael-content-wrap-disabled\">\n\n\t\t\t\t\t<h3 class=\"uael-post__title\">\n\n\t\t\n\t\t\t\t\t\t<a href=\"https:\/\/www.gerontim.com\/fr\/articles\/actus\/congres-age-3-2025\/\" target=\"_self\">\n\t\t\t\tCongr\u00e8s Age 3 2025 : \u00e9changeons sur vos projets !\t\t\t<\/a>\n\n\t\t\t\t<\/h3>\n\t\t\t\t\t<div class=\"uael-post__meta-data\">\n\t\t\t\t\t<span class=\"uael-post__date\">\n\t\t\t\t\t\t\t\t\t\t\t\t\t<i aria-hidden=\"true\" class=\"fa fa-calendar\"><\/i>\t\t\t\t\t\t\t\t\t\n\t\t\tf\u00e9vrier 3, 2025\t\t<\/span>\n\t\t\t\t<\/div>\n\t\t\n\t\t<div class=\"uael-post__excerpt\">\n\t\t\tLes \u00e9quipes Gerontim seront pr\u00e9sentes \u00e0 pas moins de 8 \u00e9ditions des Congr\u00e8s Age 3 en 2025. Nos experts vous donnent rendez-vous pour \u00e9changer avec eux.\t\t<\/div>\n\n\t\t\t\t\t<\/div>\n\t\t\t\n\t\t<\/div>\n\t\t\n\n\t<\/div>\n\n<\/div>\n\n\n<div class=\"uael-post-wrapper   actualit\u00e9s gerontim \">\n\t<div class=\"uael-post__bg-wrap uael-bg-wrap-disabled\">\n\n\t\t\t\t\t<a href=\"https:\/\/www.gerontim.com\/fr\/articles\/actus\/gerontim-aux-assises-nationales-ehpad-2024\/\" target=\"_self\" class=\"uael-post__complete-box-overlay\" aria-label=\"Link Complete Box\"><\/a>\n\t\t\t\t\n\t\t<div class=\"uael-post__inner-wrap uael-inner-wrap-disabled\">\n\n\t\t\t\t<div class=\"uael-post__thumbnail \">\n\t\t\t\t\t\t<a target=\"_self\" href=\"https:\/\/www.gerontim.com\/fr\/articles\/actus\/gerontim-aux-assises-nationales-ehpad-2024\/\" title=\"Retrouvez Gerontim aux Assises Nationales des EHPAD 2024\"><img decoding=\"async\" src=\"https:\/\/www.gerontim.com\/wp-content\/uploads\/elementor\/thumbs\/Banniere-assises-Ehpad-2024-news-qqirz27bxnuoh8wwk6e1m8s1tfo841b53o0ubbmg0k.png\" title=\"Banniere-assises-Ehpad-2024-news\" alt=\"Banniere assises nationales des Ehpad 2024\" loading=\"lazy\" \/><\/a>\n\t\t\t\t\t<div class=\"uael-post__datebox \">\n\t\t\t\t<div class=\"uael-post__date-wrap\">\n\t\t\t\t\t\t\t\t\t\t<span class='uael-post__date-month'>Juil<\/span><span class='uael-post__date-day'>02<\/span>\t\t\t\t<\/div>\t\t\t\t\n\t\t\t<\/div>\n\t\t<\/div>\n\t\t\n\t\t\t\n\t\t\t<div class=\"uael-post__content-wrap uael-content-wrap-disabled\">\n\n\t\t\t\t\t<h3 class=\"uael-post__title\">\n\n\t\t\n\t\t\t\t\t\t<a href=\"https:\/\/www.gerontim.com\/fr\/articles\/actus\/gerontim-aux-assises-nationales-ehpad-2024\/\" target=\"_self\">\n\t\t\t\tRetrouvez Gerontim aux Assises Nationales des EHPAD 2024\t\t\t<\/a>\n\n\t\t\t\t<\/h3>\n\t\t\t\t\t<div class=\"uael-post__meta-data\">\n\t\t\t\t\t<span class=\"uael-post__date\">\n\t\t\t\t\t\t\t\t\t\t\t\t\t<i aria-hidden=\"true\" class=\"fa fa-calendar\"><\/i>\t\t\t\t\t\t\t\t\t\n\t\t\tjuillet 2, 2024\t\t<\/span>\n\t\t\t\t<\/div>\n\t\t\n\t\t<div class=\"uael-post__excerpt\">\n\t\t\tLe cabinet Gerontim participe \u00e0 l\u2019\u00e9dition 2024 des Assises Nationales des EHPAD qui se d\u00e9roulent les 10 et 11 septembre \u00e0 la Maison de la Mutualit\u00e9 (Paris). Rendez-vous sur notre stand pour rencontrer nos \u00e9quipes et \u00e9changer sur vos attentes et besoins !\t\t<\/div>\n\n\t\t\t\t\t<\/div>\n\t\t\t\n\t\t<\/div>\n\t\t\n\n\t<\/div>\n\n<\/div>\n\n\n<div class=\"uael-post-wrapper   actualit\u00e9s gerontim \">\n\t<div class=\"uael-post__bg-wrap uael-bg-wrap-disabled\">\n\n\t\t\t\t\t<a href=\"https:\/\/www.gerontim.com\/fr\/articles\/actus\/rencontrez-gerontim-congres-age-3-2024\/\" target=\"_self\" class=\"uael-post__complete-box-overlay\" aria-label=\"Link Complete Box\"><\/a>\n\t\t\t\t\n\t\t<div class=\"uael-post__inner-wrap uael-inner-wrap-disabled\">\n\n\t\t\t\t<div class=\"uael-post__thumbnail \">\n\t\t\t\t\t\t<a target=\"_self\" href=\"https:\/\/www.gerontim.com\/fr\/articles\/actus\/rencontrez-gerontim-congres-age-3-2024\/\" title=\"Les experts Gerontim pr\u00e9sents aux Congr\u00e8s Age 3 2024\"><img decoding=\"async\" src=\"https:\/\/www.gerontim.com\/wp-content\/uploads\/elementor\/thumbs\/logo-salon-age-3-q90jv02lcoh783wfpylvbtt3h56ui8umpbee4zp3mc.jpg\" title=\"Logo salon Age 3\" alt=\"Logo salon Age 3\" loading=\"lazy\" \/><\/a>\n\t\t\t\t\t<div class=\"uael-post__datebox \">\n\t\t\t\t<div class=\"uael-post__date-wrap\">\n\t\t\t\t\t\t\t\t\t\t<span class='uael-post__date-month'>F\u00e9v<\/span><span class='uael-post__date-day'>08<\/span>\t\t\t\t<\/div>\t\t\t\t\n\t\t\t<\/div>\n\t\t<\/div>\n\t\t\n\t\t\t\n\t\t\t<div class=\"uael-post__content-wrap uael-content-wrap-disabled\">\n\n\t\t\t\t\t<h3 class=\"uael-post__title\">\n\n\t\t\n\t\t\t\t\t\t<a href=\"https:\/\/www.gerontim.com\/fr\/articles\/actus\/rencontrez-gerontim-congres-age-3-2024\/\" target=\"_self\">\n\t\t\t\tLes experts Gerontim pr\u00e9sents aux Congr\u00e8s Age 3 2024\t\t\t<\/a>\n\n\t\t\t\t<\/h3>\n\t\t\t\t\t<div class=\"uael-post__meta-data\">\n\t\t\t\t\t<span class=\"uael-post__date\">\n\t\t\t\t\t\t\t\t\t\t\t\t\t<i aria-hidden=\"true\" class=\"fa fa-calendar\"><\/i>\t\t\t\t\t\t\t\t\t\n\t\t\tf\u00e9vrier 8, 2024\t\t<\/span>\n\t\t\t\t<\/div>\n\t\t\n\t\t<div class=\"uael-post__excerpt\">\n\t\t\tLes \u00e9quipes Gerontim seront pr\u00e9sentes \u00e0 pas moins de 7 \u00e9ditions des Congr\u00e8s Age 3 en 2024. Nos experts vous donnent rendez-vous pour \u00e9changer avec vous durant deux Master Class d\u00e9di\u00e9es \u00e0 l\u2019architecture des EHPAD et \u00e0 la nouvelle \u00e9valuation m\u00e9dico-sociale.\t\t<\/div>\n\n\t\t\t\t\t<\/div>\n\t\t\t\n\t\t<\/div>\n\t\t\n\n\t<\/div>\n\n<\/div>\n\n\n<div class=\"uael-post-wrapper   actualit\u00e9s gerontim \">\n\t<div class=\"uael-post__bg-wrap uael-bg-wrap-disabled\">\n\n\t\t\t\t\t<a href=\"https:\/\/www.gerontim.com\/fr\/articles\/actus\/gerontim-salon-maires-collectivites-2023\/\" target=\"_self\" class=\"uael-post__complete-box-overlay\" aria-label=\"Link Complete Box\"><\/a>\n\t\t\t\t\n\t\t<div class=\"uael-post__inner-wrap uael-inner-wrap-disabled\">\n\n\t\t\t\t<div class=\"uael-post__thumbnail \">\n\t\t\t\t\t\t<a target=\"_self\" href=\"https:\/\/www.gerontim.com\/fr\/articles\/actus\/gerontim-salon-maires-collectivites-2023\/\" title=\"Rencontrez Gerontim au Salon des Maires et des Collectivit\u00e9s Locales 2023\"><img decoding=\"async\" src=\"https:\/\/www.gerontim.com\/wp-content\/uploads\/elementor\/thumbs\/logo-salon-maires-2020-560x370-1-q90j8fy1btlgl0o3g7k7hiqu88dprrajlnqvhx58yc.jpg\" title=\"Logo Salon des Maires 560&#215;370\" alt=\"Logo Salon des Maires 560x370\" loading=\"lazy\" \/><\/a>\n\t\t\t\t\t<div class=\"uael-post__datebox \">\n\t\t\t\t<div class=\"uael-post__date-wrap\">\n\t\t\t\t\t\t\t\t\t\t<span class='uael-post__date-month'>Oct<\/span><span class='uael-post__date-day'>19<\/span>\t\t\t\t<\/div>\t\t\t\t\n\t\t\t<\/div>\n\t\t<\/div>\n\t\t\n\t\t\t\n\t\t\t<div class=\"uael-post__content-wrap uael-content-wrap-disabled\">\n\n\t\t\t\t\t<h3 class=\"uael-post__title\">\n\n\t\t\n\t\t\t\t\t\t<a href=\"https:\/\/www.gerontim.com\/fr\/articles\/actus\/gerontim-salon-maires-collectivites-2023\/\" target=\"_self\">\n\t\t\t\tRencontrez Gerontim au Salon des Maires et des Collectivit\u00e9s Locales 2023\t\t\t<\/a>\n\n\t\t\t\t<\/h3>\n\t\t\t\t\t<div class=\"uael-post__meta-data\">\n\t\t\t\t\t<span class=\"uael-post__date\">\n\t\t\t\t\t\t\t\t\t\t\t\t\t<i aria-hidden=\"true\" class=\"fa fa-calendar\"><\/i>\t\t\t\t\t\t\t\t\t\n\t\t\toctobre 19, 2023\t\t<\/span>\n\t\t\t\t<\/div>\n\t\t\n\t\t<div class=\"uael-post__excerpt\">\n\t\t\tGerontim participe au Salon des Maires et des Collectivit\u00e9s Locales 2023, le rendez-vous annuel des \u00e9lus et acteurs territoriaux. Venez explorer les solutions aux d\u00e9fis de demain : vieillissement de la population, enjeux sociaux et transition \u00e9cologique.\t\t<\/div>\n\n\t\t\t\t\t<\/div>\n\t\t\t\n\t\t<\/div>\n\t\t\n\n\t<\/div>\n\n<\/div>\n\n\n<div class=\"uael-post-wrapper   actualit\u00e9s gerontim \">\n\t<div class=\"uael-post__bg-wrap uael-bg-wrap-disabled\">\n\n\t\t\t\t\t<a href=\"https:\/\/www.gerontim.com\/fr\/articles\/actus\/rencontrez-gerontim-congres-age-3-2023\/\" target=\"_self\" class=\"uael-post__complete-box-overlay\" aria-label=\"Link Complete Box\"><\/a>\n\t\t\t\t\n\t\t<div class=\"uael-post__inner-wrap uael-inner-wrap-disabled\">\n\n\t\t\t\t<div class=\"uael-post__thumbnail \">\n\t\t\t\t\t\t<a target=\"_self\" href=\"https:\/\/www.gerontim.com\/fr\/articles\/actus\/rencontrez-gerontim-congres-age-3-2023\/\" title=\"Congr\u00e8s Age 3 2023\u00a0: rencontrez les experts Gerontim\"><img decoding=\"async\" src=\"https:\/\/www.gerontim.com\/wp-content\/uploads\/elementor\/thumbs\/logo-salon-age-3-q90jv02lcoh783wfpylvbtt3h56ui8umpbee4zp3mc.jpg\" title=\"Logo salon Age 3\" alt=\"Logo salon Age 3\" loading=\"lazy\" \/><\/a>\n\t\t\t\t\t<div class=\"uael-post__datebox \">\n\t\t\t\t<div class=\"uael-post__date-wrap\">\n\t\t\t\t\t\t\t\t\t\t<span class='uael-post__date-month'>F\u00e9v<\/span><span class='uael-post__date-day'>28<\/span>\t\t\t\t<\/div>\t\t\t\t\n\t\t\t<\/div>\n\t\t<\/div>\n\t\t\n\t\t\t\n\t\t\t<div class=\"uael-post__content-wrap uael-content-wrap-disabled\">\n\n\t\t\t\t\t<h3 class=\"uael-post__title\">\n\n\t\t\n\t\t\t\t\t\t<a href=\"https:\/\/www.gerontim.com\/fr\/articles\/actus\/rencontrez-gerontim-congres-age-3-2023\/\" target=\"_self\">\n\t\t\t\tCongr\u00e8s Age 3 2023\u00a0: rencontrez les experts Gerontim\t\t\t<\/a>\n\n\t\t\t\t<\/h3>\n\t\t\t\t\t<div class=\"uael-post__meta-data\">\n\t\t\t\t\t<span class=\"uael-post__date\">\n\t\t\t\t\t\t\t\t\t\t\t\t\t<i aria-hidden=\"true\" class=\"fa fa-calendar\"><\/i>\t\t\t\t\t\t\t\t\t\n\t\t\tf\u00e9vrier 28, 2023\t\t<\/span>\n\t\t\t\t<\/div>\n\t\t\n\t\t<div class=\"uael-post__excerpt\">\n\t\t\tRetrouvez l\u2019\u00e9quipe Gerontim sur 7 \u00e9ditions des Congr\u00e8s Age 3 2023. Nos experts seront ravis de vous conseiller sur vos projets g\u00e9rontologiques, et d\u2019\u00e9changer avec vous durant deux Master Class in\u00e9dites d\u00e9di\u00e9es \u00e0 l\u2019architecture des EHPAD et \u00e0 la lutte contre le gaspillage alimentaire.\t\t<\/div>\n\n\t\t\t\t\t<\/div>\n\t\t\t\n\t\t<\/div>\n\t\t\n\n\t<\/div>\n\n<\/div>\n\t\t\t\t<\/div>\n\t\t\t\t\t\t\n\t\t<\/div>\n\n\t\t\t\t\t\t<\/div>\n\t\t<div class=\"uael-post__footer\">\n\t\t\t\t\t<\/div>\n\t\t\t\t\t\t<\/div>\n\t\t\t\t<\/div>\n\t\t\t\t\t<\/div>\n\t\t<\/div>\n\t\t\t\t\t<\/div>\n\t\t<\/aside>\n\t\t\t\t<\/div>\n\t\t","protected":false},"excerpt":{"rendered":"<p>Gerontim d\u00e9marre une nouvelle aventure \u00e0 Francheville (69340), dans des bureaux neufs de 560 m\u00b2 ! Un lieu spacieux et accueillant d\u00e9di\u00e9 \u00e0 nos clients et \u00e0 l\u2019ensemble de nos collaborateurs.<\/p>\n","protected":false},"author":11,"featured_media":8805,"comment_status":"closed","ping_status":"closed","sticky":false,"template":"","format":"standard","meta":{"site-sidebar-layout":"default","site-content-layout":"default","ast-site-content-layout":"default","site-content-style":"default","site-sidebar-style":"default","ast-global-header-display":"","ast-banner-title-visibility":"","ast-main-header-display":"","ast-hfb-above-header-display":"","ast-hfb-below-header-display":"","ast-hfb-mobile-header-display":"","site-post-title":"","ast-breadcrumbs-content":"","ast-featured-img":"","footer-sml-layout":"","ast-disable-related-posts":"","theme-transparent-header-meta":"default","adv-header-id-meta":"","stick-header-meta":"default","header-above-stick-meta":"","header-main-stick-meta":"","header-below-stick-meta":"","astra-migrate-meta-layouts":"default","ast-page-background-enabled":"default","ast-page-background-meta":{"desktop":{"background-color":"","background-image":"","background-repeat":"repeat","background-position":"center center","background-size":"auto","background-attachment":"scroll","background-type":"","background-media":"","overlay-type":"","overlay-color":"","overlay-opacity":"","overlay-gradient":""},"tablet":{"background-color":"","background-image":"","background-repeat":"repeat","background-position":"center center","background-size":"auto","background-attachment":"scroll","background-type":"","background-media":"","overlay-type":"","overlay-color":"","overlay-opacity":"","overlay-gradient":""},"mobile":{"background-color":"","background-image":"","background-repeat":"repeat","background-position":"center center","background-size":"auto","background-attachment":"scroll","background-type":"","background-media":"","overlay-type":"","overlay-color":"","overlay-opacity":"","overlay-gradient":""}},"ast-content-background-meta":{"desktop":{"background-color":"var(--ast-global-color-5)","background-image":"","background-repeat":"repeat","background-position":"center center","background-size":"auto","background-attachment":"scroll","background-type":"","background-media":"","overlay-type":"","overlay-color":"","overlay-opacity":"","overlay-gradient":""},"tablet":{"background-color":"var(--ast-global-color-5)","background-image":"","background-repeat":"repeat","background-position":"center center","background-size":"auto","background-attachment":"scroll","background-type":"","background-media":"","overlay-type":"","overlay-color":"","overlay-opacity":"","overlay-gradient":""},"mobile":{"background-color":"var(--ast-global-color-5)","background-image":"","background-repeat":"repeat","background-position":"center center","background-size":"auto","background-attachment":"scroll","background-type":"","background-media":"","overlay-type":"","overlay-color":"","overlay-opacity":"","overlay-gradient":""}},"footnotes":""},"categories":[23,77],"tags":[],"class_list":["post-8792","post","type-post","status-publish","format-standard","has-post-thumbnail","hentry","category-actus","category-gerontim"],"yoast_head":"<!-- This site is optimized with the Yoast SEO plugin v27.4 - https:\/\/yoast.com\/product\/yoast-seo-wordpress\/ -->\n<title>Gerontim change d\u2019adresse et d\u00e9m\u00e9nage \u00e0 Francheville | Actualit\u00e9s<\/title>\n<meta name=\"description\" content=\"Gerontim change d\u2019adresse. Depuis peu, toute notre \u00e9quipe a d\u00e9m\u00e9nag\u00e9 \u00e0 Francheville (69340), dans des locaux neufs et plus spacieux. Cliquez pour d\u00e9couvrir nos nouveaux bureaux.\" \/>\n<meta name=\"robots\" content=\"index, follow, max-snippet:-1, max-image-preview:large, max-video-preview:-1\" \/>\n<link rel=\"canonical\" href=\"https:\/\/www.gerontim.com\/fr\/articles\/actus\/gerontim-nouvelle-adresse-francheville\/\" \/>\n<meta property=\"og:locale\" content=\"fr_FR\" \/>\n<meta property=\"og:type\" content=\"article\" \/>\n<meta property=\"og:title\" content=\"Gerontim change d\u2019adresse et d\u00e9m\u00e9nage \u00e0 Francheville | Actualit\u00e9s\" \/>\n<meta property=\"og:description\" content=\"Gerontim change d\u2019adresse. Depuis peu, toute notre \u00e9quipe a d\u00e9m\u00e9nag\u00e9 \u00e0 Francheville (69340), dans des locaux neufs et plus spacieux. Cliquez pour d\u00e9couvrir nos nouveaux bureaux.\" \/>\n<meta property=\"og:url\" content=\"https:\/\/www.gerontim.com\/fr\/articles\/actus\/gerontim-nouvelle-adresse-francheville\/\" \/>\n<meta property=\"og:site_name\" content=\"Gerontim\" \/>\n<meta property=\"article:published_time\" content=\"2021-03-11T15:09:27+00:00\" \/>\n<meta property=\"article:modified_time\" content=\"2023-03-06T09:08:57+00:00\" \/>\n<meta property=\"og:image\" content=\"https:\/\/www.gerontim.com\/wp-content\/uploads\/2021\/03\/photo-immeuble-catilina-560x370-1.jpg\" \/>\n\t<meta property=\"og:image:width\" content=\"560\" \/>\n\t<meta property=\"og:image:height\" content=\"370\" \/>\n\t<meta property=\"og:image:type\" content=\"image\/jpeg\" \/>\n<meta name=\"author\" content=\"Romane\" \/>\n<meta name=\"twitter:card\" content=\"summary_large_image\" \/>\n<meta name=\"twitter:creator\" content=\"@Gerontim\" \/>\n<meta name=\"twitter:site\" content=\"@Gerontim\" \/>\n<meta name=\"twitter:label1\" content=\"\u00c9crit par\" \/>\n\t<meta name=\"twitter:data1\" content=\"Romane\" \/>\n\t<meta name=\"twitter:label2\" content=\"Dur\u00e9e de lecture estim\u00e9e\" \/>\n\t<meta name=\"twitter:data2\" content=\"5 minutes\" \/>\n<script type=\"application\/ld+json\" class=\"yoast-schema-graph\">{\"@context\":\"https:\\\/\\\/schema.org\",\"@graph\":[{\"@type\":\"Article\",\"@id\":\"https:\\\/\\\/www.gerontim.com\\\/fr\\\/articles\\\/actus\\\/gerontim-nouvelle-adresse-francheville\\\/#article\",\"isPartOf\":{\"@id\":\"https:\\\/\\\/www.gerontim.com\\\/fr\\\/articles\\\/actus\\\/gerontim-nouvelle-adresse-francheville\\\/\"},\"author\":{\"name\":\"Romane\",\"@id\":\"https:\\\/\\\/www.gerontim.com\\\/fr\\\/#\\\/schema\\\/person\\\/6eafd9f7cebdfc20b8bae27deb6d6b6a\"},\"headline\":\"D\u00e9m\u00e9nagement Gerontim : nouvelle adresse \u00e0 Francheville\",\"datePublished\":\"2021-03-11T15:09:27+00:00\",\"dateModified\":\"2023-03-06T09:08:57+00:00\",\"mainEntityOfPage\":{\"@id\":\"https:\\\/\\\/www.gerontim.com\\\/fr\\\/articles\\\/actus\\\/gerontim-nouvelle-adresse-francheville\\\/\"},\"wordCount\":582,\"publisher\":{\"@id\":\"https:\\\/\\\/www.gerontim.com\\\/fr\\\/#organization\"},\"image\":{\"@id\":\"https:\\\/\\\/www.gerontim.com\\\/fr\\\/articles\\\/actus\\\/gerontim-nouvelle-adresse-francheville\\\/#primaryimage\"},\"thumbnailUrl\":\"https:\\\/\\\/www.gerontim.com\\\/wp-content\\\/uploads\\\/2021\\\/03\\\/photo-immeuble-catilina-560x370-1.jpg\",\"articleSection\":[\"Actualit\u00e9s\",\"Gerontim\"],\"inLanguage\":\"fr-FR\"},{\"@type\":\"WebPage\",\"@id\":\"https:\\\/\\\/www.gerontim.com\\\/fr\\\/articles\\\/actus\\\/gerontim-nouvelle-adresse-francheville\\\/\",\"url\":\"https:\\\/\\\/www.gerontim.com\\\/fr\\\/articles\\\/actus\\\/gerontim-nouvelle-adresse-francheville\\\/\",\"name\":\"Gerontim change d\u2019adresse et d\u00e9m\u00e9nage \u00e0 Francheville | Actualit\u00e9s\",\"isPartOf\":{\"@id\":\"https:\\\/\\\/www.gerontim.com\\\/fr\\\/#website\"},\"primaryImageOfPage\":{\"@id\":\"https:\\\/\\\/www.gerontim.com\\\/fr\\\/articles\\\/actus\\\/gerontim-nouvelle-adresse-francheville\\\/#primaryimage\"},\"image\":{\"@id\":\"https:\\\/\\\/www.gerontim.com\\\/fr\\\/articles\\\/actus\\\/gerontim-nouvelle-adresse-francheville\\\/#primaryimage\"},\"thumbnailUrl\":\"https:\\\/\\\/www.gerontim.com\\\/wp-content\\\/uploads\\\/2021\\\/03\\\/photo-immeuble-catilina-560x370-1.jpg\",\"datePublished\":\"2021-03-11T15:09:27+00:00\",\"dateModified\":\"2023-03-06T09:08:57+00:00\",\"description\":\"Gerontim change d\u2019adresse. Depuis peu, toute notre \u00e9quipe a d\u00e9m\u00e9nag\u00e9 \u00e0 Francheville (69340), dans des locaux neufs et plus spacieux. Cliquez pour d\u00e9couvrir nos nouveaux bureaux.\",\"breadcrumb\":{\"@id\":\"https:\\\/\\\/www.gerontim.com\\\/fr\\\/articles\\\/actus\\\/gerontim-nouvelle-adresse-francheville\\\/#breadcrumb\"},\"inLanguage\":\"fr-FR\",\"potentialAction\":[{\"@type\":\"ReadAction\",\"target\":[\"https:\\\/\\\/www.gerontim.com\\\/fr\\\/articles\\\/actus\\\/gerontim-nouvelle-adresse-francheville\\\/\"]}]},{\"@type\":\"ImageObject\",\"inLanguage\":\"fr-FR\",\"@id\":\"https:\\\/\\\/www.gerontim.com\\\/fr\\\/articles\\\/actus\\\/gerontim-nouvelle-adresse-francheville\\\/#primaryimage\",\"url\":\"https:\\\/\\\/www.gerontim.com\\\/wp-content\\\/uploads\\\/2021\\\/03\\\/photo-immeuble-catilina-560x370-1.jpg\",\"contentUrl\":\"https:\\\/\\\/www.gerontim.com\\\/wp-content\\\/uploads\\\/2021\\\/03\\\/photo-immeuble-catilina-560x370-1.jpg\",\"width\":560,\"height\":370,\"caption\":\"Vue ext\u00e9rieure immeuble Catilina\"},{\"@type\":\"BreadcrumbList\",\"@id\":\"https:\\\/\\\/www.gerontim.com\\\/fr\\\/articles\\\/actus\\\/gerontim-nouvelle-adresse-francheville\\\/#breadcrumb\",\"itemListElement\":[{\"@type\":\"ListItem\",\"position\":1,\"name\":\"Accueil\",\"item\":\"https:\\\/\\\/www.gerontim.com\\\/fr\\\/\"},{\"@type\":\"ListItem\",\"position\":2,\"name\":\"Actualit\u00e9s\",\"item\":\"https:\\\/\\\/www.gerontim.com\\\/fr\\\/articles\\\/actus\\\/\"},{\"@type\":\"ListItem\",\"position\":3,\"name\":\"D\u00e9m\u00e9nagement Gerontim : nouvelle adresse \u00e0 Francheville\"}]},{\"@type\":\"WebSite\",\"@id\":\"https:\\\/\\\/www.gerontim.com\\\/fr\\\/#website\",\"url\":\"https:\\\/\\\/www.gerontim.com\\\/fr\\\/\",\"name\":\"Gerontim\",\"description\":\"L&#039;expertise g\u00e9rontologique\",\"publisher\":{\"@id\":\"https:\\\/\\\/www.gerontim.com\\\/fr\\\/#organization\"},\"potentialAction\":[{\"@type\":\"SearchAction\",\"target\":{\"@type\":\"EntryPoint\",\"urlTemplate\":\"https:\\\/\\\/www.gerontim.com\\\/fr\\\/?s={search_term_string}\"},\"query-input\":{\"@type\":\"PropertyValueSpecification\",\"valueRequired\":true,\"valueName\":\"search_term_string\"}}],\"inLanguage\":\"fr-FR\"},{\"@type\":\"Organization\",\"@id\":\"https:\\\/\\\/www.gerontim.com\\\/fr\\\/#organization\",\"name\":\"Gerontim\",\"url\":\"https:\\\/\\\/www.gerontim.com\\\/fr\\\/\",\"logo\":{\"@type\":\"ImageObject\",\"inLanguage\":\"fr-FR\",\"@id\":\"https:\\\/\\\/www.gerontim.com\\\/fr\\\/#\\\/schema\\\/logo\\\/image\\\/\",\"url\":\"https:\\\/\\\/www.gerontim.com\\\/wp-content\\\/uploads\\\/2019\\\/12\\\/gerontim-logo-sm.png\",\"contentUrl\":\"https:\\\/\\\/www.gerontim.com\\\/wp-content\\\/uploads\\\/2019\\\/12\\\/gerontim-logo-sm.png\",\"width\":140,\"height\":67,\"caption\":\"Gerontim\"},\"image\":{\"@id\":\"https:\\\/\\\/www.gerontim.com\\\/fr\\\/#\\\/schema\\\/logo\\\/image\\\/\"},\"sameAs\":[\"https:\\\/\\\/x.com\\\/Gerontim\",\"https:\\\/\\\/www.linkedin.com\\\/company\\\/gerontim-cabinet-conseil-gerontologie\\\/\"]},{\"@type\":\"Person\",\"@id\":\"https:\\\/\\\/www.gerontim.com\\\/fr\\\/#\\\/schema\\\/person\\\/6eafd9f7cebdfc20b8bae27deb6d6b6a\",\"name\":\"Romane\",\"image\":{\"@type\":\"ImageObject\",\"inLanguage\":\"fr-FR\",\"@id\":\"https:\\\/\\\/secure.gravatar.com\\\/avatar\\\/8ac9200bb3775e3bd3a2f5a85845cfe2716653a29f32bb716d545ada308c9211?s=96&d=mm&r=g\",\"url\":\"https:\\\/\\\/secure.gravatar.com\\\/avatar\\\/8ac9200bb3775e3bd3a2f5a85845cfe2716653a29f32bb716d545ada308c9211?s=96&d=mm&r=g\",\"contentUrl\":\"https:\\\/\\\/secure.gravatar.com\\\/avatar\\\/8ac9200bb3775e3bd3a2f5a85845cfe2716653a29f32bb716d545ada308c9211?s=96&d=mm&r=g\",\"caption\":\"Romane\"}}]}<\/script>\n<!-- \/ Yoast SEO plugin. -->","yoast_head_json":{"title":"Gerontim change d\u2019adresse et d\u00e9m\u00e9nage \u00e0 Francheville | Actualit\u00e9s","description":"Gerontim change d\u2019adresse. Depuis peu, toute notre \u00e9quipe a d\u00e9m\u00e9nag\u00e9 \u00e0 Francheville (69340), dans des locaux neufs et plus spacieux. Cliquez pour d\u00e9couvrir nos nouveaux bureaux.","robots":{"index":"index","follow":"follow","max-snippet":"max-snippet:-1","max-image-preview":"max-image-preview:large","max-video-preview":"max-video-preview:-1"},"canonical":"https:\/\/www.gerontim.com\/fr\/articles\/actus\/gerontim-nouvelle-adresse-francheville\/","og_locale":"fr_FR","og_type":"article","og_title":"Gerontim change d\u2019adresse et d\u00e9m\u00e9nage \u00e0 Francheville | Actualit\u00e9s","og_description":"Gerontim change d\u2019adresse. Depuis peu, toute notre \u00e9quipe a d\u00e9m\u00e9nag\u00e9 \u00e0 Francheville (69340), dans des locaux neufs et plus spacieux. Cliquez pour d\u00e9couvrir nos nouveaux bureaux.","og_url":"https:\/\/www.gerontim.com\/fr\/articles\/actus\/gerontim-nouvelle-adresse-francheville\/","og_site_name":"Gerontim","article_published_time":"2021-03-11T15:09:27+00:00","article_modified_time":"2023-03-06T09:08:57+00:00","og_image":[{"width":560,"height":370,"url":"https:\/\/www.gerontim.com\/wp-content\/uploads\/2021\/03\/photo-immeuble-catilina-560x370-1.jpg","type":"image\/jpeg"}],"author":"Romane","twitter_card":"summary_large_image","twitter_creator":"@Gerontim","twitter_site":"@Gerontim","twitter_misc":{"\u00c9crit par":"Romane","Dur\u00e9e de lecture estim\u00e9e":"5 minutes"},"schema":{"@context":"https:\/\/schema.org","@graph":[{"@type":"Article","@id":"https:\/\/www.gerontim.com\/fr\/articles\/actus\/gerontim-nouvelle-adresse-francheville\/#article","isPartOf":{"@id":"https:\/\/www.gerontim.com\/fr\/articles\/actus\/gerontim-nouvelle-adresse-francheville\/"},"author":{"name":"Romane","@id":"https:\/\/www.gerontim.com\/fr\/#\/schema\/person\/6eafd9f7cebdfc20b8bae27deb6d6b6a"},"headline":"D\u00e9m\u00e9nagement Gerontim : nouvelle adresse \u00e0 Francheville","datePublished":"2021-03-11T15:09:27+00:00","dateModified":"2023-03-06T09:08:57+00:00","mainEntityOfPage":{"@id":"https:\/\/www.gerontim.com\/fr\/articles\/actus\/gerontim-nouvelle-adresse-francheville\/"},"wordCount":582,"publisher":{"@id":"https:\/\/www.gerontim.com\/fr\/#organization"},"image":{"@id":"https:\/\/www.gerontim.com\/fr\/articles\/actus\/gerontim-nouvelle-adresse-francheville\/#primaryimage"},"thumbnailUrl":"https:\/\/www.gerontim.com\/wp-content\/uploads\/2021\/03\/photo-immeuble-catilina-560x370-1.jpg","articleSection":["Actualit\u00e9s","Gerontim"],"inLanguage":"fr-FR"},{"@type":"WebPage","@id":"https:\/\/www.gerontim.com\/fr\/articles\/actus\/gerontim-nouvelle-adresse-francheville\/","url":"https:\/\/www.gerontim.com\/fr\/articles\/actus\/gerontim-nouvelle-adresse-francheville\/","name":"Gerontim change d\u2019adresse et d\u00e9m\u00e9nage \u00e0 Francheville | Actualit\u00e9s","isPartOf":{"@id":"https:\/\/www.gerontim.com\/fr\/#website"},"primaryImageOfPage":{"@id":"https:\/\/www.gerontim.com\/fr\/articles\/actus\/gerontim-nouvelle-adresse-francheville\/#primaryimage"},"image":{"@id":"https:\/\/www.gerontim.com\/fr\/articles\/actus\/gerontim-nouvelle-adresse-francheville\/#primaryimage"},"thumbnailUrl":"https:\/\/www.gerontim.com\/wp-content\/uploads\/2021\/03\/photo-immeuble-catilina-560x370-1.jpg","datePublished":"2021-03-11T15:09:27+00:00","dateModified":"2023-03-06T09:08:57+00:00","description":"Gerontim change d\u2019adresse. Depuis peu, toute notre \u00e9quipe a d\u00e9m\u00e9nag\u00e9 \u00e0 Francheville (69340), dans des locaux neufs et plus spacieux. Cliquez pour d\u00e9couvrir nos nouveaux bureaux.","breadcrumb":{"@id":"https:\/\/www.gerontim.com\/fr\/articles\/actus\/gerontim-nouvelle-adresse-francheville\/#breadcrumb"},"inLanguage":"fr-FR","potentialAction":[{"@type":"ReadAction","target":["https:\/\/www.gerontim.com\/fr\/articles\/actus\/gerontim-nouvelle-adresse-francheville\/"]}]},{"@type":"ImageObject","inLanguage":"fr-FR","@id":"https:\/\/www.gerontim.com\/fr\/articles\/actus\/gerontim-nouvelle-adresse-francheville\/#primaryimage","url":"https:\/\/www.gerontim.com\/wp-content\/uploads\/2021\/03\/photo-immeuble-catilina-560x370-1.jpg","contentUrl":"https:\/\/www.gerontim.com\/wp-content\/uploads\/2021\/03\/photo-immeuble-catilina-560x370-1.jpg","width":560,"height":370,"caption":"Vue ext\u00e9rieure immeuble Catilina"},{"@type":"BreadcrumbList","@id":"https:\/\/www.gerontim.com\/fr\/articles\/actus\/gerontim-nouvelle-adresse-francheville\/#breadcrumb","itemListElement":[{"@type":"ListItem","position":1,"name":"Accueil","item":"https:\/\/www.gerontim.com\/fr\/"},{"@type":"ListItem","position":2,"name":"Actualit\u00e9s","item":"https:\/\/www.gerontim.com\/fr\/articles\/actus\/"},{"@type":"ListItem","position":3,"name":"D\u00e9m\u00e9nagement Gerontim : nouvelle adresse \u00e0 Francheville"}]},{"@type":"WebSite","@id":"https:\/\/www.gerontim.com\/fr\/#website","url":"https:\/\/www.gerontim.com\/fr\/","name":"Gerontim","description":"L&#039;expertise g\u00e9rontologique","publisher":{"@id":"https:\/\/www.gerontim.com\/fr\/#organization"},"potentialAction":[{"@type":"SearchAction","target":{"@type":"EntryPoint","urlTemplate":"https:\/\/www.gerontim.com\/fr\/?s={search_term_string}"},"query-input":{"@type":"PropertyValueSpecification","valueRequired":true,"valueName":"search_term_string"}}],"inLanguage":"fr-FR"},{"@type":"Organization","@id":"https:\/\/www.gerontim.com\/fr\/#organization","name":"Gerontim","url":"https:\/\/www.gerontim.com\/fr\/","logo":{"@type":"ImageObject","inLanguage":"fr-FR","@id":"https:\/\/www.gerontim.com\/fr\/#\/schema\/logo\/image\/","url":"https:\/\/www.gerontim.com\/wp-content\/uploads\/2019\/12\/gerontim-logo-sm.png","contentUrl":"https:\/\/www.gerontim.com\/wp-content\/uploads\/2019\/12\/gerontim-logo-sm.png","width":140,"height":67,"caption":"Gerontim"},"image":{"@id":"https:\/\/www.gerontim.com\/fr\/#\/schema\/logo\/image\/"},"sameAs":["https:\/\/x.com\/Gerontim","https:\/\/www.linkedin.com\/company\/gerontim-cabinet-conseil-gerontologie\/"]},{"@type":"Person","@id":"https:\/\/www.gerontim.com\/fr\/#\/schema\/person\/6eafd9f7cebdfc20b8bae27deb6d6b6a","name":"Romane","image":{"@type":"ImageObject","inLanguage":"fr-FR","@id":"https:\/\/secure.gravatar.com\/avatar\/8ac9200bb3775e3bd3a2f5a85845cfe2716653a29f32bb716d545ada308c9211?s=96&d=mm&r=g","url":"https:\/\/secure.gravatar.com\/avatar\/8ac9200bb3775e3bd3a2f5a85845cfe2716653a29f32bb716d545ada308c9211?s=96&d=mm&r=g","contentUrl":"https:\/\/secure.gravatar.com\/avatar\/8ac9200bb3775e3bd3a2f5a85845cfe2716653a29f32bb716d545ada308c9211?s=96&d=mm&r=g","caption":"Romane"}}]}},"_links":{"self":[{"href":"https:\/\/www.gerontim.com\/fr\/wp-json\/wp\/v2\/posts\/8792","targetHints":{"allow":["GET"]}}],"collection":[{"href":"https:\/\/www.gerontim.com\/fr\/wp-json\/wp\/v2\/posts"}],"about":[{"href":"https:\/\/www.gerontim.com\/fr\/wp-json\/wp\/v2\/types\/post"}],"author":[{"embeddable":true,"href":"https:\/\/www.gerontim.com\/fr\/wp-json\/wp\/v2\/users\/11"}],"replies":[{"embeddable":true,"href":"https:\/\/www.gerontim.com\/fr\/wp-json\/wp\/v2\/comments?post=8792"}],"version-history":[{"count":37,"href":"https:\/\/www.gerontim.com\/fr\/wp-json\/wp\/v2\/posts\/8792\/revisions"}],"predecessor-version":[{"id":11187,"href":"https:\/\/www.gerontim.com\/fr\/wp-json\/wp\/v2\/posts\/8792\/revisions\/11187"}],"wp:featuredmedia":[{"embeddable":true,"href":"https:\/\/www.gerontim.com\/fr\/wp-json\/wp\/v2\/media\/8805"}],"wp:attachment":[{"href":"https:\/\/www.gerontim.com\/fr\/wp-json\/wp\/v2\/media?parent=8792"}],"wp:term":[{"taxonomy":"category","embeddable":true,"href":"https:\/\/www.gerontim.com\/fr\/wp-json\/wp\/v2\/categories?post=8792"},{"taxonomy":"post_tag","embeddable":true,"href":"https:\/\/www.gerontim.com\/fr\/wp-json\/wp\/v2\/tags?post=8792"}],"curies":[{"name":"wp","href":"https:\/\/api.w.org\/{rel}","templated":true}]}}