{"id":12735,"date":"2026-01-27T09:55:31","date_gmt":"2026-01-27T08:55:31","guid":{"rendered":"https:\/\/www.gerontim.com\/?p=12735"},"modified":"2026-02-19T11:17:27","modified_gmt":"2026-02-19T10:17:27","slug":"evaluation-essms-la-has-publie-deux-nouvelles-fiches-pratiques-sur-le-systeme-de-cotation","status":"publish","type":"post","link":"https:\/\/www.gerontim.com\/fr\/articles\/actus\/systeme-cotation-evaluation-has\/","title":{"rendered":"\u00c9valuation ESSMS\u00a0: la HAS publie deux nouvelles fiches pratiques sur le syst\u00e8me de cotation"},"content":{"rendered":"\t\t<div data-elementor-type=\"wp-post\" data-elementor-id=\"12735\" class=\"elementor elementor-12735\" data-elementor-post-type=\"post\">\n\t\t\t\t\t\t<section class=\"elementor-section elementor-top-section elementor-element elementor-element-fdaa537 elementor-section-boxed elementor-section-height-default elementor-section-height-default\" data-id=\"fdaa537\" data-element_type=\"section\" data-e-type=\"section\">\n\t\t\t\t\t\t<div class=\"elementor-container elementor-column-gap-default\">\n\t\t\t\t\t<div class=\"elementor-column elementor-col-100 elementor-top-column elementor-element elementor-element-09000c4\" data-id=\"09000c4\" data-element_type=\"column\" data-e-type=\"column\">\n\t\t\t<div class=\"elementor-widget-wrap elementor-element-populated\">\n\t\t\t\t\t\t<div class=\"elementor-element elementor-element-dfa410c elementor-widget elementor-widget-post-info\" data-id=\"dfa410c\" data-element_type=\"widget\" data-e-type=\"widget\" data-widget_type=\"post-info.default\">\n\t\t\t\t<div class=\"elementor-widget-container\">\n\t\t\t\t\t\t\t<ul class=\"elementor-inline-items elementor-icon-list-items elementor-post-info\">\n\t\t\t\t\t\t\t\t<li class=\"elementor-icon-list-item elementor-repeater-item-7eb2150 elementor-inline-item\" itemprop=\"datePublished\">\n\t\t\t\t\t\t<a href=\"https:\/\/www.gerontim.com\/fr\/2026\/01\/27\/\">\n\t\t\t\t\t\t\t\t\t\t\t<span class=\"elementor-icon-list-icon\">\n\t\t\t\t\t\t\t\t<i aria-hidden=\"true\" class=\"fas fa-calendar\"><\/i>\t\t\t\t\t\t\t<\/span>\n\t\t\t\t\t\t\t\t\t<span class=\"elementor-icon-list-text elementor-post-info__item elementor-post-info__item--type-date\">\n\t\t\t\t\t\t\t<span class=\"elementor-post-info__item-prefix\">Publi\u00e9 le <\/span>\n\t\t\t\t\t\t\t\t\t\t<time>27 janvier 2026<\/time>\t\t\t\t\t<\/span>\n\t\t\t\t\t\t\t\t\t<\/a>\n\t\t\t\t<\/li>\n\t\t\t\t<\/ul>\n\t\t\t\t\t\t<\/div>\n\t\t\t\t<\/div>\n\t\t\t\t\t<\/div>\n\t\t<\/div>\n\t\t\t\t\t<\/div>\n\t\t<\/section>\n\t\t\t\t<section class=\"elementor-section elementor-top-section elementor-element elementor-element-1e60a47 elementor-section-stretched elementor-section-content-middle elementor-section-boxed elementor-section-height-default elementor-section-height-default\" data-id=\"1e60a47\" data-element_type=\"section\" data-e-type=\"section\" data-settings=\"{&quot;stretch_section&quot;:&quot;section-stretched&quot;,&quot;background_background&quot;:&quot;classic&quot;}\">\n\t\t\t\t\t\t<div class=\"elementor-container elementor-column-gap-wider\">\n\t\t\t\t\t<div class=\"elementor-column elementor-col-33 elementor-top-column elementor-element elementor-element-032a6a4\" data-id=\"032a6a4\" data-element_type=\"column\" data-e-type=\"column\">\n\t\t\t<div class=\"elementor-widget-wrap elementor-element-populated\">\n\t\t\t\t\t\t<div class=\"elementor-element elementor-element-b2620b7 img-legende elementor-widget elementor-widget-image\" data-id=\"b2620b7\" data-element_type=\"widget\" data-e-type=\"widget\" data-widget_type=\"image.default\">\n\t\t\t\t<div class=\"elementor-widget-container\">\n\t\t\t\t\t\t\t\t\t\t\t\t\t\t\t\t<a rel=\"noreferrer noopener\" href=\"https:\/\/www.gerontim.com\/wp-content\/uploads\/2026\/01\/systeme-cotation-evaluation-has-fiches-pratiques.png\" data-elementor-open-lightbox=\"yes\" data-elementor-lightbox-title=\"systeme-cotation-evaluation-has-fiches-pratiques\" data-e-action-hash=\"#elementor-action%3Aaction%3Dlightbox%26settings%3DeyJpZCI6MTI3NDAsInVybCI6Imh0dHBzOlwvXC93d3cuZ2Vyb250aW0uY29tXC93cC1jb250ZW50XC91cGxvYWRzXC8yMDI2XC8wMVwvc3lzdGVtZS1jb3RhdGlvbi1ldmFsdWF0aW9uLWhhcy1maWNoZXMtcHJhdGlxdWVzLnBuZyJ9\">\n\t\t\t\t\t\t\t<img fetchpriority=\"high\" decoding=\"async\" width=\"561\" height=\"371\" src=\"https:\/\/www.gerontim.com\/wp-content\/uploads\/2026\/01\/systeme-cotation-evaluation-has-fiches-pratiques.png\" class=\"attachment-medium_large size-medium_large wp-image-12740\" alt=\"Fiches pratiques sur le syst\u00e8me de cotation de l&#039;\u00e9valuation HAS\" srcset=\"https:\/\/www.gerontim.com\/wp-content\/uploads\/2026\/01\/systeme-cotation-evaluation-has-fiches-pratiques.png 561w, https:\/\/www.gerontim.com\/wp-content\/uploads\/2026\/01\/systeme-cotation-evaluation-has-fiches-pratiques-300x198.png 300w\" sizes=\"(max-width: 561px) 100vw, 561px\" \/>\t\t\t\t\t\t\t\t<\/a>\n\t\t\t\t\t\t\t\t\t\t\t\t\t\t\t<\/div>\n\t\t\t\t<\/div>\n\t\t\t\t\t<\/div>\n\t\t<\/div>\n\t\t\t\t<div class=\"elementor-column elementor-col-66 elementor-top-column elementor-element elementor-element-9307bc2\" data-id=\"9307bc2\" data-element_type=\"column\" data-e-type=\"column\">\n\t\t\t<div class=\"elementor-widget-wrap elementor-element-populated\">\n\t\t\t\t\t\t<div class=\"elementor-element elementor-element-9fdd148 elementor-widget elementor-widget-text-editor\" data-id=\"9fdd148\" data-element_type=\"widget\" data-e-type=\"widget\" data-widget_type=\"text-editor.default\">\n\t\t\t\t<div class=\"elementor-widget-container\">\n\t\t\t\t\t\t\t\t\t<p>La Haute Autorit\u00e9 de Sant\u00e9 (HAS) a r\u00e9cemment publi\u00e9 deux nouvelles fiches pratiques venant pr\u00e9ciser le <strong>syst\u00e8me de cotation <\/strong>utilis\u00e9 dans le cadre de <a href=\"https:\/\/www.gerontim.com\/fr\/articles\/experts\/reussir-son-evaluation-medico-sociale\/\"><strong>l\u2019\u00e9valuation de la qualit\u00e9 des ESSMS<\/strong><\/a>.<\/p>\n<p><br \/>Ces publications s\u2019inscrivent dans la continuit\u00e9 des travaux men\u00e9s autour de l\u2019<strong>\u00e9valuation HAS<\/strong>, th\u00e9matique d\u00e9j\u00e0 largement investie par Gerontim, notamment via un <a href=\"https:\/\/www.gerontim.com\/fr\/prestations\/preparation-evaluation-has-esms\/\">accompagnement \u00e0 la pr\u00e9paration de l\u2019\u00e9valuation HAS<\/a>, des billets d\u2019expert comme celui consacr\u00e9 \u00e0 <a href=\"https:\/\/www.gerontim.com\/fr\/articles\/experts\/ameliorer-demarche-qualite-en-ehpad\/\">l\u2019am\u00e9lioration de la d\u00e9marche qualit\u00e9<\/a>, ou encore des actualit\u00e9s d\u00e9di\u00e9es.<\/p>\t\t\t\t\t\t\t\t<\/div>\n\t\t\t\t<\/div>\n\t\t\t\t\t<\/div>\n\t\t<\/div>\n\t\t\t\t\t<\/div>\n\t\t<\/section>\n\t\t\t\t<section class=\"elementor-section elementor-top-section elementor-element elementor-element-1e2b59f elementor-section-boxed elementor-section-height-default elementor-section-height-default\" data-id=\"1e2b59f\" data-element_type=\"section\" data-e-type=\"section\">\n\t\t\t\t\t\t<div class=\"elementor-container elementor-column-gap-default\">\n\t\t\t\t\t<div class=\"elementor-column elementor-col-100 elementor-top-column elementor-element elementor-element-fb139de\" data-id=\"fb139de\" data-element_type=\"column\" data-e-type=\"column\">\n\t\t\t<div class=\"elementor-widget-wrap elementor-element-populated\">\n\t\t\t\t\t\t<div class=\"elementor-element elementor-element-000c143 elementor-widget elementor-widget-heading\" data-id=\"000c143\" data-element_type=\"widget\" data-e-type=\"widget\" data-widget_type=\"heading.default\">\n\t\t\t\t<div class=\"elementor-widget-container\">\n\t\t\t\t\t<h2 class=\"elementor-heading-title elementor-size-default\">Une cotation plus transparente<\/h2>\t\t\t\t<\/div>\n\t\t\t\t<\/div>\n\t\t\t\t<div class=\"elementor-element elementor-element-eef13dc elementor-widget elementor-widget-text-editor\" data-id=\"eef13dc\" data-element_type=\"widget\" data-e-type=\"widget\" data-widget_type=\"text-editor.default\">\n\t\t\t\t<div class=\"elementor-widget-container\">\n\t\t\t\t\t\t\t\t\t<p>La <a rel=\"noreferrer noopener\" href=\"https:\/\/www.has-sante.fr\/upload\/docs\/application\/pdf\/2024-10\/fiche_pratique_-_le_systeme_de_cotation_du_dispositif_devaluation_de_la_qualite_des_essms.pdf\">premi\u00e8re fiche relative au <strong>syst\u00e8me de cotation<\/strong><\/a> vient actualiser une version publi\u00e9e fin 2025 pr\u00e9sentant les <a href=\"https:\/\/www.gerontim.com\/fr\/articles\/actus\/revision-modalites-calcul-evaluation-has\/\">nouvelles <strong>modalit\u00e9s de calcul<\/strong><\/a>.<br \/>Elle pr\u00e9cise les principes retenus par la HAS afin de garantir une cotation au plus pr\u00e8s des r\u00e9alit\u00e9s de terrain.<\/p>\n<p>La cotation repose d\u00e9sormais explicitement sur la <strong>combinaison de trois sources d\u2019analyse<\/strong> :<\/p>\n<ul>\n<li>Les observations r\u00e9alis\u00e9es lors de l\u2019\u00e9valuation,<\/li>\n<li>Les entretiens avec les professionnels,<\/li>\n<li>L\u2019analyse des documents.<\/li>\n<\/ul>\n<p>Cette approche vise \u00e0 trouver un \u00e9quilibre entre la<strong> valorisation des pratiques professionnelles <\/strong>effectives et leur formalisation, un enjeu central de la d\u00e9marche qualit\u00e9 des ESSMS.<\/p>\t\t\t\t\t\t\t\t<\/div>\n\t\t\t\t<\/div>\n\t\t\t\t\t<\/div>\n\t\t<\/div>\n\t\t\t\t\t<\/div>\n\t\t<\/section>\n\t\t\t\t<section class=\"elementor-section elementor-top-section elementor-element elementor-element-28faa74 elementor-section-boxed elementor-section-height-default elementor-section-height-default\" data-id=\"28faa74\" data-element_type=\"section\" data-e-type=\"section\">\n\t\t\t\t\t\t<div class=\"elementor-container elementor-column-gap-default\">\n\t\t\t\t\t<div class=\"elementor-column elementor-col-100 elementor-top-column elementor-element elementor-element-9dd2400\" data-id=\"9dd2400\" data-element_type=\"column\" data-e-type=\"column\">\n\t\t\t<div class=\"elementor-widget-wrap elementor-element-populated\">\n\t\t\t\t\t\t<div class=\"elementor-element elementor-element-c28e070 elementor-widget elementor-widget-heading\" data-id=\"c28e070\" data-element_type=\"widget\" data-e-type=\"widget\" data-widget_type=\"heading.default\">\n\t\t\t\t<div class=\"elementor-widget-container\">\n\t\t\t\t\t<h2 class=\"elementor-heading-title elementor-size-default\">Une fiche d\u00e9di\u00e9e \u00e0 la cotation \"non concern\u00e9\"<\/h2>\t\t\t\t<\/div>\n\t\t\t\t<\/div>\n\t\t\t\t<div class=\"elementor-element elementor-element-0c7509d elementor-widget elementor-widget-text-editor\" data-id=\"0c7509d\" data-element_type=\"widget\" data-e-type=\"widget\" data-widget_type=\"text-editor.default\">\n\t\t\t\t<div class=\"elementor-widget-container\">\n\t\t\t\t\t\t\t\t\t<p>La <a rel=\"noreferrer noopener\" href=\"https:\/\/www.has-sante.fr\/upload\/docs\/application\/pdf\/2026-01\/fiche_pratique_-_la_cotation_non_concerne.pdf\">seconde fiche porte sur la <strong>cotation \u00ab non concern\u00e9 \u00bb (NC)<\/strong>.<\/a> Elle permet de mieux prendre en compte les <strong>sp\u00e9cificit\u00e9s de certains types d\u2019accompagnement<\/strong>, tout en conservant un <a rel=\"noreferrer noopener\" href=\"https:\/\/www.fhf.fr\/sites\/default\/files\/documents\/R%C3%A9f%C3%A9rentiel%20d%27%C3%A9valuation%20de%20la%20qualit%C3%A9.pdf\">r\u00e9f\u00e9rentiel<\/a> unique.<\/p><p>La mention \u00ab non concern\u00e9 \u00bb autorise les \u00e9valuateurs \u00e0 \u00e9carter des <strong>crit\u00e8res inapplicables ou non pertinents<\/strong> au regard de :<\/p><ul><li>l\u2019activit\u00e9 r\u00e9elle de l\u2019ESSMS<\/li><li>la situation de la personne accompagn\u00e9e<\/li><\/ul><p>Toutefois, l&rsquo;utilisation de cette cotation \u00ab\u00a0non concern\u00e9\u00a0\u00bb doit rest\u00e9e limit\u00e9e et \u00eatre obligatoirement justifi\u00e9e par l&rsquo;\u00e9valuateur. Chaque crit\u00e8re not\u00e9 \u00ab\u00a0NC\u00a0\u00bb ne sera <strong>pas comptabilis\u00e9 et n&rsquo;impactera donc pas la cotation finale<\/strong>.<\/p><p>La fiche propose plusieurs exemples concrets, facilitant son appropriation par les ESSMS.<\/p>\t\t\t\t\t\t\t\t<\/div>\n\t\t\t\t<\/div>\n\t\t\t\t\t<\/div>\n\t\t<\/div>\n\t\t\t\t\t<\/div>\n\t\t<\/section>\n\t\t\t\t<section class=\"elementor-section elementor-top-section elementor-element elementor-element-f4faffe elementor-section-boxed elementor-section-height-default elementor-section-height-default\" data-id=\"f4faffe\" data-element_type=\"section\" data-e-type=\"section\">\n\t\t\t\t\t\t<div class=\"elementor-container elementor-column-gap-default\">\n\t\t\t\t\t<div class=\"elementor-column elementor-col-100 elementor-top-column elementor-element elementor-element-4b36aa5\" data-id=\"4b36aa5\" data-element_type=\"column\" data-e-type=\"column\">\n\t\t\t<div class=\"elementor-widget-wrap elementor-element-populated\">\n\t\t\t\t\t\t<div class=\"elementor-element elementor-element-6f8f7e5 elementor-cta--skin-classic elementor-animated-content elementor-bg-transform elementor-bg-transform-zoom-in elementor-widget elementor-widget-call-to-action\" data-id=\"6f8f7e5\" data-element_type=\"widget\" data-e-type=\"widget\" data-widget_type=\"call-to-action.default\">\n\t\t\t\t<div class=\"elementor-widget-container\">\n\t\t\t\t\t\t\t<div class=\"elementor-cta\">\n\t\t\t\t\t\t\t<div class=\"elementor-cta__content\">\n\t\t\t\t\t\t\t\t\t<div class=\"elementor-content-item elementor-cta__content-item elementor-icon-wrapper elementor-cta__icon elementor-view-default\">\n\t\t\t\t\t\t<div class=\"elementor-icon\">\n\t\t\t\t\t\t\t<i aria-hidden=\"true\" class=\"fas fa-trophy\"><\/i>\t\t\t\t\t\t<\/div>\n\t\t\t\t\t<\/div>\n\t\t\t\t\n\t\t\t\t\t\t\t\t\t<h3 class=\"elementor-cta__title elementor-cta__content-item elementor-content-item\">\n\t\t\t\t\t\tVous avez besoin d'un expert pour vous accompagner <b><span style=\"font-size:11.0pt;line-height:107%;,sans-serif\"><\/span><\/b>?\t\t\t\t\t<\/h3>\n\t\t\t\t\n\t\t\t\t\t\t\t\t\t<div class=\"elementor-cta__description elementor-cta__content-item elementor-content-item\">\n\t\t\t\t\t\tContactez-nous pour d\u00e9finir ensemble le projet qui r\u00e9ponde \u00e0 vos besoins.\t\t\t\t\t<\/div>\n\t\t\t\t\n\t\t\t\t\t\t\t\t\t<div class=\"elementor-cta__button-wrapper elementor-cta__content-item elementor-content-item \">\n\t\t\t\t\t<a class=\"elementor-cta__button elementor-button elementor-size-\" href=\"https:\/\/www.gerontim.com\/fr\/contact\/\">\n\t\t\t\t\t\tDEMARRER L'AVENTURE !\t\t\t\t\t<\/a>\n\t\t\t\t\t<\/div>\n\t\t\t\t\t\t\t<\/div>\n\t\t\t\t\t\t<\/div>\n\t\t\t\t\t\t<\/div>\n\t\t\t\t<\/div>\n\t\t\t\t\t<\/div>\n\t\t<\/div>\n\t\t\t\t\t<\/div>\n\t\t<\/section>\n\t\t\t\t<section class=\"elementor-section elementor-top-section elementor-element elementor-element-7bf3091 elementor-section-boxed elementor-section-height-default elementor-section-height-default\" data-id=\"7bf3091\" data-element_type=\"section\" data-e-type=\"section\">\n\t\t\t\t\t\t<div class=\"elementor-container elementor-column-gap-default\">\n\t\t\t\t\t<div class=\"elementor-column elementor-col-100 elementor-top-column elementor-element elementor-element-7dc5c73\" data-id=\"7dc5c73\" data-element_type=\"column\" data-e-type=\"column\">\n\t\t\t<div class=\"elementor-widget-wrap elementor-element-populated\">\n\t\t\t\t\t\t<div class=\"elementor-element elementor-element-7d14f52 uael-dual-heading-align-center elementor-invisible elementor-widget elementor-widget-uael-dual-color-heading\" data-id=\"7d14f52\" data-element_type=\"widget\" data-e-type=\"widget\" data-settings=\"{&quot;_animation&quot;:&quot;fadeIn&quot;}\" data-widget_type=\"uael-dual-color-heading.default\">\n\t\t\t\t<div class=\"elementor-widget-container\">\n\t\t\t\t\t\t\t\t\t<div class=\"uael-module-content uael-dual-color-heading uael-stack-desktop-yes uael-heading-stack-\">\n\t\t\t<h2>\n\t\t\t\t\t\t\t\t\t\t\t\t\t\t\t\t<span class=\"uael-before-heading\"><span class=\"elementor-inline-editing uael-dual-heading-text uael-first-text\" data-elementor-setting-key=\"before_heading_text\" data-elementor-inline-editing-toolbar=\"basic\">Gerontim vous accompagne pour votre <\/span><\/span><span class=\"uael-adv-heading-stack\"><span class=\"elementor-inline-editing uael-dual-heading-text uael-highlight-text\" data-elementor-setting-key=\"second_heading_text\" data-elementor-inline-editing-toolbar=\"basic\">pr\u00e9paration \u00e0 l'\u00e9valuation HAS<\/span><\/span>\t\t\t\t\t\t\t\t\t\t\t\t\t<\/h2>\n\t\t<\/div>\n\t\t\t\t\t\t<\/div>\n\t\t\t\t<\/div>\n\t\t\t\t<section class=\"elementor-section elementor-inner-section elementor-element elementor-element-73c3fb4 elementor-section-content-middle elementor-section-boxed elementor-section-height-default elementor-section-height-default\" data-id=\"73c3fb4\" data-element_type=\"section\" data-e-type=\"section\">\n\t\t\t\t\t\t<div class=\"elementor-container elementor-column-gap-default\">\n\t\t\t\t\t<div class=\"elementor-column elementor-col-66 elementor-inner-column elementor-element elementor-element-8aca80e\" data-id=\"8aca80e\" data-element_type=\"column\" data-e-type=\"column\">\n\t\t\t<div class=\"elementor-widget-wrap elementor-element-populated\">\n\t\t\t\t\t\t<div class=\"elementor-element elementor-element-606c304 elementor-widget elementor-widget-text-editor\" data-id=\"606c304\" data-element_type=\"widget\" data-e-type=\"widget\" data-widget_type=\"text-editor.default\">\n\t\t\t\t<div class=\"elementor-widget-container\">\n\t\t\t\t\t\t\t\t\t<p style=\"text-align: left;\">Sur la base du r\u00e9f\u00e9rentiel d\u2019\u00e9valuation HAS, Gerontim vous aide \u00e0 auto-\u00e9valuer et valoriser l\u2019investissement humain et mat\u00e9riel mobilis\u00e9 au service de la qualit\u00e9 de vie des personnes \u00e2g\u00e9es.<\/p>\t\t\t\t\t\t\t\t<\/div>\n\t\t\t\t<\/div>\n\t\t\t\t\t<\/div>\n\t\t<\/div>\n\t\t\t\t<div class=\"elementor-column elementor-col-33 elementor-inner-column elementor-element elementor-element-5dd6c2b\" data-id=\"5dd6c2b\" data-element_type=\"column\" data-e-type=\"column\">\n\t\t\t<div class=\"elementor-widget-wrap elementor-element-populated\">\n\t\t\t\t\t\t<div class=\"elementor-element elementor-element-9fa1e3a elementor-widget elementor-widget-image\" data-id=\"9fa1e3a\" data-element_type=\"widget\" data-e-type=\"widget\" data-widget_type=\"image.default\">\n\t\t\t\t<div class=\"elementor-widget-container\">\n\t\t\t\t\t\t\t\t\t\t\t\t<figure class=\"wp-caption\">\n\t\t\t\t\t\t\t\t\t\t<img decoding=\"async\" src=\"https:\/\/www.gerontim.com\/wp-content\/uploads\/elementor\/thumbs\/auto-evaluation-qualite-etablissements-services-medicosociaux-esms-q90ianmor3vadpch93hjl4742s225rsk2bsb7ih9sg.png\" title=\"Guider les ESMS dans la pr\u00e9paration \u00e0 l&rsquo;\u00e9valuation HAS et le d\u00e9veloppement d\u2019une d\u00e9marche qualit\u00e9\" alt=\"Guider les ESMS dans la pr\u00e9paration \u00e0 l&#039;\u00e9valuation HAS et le d\u00e9veloppement d\u2019une d\u00e9marche qualit\u00e9\" loading=\"lazy\" \/>\t\t\t\t\t\t\t\t\t\t\t<figcaption class=\"widget-image-caption wp-caption-text\"><\/figcaption>\n\t\t\t\t\t\t\t\t\t\t<\/figure>\n\t\t\t\t\t\t\t\t\t<\/div>\n\t\t\t\t<\/div>\n\t\t\t\t\t<\/div>\n\t\t<\/div>\n\t\t\t\t\t<\/div>\n\t\t<\/section>\n\t\t\t\t<div class=\"elementor-element elementor-element-66215cc elementor-align-center elementor-widget elementor-widget-button\" data-id=\"66215cc\" data-element_type=\"widget\" data-e-type=\"widget\" data-widget_type=\"button.default\">\n\t\t\t\t<div class=\"elementor-widget-container\">\n\t\t\t\t\t\t\t\t\t<div class=\"elementor-button-wrapper\">\n\t\t\t\t\t<a class=\"elementor-button elementor-button-link elementor-size-md\" href=\"https:\/\/www.gerontim.com\/fr\/prestations\/auto-evaluation-qualite-esms\/\">\n\t\t\t\t\t\t<span class=\"elementor-button-content-wrapper\">\n\t\t\t\t\t\t\t\t\t<span class=\"elementor-button-text\">Plus d'informations<\/span>\n\t\t\t\t\t<\/span>\n\t\t\t\t\t<\/a>\n\t\t\t\t<\/div>\n\t\t\t\t\t\t\t\t<\/div>\n\t\t\t\t<\/div>\n\t\t\t\t\t<\/div>\n\t\t<\/div>\n\t\t\t\t\t<\/div>\n\t\t<\/section>\n\t\t\t\t<section class=\"elementor-section elementor-top-section elementor-element elementor-element-60d0c80 elementor-section-boxed elementor-section-height-default elementor-section-height-default\" data-id=\"60d0c80\" data-element_type=\"section\" data-e-type=\"section\">\n\t\t\t\t\t\t<div class=\"elementor-container elementor-column-gap-default\">\n\t\t\t\t\t<div class=\"elementor-column elementor-col-100 elementor-top-column elementor-element elementor-element-2ea1c34\" data-id=\"2ea1c34\" data-element_type=\"column\" data-e-type=\"column\">\n\t\t\t<div class=\"elementor-widget-wrap elementor-element-populated\">\n\t\t\t\t\t\t<div class=\"elementor-element elementor-element-7ec0079 elementor-widget elementor-widget-global elementor-global-4226 elementor-widget-html\" data-id=\"7ec0079\" data-element_type=\"widget\" data-e-type=\"widget\" data-widget_type=\"html.default\">\n\t\t\t\t<div class=\"elementor-widget-container\">\n\t\t\t\t\t\t\t\t\t<\/div>\n\t\t\t\t<\/div>\n\t\t\t\t\t<\/div>\n\t\t<\/div>\n\t\t\t\t\t<\/div>\n\t\t<\/section>\n\t\t\t\t<aside class=\"elementor-section elementor-top-section elementor-element elementor-element-cc07643 elementor-section-height-min-height noprint elementor-section-boxed elementor-section-height-default elementor-section-items-middle\" data-id=\"cc07643\" data-element_type=\"section\" data-e-type=\"section\">\n\t\t\t\t\t\t\t<div class=\"elementor-background-overlay\"><\/div>\n\t\t\t\t\t\t\t<div class=\"elementor-container elementor-column-gap-default\">\n\t\t\t\t\t<div class=\"elementor-column elementor-col-100 elementor-top-column elementor-element elementor-element-9ddc456\" data-id=\"9ddc456\" data-element_type=\"column\" data-e-type=\"column\">\n\t\t\t<div class=\"elementor-widget-wrap elementor-element-populated\">\n\t\t\t\t\t\t<div class=\"elementor-section elementor-inner-section elementor-element elementor-element-757e54c elementor-section-boxed elementor-section-height-default elementor-section-height-default\" data-id=\"757e54c\" data-element_type=\"section\" data-e-type=\"section\">\n\t\t\t\t\t\t<div class=\"elementor-container elementor-column-gap-default\">\n\t\t\t\t\t<div class=\"elementor-column elementor-col-100 elementor-inner-column elementor-element elementor-element-26554e1\" data-id=\"26554e1\" data-element_type=\"column\" data-e-type=\"column\">\n\t\t\t<div class=\"elementor-widget-wrap elementor-element-populated\">\n\t\t\t\t\t\t<div class=\"elementor-element elementor-element-579d7bd title-h3 elementor-widget elementor-widget-heading\" data-id=\"579d7bd\" data-element_type=\"widget\" data-e-type=\"widget\" data-widget_type=\"heading.default\">\n\t\t\t\t<div class=\"elementor-widget-container\">\n\t\t\t\t\t<h2 class=\"elementor-heading-title elementor-size-default\">D\u00e9couvrez nos actualit\u00e9s<\/h2>\t\t\t\t<\/div>\n\t\t\t\t<\/div>\n\t\t\t\t\t<\/div>\n\t\t<\/div>\n\t\t\t\t\t<\/div>\n\t\t<\/div>\n\t\t\t\t<div class=\"elementor-element elementor-element-24ae272 uael-post__link-complete-yes elementor-widget__width-initial uael-post__arrow-outside elementor-widget elementor-widget-uael-posts\" data-id=\"24ae272\" data-element_type=\"widget\" data-e-type=\"widget\" data-settings=\"{&quot;event_slides_to_show&quot;:3,&quot;event_slides_to_show_tablet&quot;:2,&quot;event_slides_to_show_mobile&quot;:1}\" data-widget_type=\"uael-posts.event\">\n\t\t\t\t<div class=\"elementor-widget-container\">\n\t\t\t\t\t\t\t<div class=\"uael-post__header\">\n\t\t\t\t\t<\/div>\n\t\t<div class=\"uael-post__body\">\n\t\t\t\n\t\t\n\t\t<div class=\"uael-post-grid uael-posts\" data-query-type=\"custom\" data-structure=\"carousel\" data-layout=\"\" data-page=\"12735\" data-skin=\"event\" data-filter-default=\"\" data-offset-top=\"30\" data-post_slider=\"{&quot;slidesToShow&quot;:3,&quot;slidesToScroll&quot;:1,&quot;autoplaySpeed&quot;:5000,&quot;autoplay&quot;:false,&quot;infinite&quot;:true,&quot;pauseOnHover&quot;:false,&quot;speed&quot;:500,&quot;arrows&quot;:true,&quot;dots&quot;:true,&quot;rtl&quot;:false,&quot;prevArrow&quot;:&quot;&lt;button type=\\&quot;button\\&quot; data-role=\\&quot;none\\&quot; class=\\&quot;slick-prev\\&quot; aria-label=\\&quot;Previous\\&quot; tabindex=\\&quot;0\\&quot; role=\\&quot;button\\&quot;&gt;&lt;i class=\\&quot;fa fa-angle-left\\&quot;&gt;&lt;\\\/i&gt;&lt;\\\/button&gt;&quot;,&quot;nextArrow&quot;:&quot;&lt;button type=\\&quot;button\\&quot; data-role=\\&quot;none\\&quot; class=\\&quot;slick-next\\&quot; aria-label=\\&quot;Next\\&quot; tabindex=\\&quot;0\\&quot; role=\\&quot;button\\&quot;&gt;&lt;i class=\\&quot;fa fa-angle-right\\&quot;&gt;&lt;\\\/i&gt;&lt;\\\/button&gt;&quot;,&quot;responsive&quot;:[{&quot;breakpoint&quot;:1024,&quot;settings&quot;:{&quot;slidesToShow&quot;:2,&quot;slidesToScroll&quot;:2}},{&quot;breakpoint&quot;:767,&quot;settings&quot;:{&quot;slidesToShow&quot;:1,&quot;slidesToScroll&quot;:1}}]}\" data-equal-height=\"yes\" data-post-count=\"10\">\n\n\t\t\t\t\t\t\t<div class=\"uael-post-grid__inner uael-post__columns-3 uael-post__columns-tablet-2 uael-post__columns-mobile-1\">\n\t\t\t\n\n<div class=\"uael-post-wrapper   actualit\u00e9s success-story \">\n\t<div class=\"uael-post__bg-wrap uael-bg-wrap-disabled\">\n\n\t\t\t\t\t<a href=\"https:\/\/www.gerontim.com\/fr\/articles\/actus\/repenser-projet-etablissement-territoire\/\" target=\"_self\" class=\"uael-post__complete-box-overlay\" aria-label=\"Link Complete Box\"><\/a>\n\t\t\t\t\n\t\t<div class=\"uael-post__inner-wrap uael-inner-wrap-disabled\">\n\n\t\t\t\t<div class=\"uael-post__thumbnail \">\n\t\t\t\t\t\t<a target=\"_self\" href=\"https:\/\/www.gerontim.com\/fr\/articles\/actus\/repenser-projet-etablissement-territoire\/\" title=\"Repenser son projet d\u2019\u00e9tablissement avec une vision territoriale | Retour d\u2019exp\u00e9rience\"><img decoding=\"async\" src=\"https:\/\/www.gerontim.com\/wp-content\/uploads\/elementor\/thumbs\/projet-etablissemenet-vision-territoriale-ch-langeac-rl9g8wj6htrf3mztu296vsicg6r9lcrkhac3k132qc.webp\" title=\"projet-etablissemenet-vision-territoriale-ch-langeac\" alt=\"repenser les projets d&#039;\u00e9tablissement du territoire de Langeac avec une vision territoriale\" loading=\"lazy\" \/><\/a>\n\t\t\t\t\t<div class=\"uael-post__datebox \">\n\t\t\t\t<div class=\"uael-post__date-wrap\">\n\t\t\t\t\t\t\t\t\t\t<span class='uael-post__date-month'>Avr<\/span><span class='uael-post__date-day'>07<\/span>\t\t\t\t<\/div>\t\t\t\t\n\t\t\t<\/div>\n\t\t<\/div>\n\t\t\n\t\t\t\n\t\t\t<div class=\"uael-post__content-wrap uael-content-wrap-disabled\">\n\n\t\t\t\t\t<h3 class=\"uael-post__title\">\n\n\t\t\n\t\t\t\t\t\t<a href=\"https:\/\/www.gerontim.com\/fr\/articles\/actus\/repenser-projet-etablissement-territoire\/\" target=\"_self\">\n\t\t\t\tRepenser son projet d\u2019\u00e9tablissement avec une vision territoriale | Retour d\u2019exp\u00e9rience\t\t\t<\/a>\n\n\t\t\t\t<\/h3>\n\t\t\t\t\t<div class=\"uael-post__meta-data\">\n\t\t\t\t\t<\/div>\n\t\t\n\t\t<div class=\"uael-post__excerpt\">\n\t\t\tRepenser son projet d\u2019\u00e9tablissement est essentiel pour adapter son offre aux besoins du territoire. Nadia Barrau, directrice de 3 \u00e9tablissements en Haute-Loire, partage son retour d\u2019exp\u00e9rience apr\u00e8s avoir fait appel \u00e0 Gerontim pour l\u2019accompagner \u00e0 la r\u00e9daction de trois projets d\u2019\u00e9tablissement.\t\t<\/div>\n\n\t\t\t\t\t<\/div>\n\t\t\t\n\t\t<\/div>\n\t\t\n\n\t<\/div>\n\n<\/div>\n\n\n<div class=\"uael-post-wrapper   actualit\u00e9s success-story \">\n\t<div class=\"uael-post__bg-wrap uael-bg-wrap-disabled\">\n\n\t\t\t\t\t<a href=\"https:\/\/www.gerontim.com\/fr\/articles\/actus\/renouvellement-projet-etablissement-ehpad-champrouge\" target=\"_self\" class=\"uael-post__complete-box-overlay\" aria-label=\"Link Complete Box\"><\/a>\n\t\t\t\t\n\t\t<div class=\"uael-post__inner-wrap uael-inner-wrap-disabled\">\n\n\t\t\t\t<div class=\"uael-post__thumbnail \">\n\t\t\t\t\t\t<a target=\"_self\" href=\"https:\/\/www.gerontim.com\/fr\/articles\/actus\/renouvellement-projet-etablissement-ehpad-champrouge\" title=\"Renouvellement du projet d\u2019\u00e9tablissement de l&rsquo;EHPAD de Champrouge (71)\"><img decoding=\"async\" src=\"https:\/\/www.gerontim.com\/wp-content\/uploads\/elementor\/thumbs\/renouvellement-projet-etablissement-ehpad-champrouge-rhct2rnexk7lr4chrkbvgj9k7yrrfy2yg2u0hurh5g.jpg\" title=\"renouvellement-projet-etablissement-ehpad-champrouge\" alt=\"Renouvellement du projet d&#039;\u00e9tablissement de l&#039;EHPAD de Champrouge\" loading=\"lazy\" \/><\/a>\n\t\t\t\t\t<div class=\"uael-post__datebox \">\n\t\t\t\t<div class=\"uael-post__date-wrap\">\n\t\t\t\t\t\t\t\t\t\t<span class='uael-post__date-month'>Jan<\/span><span class='uael-post__date-day'>12<\/span>\t\t\t\t<\/div>\t\t\t\t\n\t\t\t<\/div>\n\t\t<\/div>\n\t\t\n\t\t\t\n\t\t\t<div class=\"uael-post__content-wrap uael-content-wrap-disabled\">\n\n\t\t\t\t\t<h3 class=\"uael-post__title\">\n\n\t\t\n\t\t\t\t\t\t<a href=\"https:\/\/www.gerontim.com\/fr\/articles\/actus\/renouvellement-projet-etablissement-ehpad-champrouge\" target=\"_self\">\n\t\t\t\tRenouvellement du projet d\u2019\u00e9tablissement de l&rsquo;EHPAD de Champrouge (71)\t\t\t<\/a>\n\n\t\t\t\t<\/h3>\n\t\t\t\t\t<div class=\"uael-post__meta-data\">\n\t\t\t\t\t<\/div>\n\t\t\n\t\t<div class=\"uael-post__excerpt\">\n\t\t\tLa direction de l\u2019EHPAD de Champrouge nous raconte comment le renouvellement de son projet d\u2019\u00e9tablissement, accompagn\u00e9 par Gerontim, a permis de structurer l\u2019organisation, f\u00e9d\u00e9rer les \u00e9quipes et cr\u00e9er un document clair, conforme et porteur de sens pour les cinq prochaines ann\u00e9es.\t\t<\/div>\n\n\t\t\t\t\t<\/div>\n\t\t\t\n\t\t<\/div>\n\t\t\n\n\t<\/div>\n\n<\/div>\n\n\n<div class=\"uael-post-wrapper   actualit\u00e9s g\u00e9rontologie \">\n\t<div class=\"uael-post__bg-wrap uael-bg-wrap-disabled\">\n\n\t\t\t\t\t<a href=\"https:\/\/www.gerontim.com\/fr\/articles\/actus\/revision-modalites-calcul-evaluation-has\/\" target=\"_self\" class=\"uael-post__complete-box-overlay\" aria-label=\"Link Complete Box\"><\/a>\n\t\t\t\t\n\t\t<div class=\"uael-post__inner-wrap uael-inner-wrap-disabled\">\n\n\t\t\t\t<div class=\"uael-post__thumbnail \">\n\t\t\t\t\t\t<a target=\"_self\" href=\"https:\/\/www.gerontim.com\/fr\/articles\/actus\/revision-modalites-calcul-evaluation-has\/\" title=\"\u00c9valuation HAS : une r\u00e9vision des modalit\u00e9s de calcul apport\u00e9e\"><img decoding=\"async\" src=\"https:\/\/www.gerontim.com\/wp-content\/uploads\/elementor\/thumbs\/revision-modalites-calcul-evaluation-has-rhavh7319y9turtujimzzt2bagevdd4ymnhdixsr6c.png\" title=\"revision-modalites-calcul-evaluation-has\" alt=\"Personne \u00e2g\u00e9es qui est accompagn\u00e9e par une aide soignante\" loading=\"lazy\" \/><\/a>\n\t\t\t\t\t<div class=\"uael-post__datebox \">\n\t\t\t\t<div class=\"uael-post__date-wrap\">\n\t\t\t\t\t\t\t\t\t\t<span class='uael-post__date-month'>Jan<\/span><span class='uael-post__date-day'>07<\/span>\t\t\t\t<\/div>\t\t\t\t\n\t\t\t<\/div>\n\t\t<\/div>\n\t\t\n\t\t\t\n\t\t\t<div class=\"uael-post__content-wrap uael-content-wrap-disabled\">\n\n\t\t\t\t\t<h3 class=\"uael-post__title\">\n\n\t\t\n\t\t\t\t\t\t<a href=\"https:\/\/www.gerontim.com\/fr\/articles\/actus\/revision-modalites-calcul-evaluation-has\/\" target=\"_self\">\n\t\t\t\t\u00c9valuation HAS : une r\u00e9vision des modalit\u00e9s de calcul apport\u00e9e\t\t\t<\/a>\n\n\t\t\t\t<\/h3>\n\t\t\t\t\t<div class=\"uael-post__meta-data\">\n\t\t\t\t\t<\/div>\n\t\t\n\t\t<div class=\"uael-post__excerpt\">\n\t\t\tDepuis plusieurs mois, les modalit\u00e9s de calcul de l\u2019\u00e9valuation HAS suscitent de fortes interrogations chez les gestionnaires d\u2019\u00e9tablissements et services m\u00e9dico-sociaux. Les r\u00e9centes clarifications apport\u00e9es par la HAS et la DGCS \u00e0 la suite du courrier interf\u00e9d\u00e9ral constituent une avanc\u00e9e partielle.\t\t<\/div>\n\n\t\t\t\t\t<\/div>\n\t\t\t\n\t\t<\/div>\n\t\t\n\n\t<\/div>\n\n<\/div>\n\n\n<div class=\"uael-post-wrapper   actualit\u00e9s g\u00e9rontologie \">\n\t<div class=\"uael-post__bg-wrap uael-bg-wrap-disabled\">\n\n\t\t\t\t\t<a href=\"https:\/\/www.gerontim.com\/fr\/articles\/actus\/resultat-evaluation-qualite-qualiscope\/\" target=\"_self\" class=\"uael-post__complete-box-overlay\" aria-label=\"Link Complete Box\"><\/a>\n\t\t\t\t\n\t\t<div class=\"uael-post__inner-wrap uael-inner-wrap-disabled\">\n\n\t\t\t\t<div class=\"uael-post__thumbnail \">\n\t\t\t\t\t\t<a target=\"_self\" href=\"https:\/\/www.gerontim.com\/fr\/articles\/actus\/resultat-evaluation-qualite-qualiscope\/\" title=\"Les r\u00e9sultats des \u00e9valuations m\u00e9dico-sociales accessibles sur Qualiscope\"><img decoding=\"async\" src=\"https:\/\/www.gerontim.com\/wp-content\/uploads\/elementor\/thumbs\/resultat-evaluation-qualite-qualiscope-rc6bc0gqeyb8ojgpdodhzd4pdtge26noi3yjxpzhqs.jpg\" title=\"resultat-evaluation-qualite-qualiscope\" alt=\"Niveaux de certification des r\u00e9sultats d&#039;\u00e9valuation de la qualit\u00e9 HAS\" loading=\"lazy\" \/><\/a>\n\t\t\t\t\t<div class=\"uael-post__datebox \">\n\t\t\t\t<div class=\"uael-post__date-wrap\">\n\t\t\t\t\t\t\t\t\t\t<span class='uael-post__date-month'>Sep<\/span><span class='uael-post__date-day'>25<\/span>\t\t\t\t<\/div>\t\t\t\t\n\t\t\t<\/div>\n\t\t<\/div>\n\t\t\n\t\t\t\n\t\t\t<div class=\"uael-post__content-wrap uael-content-wrap-disabled\">\n\n\t\t\t\t\t<h3 class=\"uael-post__title\">\n\n\t\t\n\t\t\t\t\t\t<a href=\"https:\/\/www.gerontim.com\/fr\/articles\/actus\/resultat-evaluation-qualite-qualiscope\/\" target=\"_self\">\n\t\t\t\tLes r\u00e9sultats des \u00e9valuations m\u00e9dico-sociales accessibles sur Qualiscope\t\t\t<\/a>\n\n\t\t\t\t<\/h3>\n\t\t\t\t\t<div class=\"uael-post__meta-data\">\n\t\t\t\t\t<\/div>\n\t\t\n\t\t<div class=\"uael-post__excerpt\">\n\t\t\tDepuis le 16 septembre 2025, la Haute Autorit\u00e9 de sant\u00e9 (HAS) a mis en ligne 12 000 r\u00e9sultats d\u2019\u00e9valuation des \u00e9tablissements et services sociaux et m\u00e9dico-sociaux (ESSMS) sur Qualiscope, sa plateforme d\u2019information en ligne.\u2003\t\t<\/div>\n\n\t\t\t\t\t<\/div>\n\t\t\t\n\t\t<\/div>\n\t\t\n\n\t<\/div>\n\n<\/div>\n\n\n<div class=\"uael-post-wrapper   actualit\u00e9s success-story \">\n\t<div class=\"uael-post__bg-wrap uael-bg-wrap-disabled\">\n\n\t\t\t\t\t<a href=\"https:\/\/www.gerontim.com\/fr\/articles\/actus\/demarche-evaluation-has-ehpad-andre-louis-bienvenu\/\" target=\"_self\" class=\"uael-post__complete-box-overlay\" aria-label=\"Link Complete Box\"><\/a>\n\t\t\t\t\n\t\t<div class=\"uael-post__inner-wrap uael-inner-wrap-disabled\">\n\n\t\t\t\t<div class=\"uael-post__thumbnail \">\n\t\t\t\t\t\t<a target=\"_self\" href=\"https:\/\/www.gerontim.com\/fr\/articles\/actus\/demarche-evaluation-has-ehpad-andre-louis-bienvenu\/\" title=\"D\u00e9marche \u00e9valuation HAS : l\u2019EHPAD Andr\u00e9 Louis Bienvenu (06) t\u00e9moigne de sa r\u00e9ussite\"><img decoding=\"async\" src=\"https:\/\/www.gerontim.com\/wp-content\/uploads\/elementor\/thumbs\/photo-veronique-poilleux-ehpad-andre-louis-bienvenu-560x370-1-r9a3yw299s8tebukeg8h51ga83e0ko04n0kbcynyqc.jpg\" title=\"photo-veronique-poilleux-ehpad-andre-louis-bienvenu-560&#215;370\" alt=\"Portrait de V\u00e9ronique Poilleux, directrice de l\u2019Ehpad Andr\u00e9 Louis Bienvenu qui a \u00e9t\u00e9 accompagn\u00e9 dans sa d\u00e9marche \u00e9valuation HAS\" loading=\"lazy\" \/><\/a>\n\t\t\t\t\t<div class=\"uael-post__datebox \">\n\t\t\t\t<div class=\"uael-post__date-wrap\">\n\t\t\t\t\t\t\t\t\t\t<span class='uael-post__date-month'>Ao\u00fbt<\/span><span class='uael-post__date-day'>26<\/span>\t\t\t\t<\/div>\t\t\t\t\n\t\t\t<\/div>\n\t\t<\/div>\n\t\t\n\t\t\t\n\t\t\t<div class=\"uael-post__content-wrap uael-content-wrap-disabled\">\n\n\t\t\t\t\t<h3 class=\"uael-post__title\">\n\n\t\t\n\t\t\t\t\t\t<a href=\"https:\/\/www.gerontim.com\/fr\/articles\/actus\/demarche-evaluation-has-ehpad-andre-louis-bienvenu\/\" target=\"_self\">\n\t\t\t\tD\u00e9marche \u00e9valuation HAS : l\u2019EHPAD Andr\u00e9 Louis Bienvenu (06) t\u00e9moigne de sa r\u00e9ussite\t\t\t<\/a>\n\n\t\t\t\t<\/h3>\n\t\t\t\t\t<div class=\"uael-post__meta-data\">\n\t\t\t\t\t<\/div>\n\t\t\n\t\t<div class=\"uael-post__excerpt\">\n\t\t\tL\u2019EHPAD Andr\u00e9 Louis Bienvenu de Mouans Sartoux (06) partage son retour d\u2019exp\u00e9rience sur sa d\u00e9marche \u00e9valuation HAS. Gr\u00e2ce \u00e0 un accompagnement personnalis\u00e9 propos\u00e9 par Gerontim, l\u2019\u00e9tablissement a su mobiliser ses \u00e9quipes, structurer ses actions qualit\u00e9 et r\u00e9ussir brillamment son \u00e9valuation.\t\t<\/div>\n\n\t\t\t\t\t<\/div>\n\t\t\t\n\t\t<\/div>\n\t\t\n\n\t<\/div>\n\n<\/div>\n\n\n<div class=\"uael-post-wrapper   actualit\u00e9s success-story \">\n\t<div class=\"uael-post__bg-wrap uael-bg-wrap-disabled\">\n\n\t\t\t\t\t<a href=\"https:\/\/www.gerontim.com\/fr\/articles\/actus\/temoignage-etude-faisabilite-architecturale-ehpad-ardennes\/\" target=\"_self\" class=\"uael-post__complete-box-overlay\" aria-label=\"Link Complete Box\"><\/a>\n\t\t\t\t\n\t\t<div class=\"uael-post__inner-wrap uael-inner-wrap-disabled\">\n\n\t\t\t\t<div class=\"uael-post__thumbnail \">\n\t\t\t\t\t\t<a target=\"_self\" href=\"https:\/\/www.gerontim.com\/fr\/articles\/actus\/temoignage-etude-faisabilite-architecturale-ehpad-ardennes\/\" title=\"\u00c9tude de faisabilit\u00e9 architecturale de deux EHPAD publics\u00a0: organisation, co\u00fbts et projections concr\u00e8tes\"><img decoding=\"async\" src=\"https:\/\/www.gerontim.com\/wp-content\/uploads\/elementor\/thumbs\/etude-faisabilite-architecturale-financiere-ehpad-ardennes-r8eoaeqayxlhw9o675j8wrbkhw1blx46ocri1ozes4.png\" title=\"etude-faisabilite-architecturale-financiere-ehpad-ardennes\" alt=\"\u00c9tude de faisabilit\u00e9 architecturale et financi\u00e8re pour les EHPAD\" loading=\"lazy\" \/><\/a>\n\t\t\t\t\t<div class=\"uael-post__datebox \">\n\t\t\t\t<div class=\"uael-post__date-wrap\">\n\t\t\t\t\t\t\t\t\t\t<span class='uael-post__date-month'>Juil<\/span><span class='uael-post__date-day'>07<\/span>\t\t\t\t<\/div>\t\t\t\t\n\t\t\t<\/div>\n\t\t<\/div>\n\t\t\n\t\t\t\n\t\t\t<div class=\"uael-post__content-wrap uael-content-wrap-disabled\">\n\n\t\t\t\t\t<h3 class=\"uael-post__title\">\n\n\t\t\n\t\t\t\t\t\t<a href=\"https:\/\/www.gerontim.com\/fr\/articles\/actus\/temoignage-etude-faisabilite-architecturale-ehpad-ardennes\/\" target=\"_self\">\n\t\t\t\t\u00c9tude de faisabilit\u00e9 architecturale de deux EHPAD publics\u00a0: organisation, co\u00fbts et projections concr\u00e8tes\t\t\t<\/a>\n\n\t\t\t\t<\/h3>\n\t\t\t\t\t<div class=\"uael-post__meta-data\">\n\t\t\t\t\t<\/div>\n\t\t\n\t\t<div class=\"uael-post__excerpt\">\n\t\t\tUne \u00e9tude de faisabilit\u00e9 architecturale et financi\u00e8re claire, valid\u00e9e par les financeurs publics, pour concr\u00e9tiser l\u2019\u00e9volution de deux EHPAD publics des Ardennes.\t\t<\/div>\n\n\t\t\t\t\t<\/div>\n\t\t\t\n\t\t<\/div>\n\t\t\n\n\t<\/div>\n\n<\/div>\n\n\n<div class=\"uael-post-wrapper   actualit\u00e9s success-story \">\n\t<div class=\"uael-post__bg-wrap uael-bg-wrap-disabled\">\n\n\t\t\t\t\t<a href=\"https:\/\/www.gerontim.com\/fr\/articles\/actus\/projet-etablissement-inter-ehpad-ardennes\/\" target=\"_self\" class=\"uael-post__complete-box-overlay\" aria-label=\"Link Complete Box\"><\/a>\n\t\t\t\t\n\t\t<div class=\"uael-post__inner-wrap uael-inner-wrap-disabled\">\n\n\t\t\t\t<div class=\"uael-post__thumbnail \">\n\t\t\t\t\t\t<a target=\"_self\" href=\"https:\/\/www.gerontim.com\/fr\/articles\/actus\/projet-etablissement-inter-ehpad-ardennes\/\" title=\"Projet d\u2019\u00e9tablissement inter-ehpad\u00a0: Construire une vision partag\u00e9e\"><img decoding=\"async\" src=\"https:\/\/www.gerontim.com\/wp-content\/uploads\/elementor\/thumbs\/projet-etablissement-inter-ehpad-temoignage-ardennes-r89nsrpzjuthfruruihgseyiy62mkpxtc0ypyn3ixg.jpg\" title=\"projet-etablissement-inter-ehpad-temoignage-ardennes\" alt=\"Projet d&#039;\u00e9tablissement inter-ehpad\" loading=\"lazy\" \/><\/a>\n\t\t\t\t\t<div class=\"uael-post__datebox \">\n\t\t\t\t<div class=\"uael-post__date-wrap\">\n\t\t\t\t\t\t\t\t\t\t<span class='uael-post__date-month'>Juil<\/span><span class='uael-post__date-day'>07<\/span>\t\t\t\t<\/div>\t\t\t\t\n\t\t\t<\/div>\n\t\t<\/div>\n\t\t\n\t\t\t\n\t\t\t<div class=\"uael-post__content-wrap uael-content-wrap-disabled\">\n\n\t\t\t\t\t<h3 class=\"uael-post__title\">\n\n\t\t\n\t\t\t\t\t\t<a href=\"https:\/\/www.gerontim.com\/fr\/articles\/actus\/projet-etablissement-inter-ehpad-ardennes\/\" target=\"_self\">\n\t\t\t\tProjet d\u2019\u00e9tablissement inter-ehpad\u00a0: Construire une vision partag\u00e9e\t\t\t<\/a>\n\n\t\t\t\t<\/h3>\n\t\t\t\t\t<div class=\"uael-post__meta-data\">\n\t\t\t\t\t<\/div>\n\t\t\n\t\t<div class=\"uael-post__excerpt\">\n\t\t\tGerontim a guid\u00e9 deux structures des Ardennes gr\u00e2ce \u00e0 un projet d\u2019\u00e9tablissement inter-ehpad structur\u00e9 et co-construit avec les parties-prenantes.\t\t<\/div>\n\n\t\t\t\t\t<\/div>\n\t\t\t\n\t\t<\/div>\n\t\t\n\n\t<\/div>\n\n<\/div>\n\n\n<div class=\"uael-post-wrapper   actualit\u00e9s success-story \">\n\t<div class=\"uael-post__bg-wrap uael-bg-wrap-disabled\">\n\n\t\t\t\t\t<a href=\"https:\/\/www.gerontim.com\/fr\/articles\/actus\/accompagnement-evaluation-has-ehpad-la-renaudiere\/\" target=\"_self\" class=\"uael-post__complete-box-overlay\" aria-label=\"Link Complete Box\"><\/a>\n\t\t\t\t\n\t\t<div class=\"uael-post__inner-wrap uael-inner-wrap-disabled\">\n\n\t\t\t\t<div class=\"uael-post__thumbnail \">\n\t\t\t\t\t\t<a target=\"_self\" href=\"https:\/\/www.gerontim.com\/fr\/articles\/actus\/accompagnement-evaluation-has-ehpad-la-renaudiere\/\" title=\"Accompagnement \u00e9valuation HAS\u00a0: une pr\u00e9paration sereine et efficace pour l\u2019EHPAD La Renaudi\u00e8re (42)\"><img decoding=\"async\" src=\"https:\/\/www.gerontim.com\/wp-content\/uploads\/elementor\/thumbs\/photo-charlene-micol-ehpad-la-renaudiere-560x370-2-r527pjjb85djjy4p1s1ypb13ds77spz79lvsjh0n10.jpg\" title=\"photo-charlene-micol-ehpad-la-renaudiere-560&#215;370\" alt=\"Portrait de Charl\u00e8ne Micol directrice de l&#039;EHPAD la Renaudi\u00e8re, qui a suivi un accompagnement \u00e0 la pr\u00e9paration de l&#039;\u00e9valuation HAS\" loading=\"lazy\" \/><\/a>\n\t\t\t\t\t<div class=\"uael-post__datebox \">\n\t\t\t\t<div class=\"uael-post__date-wrap\">\n\t\t\t\t\t\t\t\t\t\t<span class='uael-post__date-month'>Avr<\/span><span class='uael-post__date-day'>28<\/span>\t\t\t\t<\/div>\t\t\t\t\n\t\t\t<\/div>\n\t\t<\/div>\n\t\t\n\t\t\t\n\t\t\t<div class=\"uael-post__content-wrap uael-content-wrap-disabled\">\n\n\t\t\t\t\t<h3 class=\"uael-post__title\">\n\n\t\t\n\t\t\t\t\t\t<a href=\"https:\/\/www.gerontim.com\/fr\/articles\/actus\/accompagnement-evaluation-has-ehpad-la-renaudiere\/\" target=\"_self\">\n\t\t\t\tAccompagnement \u00e9valuation HAS\u00a0: une pr\u00e9paration sereine et efficace pour l\u2019EHPAD La Renaudi\u00e8re (42)\t\t\t<\/a>\n\n\t\t\t\t<\/h3>\n\t\t\t\t\t<div class=\"uael-post__meta-data\">\n\t\t\t\t\t<\/div>\n\t\t\n\t\t<div class=\"uael-post__excerpt\">\n\t\t\tGerontim a accompagn\u00e9 l\u2019EHPAD La Renaudi\u00e8re \u00e0 Saint Chamond (42) \u00e0 la pr\u00e9paration de son \u00e9valuation HAS. Un accompagnement structur\u00e9 et adapt\u00e9 qui leur a permis d\u2019avoir une cotation optimale sur les 18 crit\u00e8res imp\u00e9ratifs, et de mettre en place des actions qualit\u00e9 durables. \t\t<\/div>\n\n\t\t\t\t\t<\/div>\n\t\t\t\n\t\t<\/div>\n\t\t\n\n\t<\/div>\n\n<\/div>\n\n\n<div class=\"uael-post-wrapper   actualit\u00e9s success-story \">\n\t<div class=\"uael-post__bg-wrap uael-bg-wrap-disabled\">\n\n\t\t\t\t\t<a href=\"https:\/\/www.gerontim.com\/fr\/articles\/actus\/accompagnement-projet-etablissement-residence-saint-martin\/\" target=\"_self\" class=\"uael-post__complete-box-overlay\" aria-label=\"Link Complete Box\"><\/a>\n\t\t\t\t\n\t\t<div class=\"uael-post__inner-wrap uael-inner-wrap-disabled\">\n\n\t\t\t\t<div class=\"uael-post__thumbnail \">\n\t\t\t\t\t\t<a target=\"_self\" href=\"https:\/\/www.gerontim.com\/fr\/articles\/actus\/accompagnement-projet-etablissement-residence-saint-martin\/\" title=\"Accompagnement au projet d\u2019\u00e9tablissement\u00a0: red\u00e9finir une strat\u00e9gie pour 5 ans\"><img decoding=\"async\" src=\"https:\/\/www.gerontim.com\/wp-content\/uploads\/elementor\/thumbs\/photo-david-logeais-residence-saint-martin-560x370-1-r0rgxo6hwogjpz3orcww0d2kg94oejtxht1s2hcfbo.png\" title=\"photo-david-logeais-residence-saint-martin-560&#215;370\" alt=\"Portrait de David Logeais directeur R\u00e9sidence Saint Martin, qui a suivi un accompagnement au projet d&#039;\u00e9tablissement\" loading=\"lazy\" \/><\/a>\n\t\t\t\t\t<div class=\"uael-post__datebox \">\n\t\t\t\t<div class=\"uael-post__date-wrap\">\n\t\t\t\t\t\t\t\t\t\t<span class='uael-post__date-month'>Mar<\/span><span class='uael-post__date-day'>03<\/span>\t\t\t\t<\/div>\t\t\t\t\n\t\t\t<\/div>\n\t\t<\/div>\n\t\t\n\t\t\t\n\t\t\t<div class=\"uael-post__content-wrap uael-content-wrap-disabled\">\n\n\t\t\t\t\t<h3 class=\"uael-post__title\">\n\n\t\t\n\t\t\t\t\t\t<a href=\"https:\/\/www.gerontim.com\/fr\/articles\/actus\/accompagnement-projet-etablissement-residence-saint-martin\/\" target=\"_self\">\n\t\t\t\tAccompagnement au projet d\u2019\u00e9tablissement\u00a0: red\u00e9finir une strat\u00e9gie pour 5 ans\t\t\t<\/a>\n\n\t\t\t\t<\/h3>\n\t\t\t\t\t<div class=\"uael-post__meta-data\">\n\t\t\t\t\t<\/div>\n\t\t\n\t\t<div class=\"uael-post__excerpt\">\n\t\t\tGerontim a eu le plaisir d\u2019accompagner la R\u00e9sidence Saint Martin (44) dans la red\u00e9finition de leur projet d\u2019\u00e9tablissement. M. Logeais, Directeur de la structure t\u00e9moigne des b\u00e9n\u00e9fices de la collaboration avec nos experts.\t\t<\/div>\n\n\t\t\t\t\t<\/div>\n\t\t\t\n\t\t<\/div>\n\t\t\n\n\t<\/div>\n\n<\/div>\n\n\n<div class=\"uael-post-wrapper   actualit\u00e9s g\u00e9rontologie \">\n\t<div class=\"uael-post__bg-wrap uael-bg-wrap-disabled\">\n\n\t\t\t\t\t<a href=\"https:\/\/www.gerontim.com\/fr\/articles\/actus\/modalites-de-publication-des-rapports-evaluations-decret-2024\/\" target=\"_self\" class=\"uael-post__complete-box-overlay\" aria-label=\"Link Complete Box\"><\/a>\n\t\t\t\t\n\t\t<div class=\"uael-post__inner-wrap uael-inner-wrap-disabled\">\n\n\t\t\t\t<div class=\"uael-post__thumbnail \">\n\t\t\t\t\t\t<a target=\"_self\" href=\"https:\/\/www.gerontim.com\/fr\/articles\/actus\/modalites-de-publication-des-rapports-evaluations-decret-2024\/\" title=\"Publication des rapports d\u2019\u00e9valuation des ESSMS : un nouveau d\u00e9cret fixe les modalit\u00e9s\"><img decoding=\"async\" src=\"https:\/\/www.gerontim.com\/wp-content\/uploads\/elementor\/thumbs\/publication-rapports-evaluation-qy99ks1kwgh3bbzc82q2wellkogrn2ie8b74k3e7pw.jpg\" title=\"Les modalit\u00e9s de publication des rapports d\u2019\u00e9valuation des ESSMS\" alt=\"Les modalit\u00e9s de publication des rapports d\u2019\u00e9valuation des ESSMS\" loading=\"lazy\" \/><\/a>\n\t\t\t\t\t<div class=\"uael-post__datebox \">\n\t\t\t\t<div class=\"uael-post__date-wrap\">\n\t\t\t\t\t\t\t\t\t\t<span class='uael-post__date-month'>D\u00e9c<\/span><span class='uael-post__date-day'>10<\/span>\t\t\t\t<\/div>\t\t\t\t\n\t\t\t<\/div>\n\t\t<\/div>\n\t\t\n\t\t\t\n\t\t\t<div class=\"uael-post__content-wrap uael-content-wrap-disabled\">\n\n\t\t\t\t\t<h3 class=\"uael-post__title\">\n\n\t\t\n\t\t\t\t\t\t<a href=\"https:\/\/www.gerontim.com\/fr\/articles\/actus\/modalites-de-publication-des-rapports-evaluations-decret-2024\/\" target=\"_self\">\n\t\t\t\tPublication des rapports d\u2019\u00e9valuation des ESSMS : un nouveau d\u00e9cret fixe les modalit\u00e9s\t\t\t<\/a>\n\n\t\t\t\t<\/h3>\n\t\t\t\t\t<div class=\"uael-post__meta-data\">\n\t\t\t\t\t<\/div>\n\t\t\n\t\t<div class=\"uael-post__excerpt\">\n\t\t\tUn d\u00e9cret publi\u00e9 au Journal officiel le 5 d\u00e9cembre 2024 vient pr\u00e9ciser les conditions de publication des rapports d\u2019\u00e9valuation de la qualit\u00e9 des \u00e9tablissements et services sociaux et m\u00e9dico-sociaux, conform\u00e9ment \u00e0 l\u2019article L. 312-8 du Code de l\u2019action sociale et des familles (CASF). Ce texte, qui entre en vigueur le ...\t\t<\/div>\n\n\t\t\t\t\t<\/div>\n\t\t\t\n\t\t<\/div>\n\t\t\n\n\t<\/div>\n\n<\/div>\n\t\t\t\t<\/div>\n\t\t\t\t\t\t\n\t\t<\/div>\n\n\t\t\t\t\t\t<\/div>\n\t\t<div class=\"uael-post__footer\">\n\t\t\t\t\t<\/div>\n\t\t\t\t\t\t<\/div>\n\t\t\t\t<\/div>\n\t\t\t\t\t<\/div>\n\t\t<\/div>\n\t\t\t\t\t<\/div>\n\t\t<\/aside>\n\t\t\t\t<\/div>\n\t\t","protected":false},"excerpt":{"rendered":"<p>La HAS a r\u00e9cemment publi\u00e9 deux nouvelles fiches pratiques venant pr\u00e9ciser le syst\u00e8me de cotation utilis\u00e9 dans le cadre de l\u2019\u00e9valuation de la qualit\u00e9 des ESSMS. Ces publications s\u2019inscrivent dans la continuit\u00e9 des travaux men\u00e9s autour de l\u2019\u00e9valuation HAS.<\/p>\n","protected":false},"author":11,"featured_media":12740,"comment_status":"closed","ping_status":"closed","sticky":false,"template":"","format":"standard","meta":{"site-sidebar-layout":"default","site-content-layout":"","ast-site-content-layout":"default","site-content-style":"default","site-sidebar-style":"default","ast-global-header-display":"","ast-banner-title-visibility":"","ast-main-header-display":"","ast-hfb-above-header-display":"","ast-hfb-below-header-display":"","ast-hfb-mobile-header-display":"","site-post-title":"","ast-breadcrumbs-content":"","ast-featured-img":"","footer-sml-layout":"","ast-disable-related-posts":"","theme-transparent-header-meta":"","adv-header-id-meta":"","stick-header-meta":"","header-above-stick-meta":"","header-main-stick-meta":"","header-below-stick-meta":"","astra-migrate-meta-layouts":"set","ast-page-background-enabled":"default","ast-page-background-meta":{"desktop":{"background-color":"","background-image":"","background-repeat":"repeat","background-position":"center center","background-size":"auto","background-attachment":"scroll","background-type":"","background-media":"","overlay-type":"","overlay-color":"","overlay-opacity":"","overlay-gradient":""},"tablet":{"background-color":"","background-image":"","background-repeat":"repeat","background-position":"center center","background-size":"auto","background-attachment":"scroll","background-type":"","background-media":"","overlay-type":"","overlay-color":"","overlay-opacity":"","overlay-gradient":""},"mobile":{"background-color":"","background-image":"","background-repeat":"repeat","background-position":"center center","background-size":"auto","background-attachment":"scroll","background-type":"","background-media":"","overlay-type":"","overlay-color":"","overlay-opacity":"","overlay-gradient":""}},"ast-content-background-meta":{"desktop":{"background-color":"var(--ast-global-color-5)","background-image":"","background-repeat":"repeat","background-position":"center center","background-size":"auto","background-attachment":"scroll","background-type":"","background-media":"","overlay-type":"","overlay-color":"","overlay-opacity":"","overlay-gradient":""},"tablet":{"background-color":"var(--ast-global-color-5)","background-image":"","background-repeat":"repeat","background-position":"center center","background-size":"auto","background-attachment":"scroll","background-type":"","background-media":"","overlay-type":"","overlay-color":"","overlay-opacity":"","overlay-gradient":""},"mobile":{"background-color":"var(--ast-global-color-5)","background-image":"","background-repeat":"repeat","background-position":"center center","background-size":"auto","background-attachment":"scroll","background-type":"","background-media":"","overlay-type":"","overlay-color":"","overlay-opacity":"","overlay-gradient":""}},"footnotes":""},"categories":[23,78],"tags":[70,39,107,40,72,42,41],"class_list":["post-12735","post","type-post","status-publish","format-standard","has-post-thumbnail","hentry","category-actus","category-gerontologie","tag-ehpa","tag-ehpad","tag-qualite","tag-residence-autonomie","tag-saad","tag-spasad","tag-ssiad"],"yoast_head":"<!-- This site is optimized with the Yoast SEO plugin v27.4 - https:\/\/yoast.com\/product\/yoast-seo-wordpress\/ -->\n<title>Syst\u00e8me de cotation de l&#039;\u00e9valuation : nouvelles pr\u00e9cisions de la HAS<\/title>\n<meta name=\"description\" content=\"La HAS a publi\u00e9 deux nouvelles fiches pratiques pr\u00e9cisant le syst\u00e8me de cotation de l\u2019\u00e9valuation HAS. D\u00e9couvrez notre analyse d&#039;expert.\" \/>\n<meta name=\"robots\" content=\"index, follow, max-snippet:-1, max-image-preview:large, max-video-preview:-1\" \/>\n<link rel=\"canonical\" href=\"https:\/\/www.gerontim.com\/fr\/articles\/actus\/systeme-cotation-evaluation-has\/\" \/>\n<meta property=\"og:locale\" content=\"fr_FR\" \/>\n<meta property=\"og:type\" content=\"article\" \/>\n<meta property=\"og:title\" content=\"Syst\u00e8me de cotation de l&#039;\u00e9valuation : nouvelles pr\u00e9cisions de la HAS\" \/>\n<meta property=\"og:description\" content=\"La HAS a publi\u00e9 deux nouvelles fiches pratiques pr\u00e9cisant le syst\u00e8me de cotation de l\u2019\u00e9valuation HAS. D\u00e9couvrez notre analyse d&#039;expert.\" \/>\n<meta property=\"og:url\" content=\"https:\/\/www.gerontim.com\/fr\/articles\/actus\/systeme-cotation-evaluation-has\/\" \/>\n<meta property=\"og:site_name\" content=\"Gerontim\" \/>\n<meta property=\"article:published_time\" content=\"2026-01-27T08:55:31+00:00\" \/>\n<meta property=\"article:modified_time\" content=\"2026-02-19T10:17:27+00:00\" \/>\n<meta property=\"og:image\" content=\"https:\/\/www.gerontim.com\/wp-content\/uploads\/2026\/01\/systeme-cotation-evaluation-has-fiches-pratiques.png\" \/>\n\t<meta property=\"og:image:width\" content=\"561\" \/>\n\t<meta property=\"og:image:height\" content=\"371\" \/>\n\t<meta property=\"og:image:type\" content=\"image\/png\" \/>\n<meta name=\"author\" content=\"Romane\" \/>\n<meta name=\"twitter:card\" content=\"summary_large_image\" \/>\n<meta name=\"twitter:creator\" content=\"@Gerontim\" \/>\n<meta name=\"twitter:site\" content=\"@Gerontim\" \/>\n<meta name=\"twitter:label1\" content=\"\u00c9crit par\" \/>\n\t<meta name=\"twitter:data1\" content=\"Romane\" \/>\n\t<meta name=\"twitter:label2\" content=\"Dur\u00e9e de lecture estim\u00e9e\" \/>\n\t<meta name=\"twitter:data2\" content=\"13 minutes\" \/>\n<script type=\"application\/ld+json\" class=\"yoast-schema-graph\">{\"@context\":\"https:\\\/\\\/schema.org\",\"@graph\":[{\"@type\":\"Article\",\"@id\":\"https:\\\/\\\/www.gerontim.com\\\/fr\\\/articles\\\/actus\\\/systeme-cotation-evaluation-has\\\/#article\",\"isPartOf\":{\"@id\":\"https:\\\/\\\/www.gerontim.com\\\/fr\\\/articles\\\/actus\\\/systeme-cotation-evaluation-has\\\/\"},\"author\":{\"name\":\"Romane\",\"@id\":\"https:\\\/\\\/www.gerontim.com\\\/fr\\\/#\\\/schema\\\/person\\\/6eafd9f7cebdfc20b8bae27deb6d6b6a\"},\"headline\":\"\u00c9valuation ESSMS\u00a0: la HAS publie deux nouvelles fiches pratiques sur le syst\u00e8me de cotation\",\"datePublished\":\"2026-01-27T08:55:31+00:00\",\"dateModified\":\"2026-02-19T10:17:27+00:00\",\"mainEntityOfPage\":{\"@id\":\"https:\\\/\\\/www.gerontim.com\\\/fr\\\/articles\\\/actus\\\/systeme-cotation-evaluation-has\\\/\"},\"wordCount\":971,\"publisher\":{\"@id\":\"https:\\\/\\\/www.gerontim.com\\\/fr\\\/#organization\"},\"image\":{\"@id\":\"https:\\\/\\\/www.gerontim.com\\\/fr\\\/articles\\\/actus\\\/systeme-cotation-evaluation-has\\\/#primaryimage\"},\"thumbnailUrl\":\"https:\\\/\\\/www.gerontim.com\\\/wp-content\\\/uploads\\\/2026\\\/01\\\/systeme-cotation-evaluation-has-fiches-pratiques.png\",\"keywords\":[\"EHPA\",\"EHPAD\",\"Qualit\u00e9\",\"R\u00e9sidence Autonomie\",\"SAAD\",\"SPASAD\",\"SSIAD\"],\"articleSection\":[\"Actualit\u00e9s\",\"G\u00e9rontologie\"],\"inLanguage\":\"fr-FR\"},{\"@type\":\"WebPage\",\"@id\":\"https:\\\/\\\/www.gerontim.com\\\/fr\\\/articles\\\/actus\\\/systeme-cotation-evaluation-has\\\/\",\"url\":\"https:\\\/\\\/www.gerontim.com\\\/fr\\\/articles\\\/actus\\\/systeme-cotation-evaluation-has\\\/\",\"name\":\"Syst\u00e8me de cotation de l'\u00e9valuation : nouvelles pr\u00e9cisions de la HAS\",\"isPartOf\":{\"@id\":\"https:\\\/\\\/www.gerontim.com\\\/fr\\\/#website\"},\"primaryImageOfPage\":{\"@id\":\"https:\\\/\\\/www.gerontim.com\\\/fr\\\/articles\\\/actus\\\/systeme-cotation-evaluation-has\\\/#primaryimage\"},\"image\":{\"@id\":\"https:\\\/\\\/www.gerontim.com\\\/fr\\\/articles\\\/actus\\\/systeme-cotation-evaluation-has\\\/#primaryimage\"},\"thumbnailUrl\":\"https:\\\/\\\/www.gerontim.com\\\/wp-content\\\/uploads\\\/2026\\\/01\\\/systeme-cotation-evaluation-has-fiches-pratiques.png\",\"datePublished\":\"2026-01-27T08:55:31+00:00\",\"dateModified\":\"2026-02-19T10:17:27+00:00\",\"description\":\"La HAS a publi\u00e9 deux nouvelles fiches pratiques pr\u00e9cisant le syst\u00e8me de cotation de l\u2019\u00e9valuation HAS. D\u00e9couvrez notre analyse d'expert.\",\"breadcrumb\":{\"@id\":\"https:\\\/\\\/www.gerontim.com\\\/fr\\\/articles\\\/actus\\\/systeme-cotation-evaluation-has\\\/#breadcrumb\"},\"inLanguage\":\"fr-FR\",\"potentialAction\":[{\"@type\":\"ReadAction\",\"target\":[\"https:\\\/\\\/www.gerontim.com\\\/fr\\\/articles\\\/actus\\\/systeme-cotation-evaluation-has\\\/\"]}]},{\"@type\":\"ImageObject\",\"inLanguage\":\"fr-FR\",\"@id\":\"https:\\\/\\\/www.gerontim.com\\\/fr\\\/articles\\\/actus\\\/systeme-cotation-evaluation-has\\\/#primaryimage\",\"url\":\"https:\\\/\\\/www.gerontim.com\\\/wp-content\\\/uploads\\\/2026\\\/01\\\/systeme-cotation-evaluation-has-fiches-pratiques.png\",\"contentUrl\":\"https:\\\/\\\/www.gerontim.com\\\/wp-content\\\/uploads\\\/2026\\\/01\\\/systeme-cotation-evaluation-has-fiches-pratiques.png\",\"width\":561,\"height\":371,\"caption\":\"Fiches pratiques sur le syst\u00e8me de cotation de l'\u00e9valuation HAS\"},{\"@type\":\"BreadcrumbList\",\"@id\":\"https:\\\/\\\/www.gerontim.com\\\/fr\\\/articles\\\/actus\\\/systeme-cotation-evaluation-has\\\/#breadcrumb\",\"itemListElement\":[{\"@type\":\"ListItem\",\"position\":1,\"name\":\"Accueil\",\"item\":\"https:\\\/\\\/www.gerontim.com\\\/fr\\\/\"},{\"@type\":\"ListItem\",\"position\":2,\"name\":\"Actualit\u00e9s\",\"item\":\"https:\\\/\\\/www.gerontim.com\\\/fr\\\/articles\\\/actus\\\/\"},{\"@type\":\"ListItem\",\"position\":3,\"name\":\"\u00c9valuation ESSMS\u00a0: la HAS publie deux nouvelles fiches pratiques sur le syst\u00e8me de cotation\"}]},{\"@type\":\"WebSite\",\"@id\":\"https:\\\/\\\/www.gerontim.com\\\/fr\\\/#website\",\"url\":\"https:\\\/\\\/www.gerontim.com\\\/fr\\\/\",\"name\":\"Gerontim\",\"description\":\"L&#039;expertise g\u00e9rontologique\",\"publisher\":{\"@id\":\"https:\\\/\\\/www.gerontim.com\\\/fr\\\/#organization\"},\"potentialAction\":[{\"@type\":\"SearchAction\",\"target\":{\"@type\":\"EntryPoint\",\"urlTemplate\":\"https:\\\/\\\/www.gerontim.com\\\/fr\\\/?s={search_term_string}\"},\"query-input\":{\"@type\":\"PropertyValueSpecification\",\"valueRequired\":true,\"valueName\":\"search_term_string\"}}],\"inLanguage\":\"fr-FR\"},{\"@type\":\"Organization\",\"@id\":\"https:\\\/\\\/www.gerontim.com\\\/fr\\\/#organization\",\"name\":\"Gerontim\",\"url\":\"https:\\\/\\\/www.gerontim.com\\\/fr\\\/\",\"logo\":{\"@type\":\"ImageObject\",\"inLanguage\":\"fr-FR\",\"@id\":\"https:\\\/\\\/www.gerontim.com\\\/fr\\\/#\\\/schema\\\/logo\\\/image\\\/\",\"url\":\"https:\\\/\\\/www.gerontim.com\\\/wp-content\\\/uploads\\\/2019\\\/12\\\/gerontim-logo-sm.png\",\"contentUrl\":\"https:\\\/\\\/www.gerontim.com\\\/wp-content\\\/uploads\\\/2019\\\/12\\\/gerontim-logo-sm.png\",\"width\":140,\"height\":67,\"caption\":\"Gerontim\"},\"image\":{\"@id\":\"https:\\\/\\\/www.gerontim.com\\\/fr\\\/#\\\/schema\\\/logo\\\/image\\\/\"},\"sameAs\":[\"https:\\\/\\\/x.com\\\/Gerontim\",\"https:\\\/\\\/www.linkedin.com\\\/company\\\/gerontim-cabinet-conseil-gerontologie\\\/\"]},{\"@type\":\"Person\",\"@id\":\"https:\\\/\\\/www.gerontim.com\\\/fr\\\/#\\\/schema\\\/person\\\/6eafd9f7cebdfc20b8bae27deb6d6b6a\",\"name\":\"Romane\",\"image\":{\"@type\":\"ImageObject\",\"inLanguage\":\"fr-FR\",\"@id\":\"https:\\\/\\\/secure.gravatar.com\\\/avatar\\\/8ac9200bb3775e3bd3a2f5a85845cfe2716653a29f32bb716d545ada308c9211?s=96&d=mm&r=g\",\"url\":\"https:\\\/\\\/secure.gravatar.com\\\/avatar\\\/8ac9200bb3775e3bd3a2f5a85845cfe2716653a29f32bb716d545ada308c9211?s=96&d=mm&r=g\",\"contentUrl\":\"https:\\\/\\\/secure.gravatar.com\\\/avatar\\\/8ac9200bb3775e3bd3a2f5a85845cfe2716653a29f32bb716d545ada308c9211?s=96&d=mm&r=g\",\"caption\":\"Romane\"}}]}<\/script>\n<!-- \/ Yoast SEO plugin. -->","yoast_head_json":{"title":"Syst\u00e8me de cotation de l'\u00e9valuation : nouvelles pr\u00e9cisions de la HAS","description":"La HAS a publi\u00e9 deux nouvelles fiches pratiques pr\u00e9cisant le syst\u00e8me de cotation de l\u2019\u00e9valuation HAS. D\u00e9couvrez notre analyse d'expert.","robots":{"index":"index","follow":"follow","max-snippet":"max-snippet:-1","max-image-preview":"max-image-preview:large","max-video-preview":"max-video-preview:-1"},"canonical":"https:\/\/www.gerontim.com\/fr\/articles\/actus\/systeme-cotation-evaluation-has\/","og_locale":"fr_FR","og_type":"article","og_title":"Syst\u00e8me de cotation de l'\u00e9valuation : nouvelles pr\u00e9cisions de la HAS","og_description":"La HAS a publi\u00e9 deux nouvelles fiches pratiques pr\u00e9cisant le syst\u00e8me de cotation de l\u2019\u00e9valuation HAS. D\u00e9couvrez notre analyse d'expert.","og_url":"https:\/\/www.gerontim.com\/fr\/articles\/actus\/systeme-cotation-evaluation-has\/","og_site_name":"Gerontim","article_published_time":"2026-01-27T08:55:31+00:00","article_modified_time":"2026-02-19T10:17:27+00:00","og_image":[{"width":561,"height":371,"url":"https:\/\/www.gerontim.com\/wp-content\/uploads\/2026\/01\/systeme-cotation-evaluation-has-fiches-pratiques.png","type":"image\/png"}],"author":"Romane","twitter_card":"summary_large_image","twitter_creator":"@Gerontim","twitter_site":"@Gerontim","twitter_misc":{"\u00c9crit par":"Romane","Dur\u00e9e de lecture estim\u00e9e":"13 minutes"},"schema":{"@context":"https:\/\/schema.org","@graph":[{"@type":"Article","@id":"https:\/\/www.gerontim.com\/fr\/articles\/actus\/systeme-cotation-evaluation-has\/#article","isPartOf":{"@id":"https:\/\/www.gerontim.com\/fr\/articles\/actus\/systeme-cotation-evaluation-has\/"},"author":{"name":"Romane","@id":"https:\/\/www.gerontim.com\/fr\/#\/schema\/person\/6eafd9f7cebdfc20b8bae27deb6d6b6a"},"headline":"\u00c9valuation ESSMS\u00a0: la HAS publie deux nouvelles fiches pratiques sur le syst\u00e8me de cotation","datePublished":"2026-01-27T08:55:31+00:00","dateModified":"2026-02-19T10:17:27+00:00","mainEntityOfPage":{"@id":"https:\/\/www.gerontim.com\/fr\/articles\/actus\/systeme-cotation-evaluation-has\/"},"wordCount":971,"publisher":{"@id":"https:\/\/www.gerontim.com\/fr\/#organization"},"image":{"@id":"https:\/\/www.gerontim.com\/fr\/articles\/actus\/systeme-cotation-evaluation-has\/#primaryimage"},"thumbnailUrl":"https:\/\/www.gerontim.com\/wp-content\/uploads\/2026\/01\/systeme-cotation-evaluation-has-fiches-pratiques.png","keywords":["EHPA","EHPAD","Qualit\u00e9","R\u00e9sidence Autonomie","SAAD","SPASAD","SSIAD"],"articleSection":["Actualit\u00e9s","G\u00e9rontologie"],"inLanguage":"fr-FR"},{"@type":"WebPage","@id":"https:\/\/www.gerontim.com\/fr\/articles\/actus\/systeme-cotation-evaluation-has\/","url":"https:\/\/www.gerontim.com\/fr\/articles\/actus\/systeme-cotation-evaluation-has\/","name":"Syst\u00e8me de cotation de l'\u00e9valuation : nouvelles pr\u00e9cisions de la HAS","isPartOf":{"@id":"https:\/\/www.gerontim.com\/fr\/#website"},"primaryImageOfPage":{"@id":"https:\/\/www.gerontim.com\/fr\/articles\/actus\/systeme-cotation-evaluation-has\/#primaryimage"},"image":{"@id":"https:\/\/www.gerontim.com\/fr\/articles\/actus\/systeme-cotation-evaluation-has\/#primaryimage"},"thumbnailUrl":"https:\/\/www.gerontim.com\/wp-content\/uploads\/2026\/01\/systeme-cotation-evaluation-has-fiches-pratiques.png","datePublished":"2026-01-27T08:55:31+00:00","dateModified":"2026-02-19T10:17:27+00:00","description":"La HAS a publi\u00e9 deux nouvelles fiches pratiques pr\u00e9cisant le syst\u00e8me de cotation de l\u2019\u00e9valuation HAS. D\u00e9couvrez notre analyse d'expert.","breadcrumb":{"@id":"https:\/\/www.gerontim.com\/fr\/articles\/actus\/systeme-cotation-evaluation-has\/#breadcrumb"},"inLanguage":"fr-FR","potentialAction":[{"@type":"ReadAction","target":["https:\/\/www.gerontim.com\/fr\/articles\/actus\/systeme-cotation-evaluation-has\/"]}]},{"@type":"ImageObject","inLanguage":"fr-FR","@id":"https:\/\/www.gerontim.com\/fr\/articles\/actus\/systeme-cotation-evaluation-has\/#primaryimage","url":"https:\/\/www.gerontim.com\/wp-content\/uploads\/2026\/01\/systeme-cotation-evaluation-has-fiches-pratiques.png","contentUrl":"https:\/\/www.gerontim.com\/wp-content\/uploads\/2026\/01\/systeme-cotation-evaluation-has-fiches-pratiques.png","width":561,"height":371,"caption":"Fiches pratiques sur le syst\u00e8me de cotation de l'\u00e9valuation HAS"},{"@type":"BreadcrumbList","@id":"https:\/\/www.gerontim.com\/fr\/articles\/actus\/systeme-cotation-evaluation-has\/#breadcrumb","itemListElement":[{"@type":"ListItem","position":1,"name":"Accueil","item":"https:\/\/www.gerontim.com\/fr\/"},{"@type":"ListItem","position":2,"name":"Actualit\u00e9s","item":"https:\/\/www.gerontim.com\/fr\/articles\/actus\/"},{"@type":"ListItem","position":3,"name":"\u00c9valuation ESSMS\u00a0: la HAS publie deux nouvelles fiches pratiques sur le syst\u00e8me de cotation"}]},{"@type":"WebSite","@id":"https:\/\/www.gerontim.com\/fr\/#website","url":"https:\/\/www.gerontim.com\/fr\/","name":"Gerontim","description":"L&#039;expertise g\u00e9rontologique","publisher":{"@id":"https:\/\/www.gerontim.com\/fr\/#organization"},"potentialAction":[{"@type":"SearchAction","target":{"@type":"EntryPoint","urlTemplate":"https:\/\/www.gerontim.com\/fr\/?s={search_term_string}"},"query-input":{"@type":"PropertyValueSpecification","valueRequired":true,"valueName":"search_term_string"}}],"inLanguage":"fr-FR"},{"@type":"Organization","@id":"https:\/\/www.gerontim.com\/fr\/#organization","name":"Gerontim","url":"https:\/\/www.gerontim.com\/fr\/","logo":{"@type":"ImageObject","inLanguage":"fr-FR","@id":"https:\/\/www.gerontim.com\/fr\/#\/schema\/logo\/image\/","url":"https:\/\/www.gerontim.com\/wp-content\/uploads\/2019\/12\/gerontim-logo-sm.png","contentUrl":"https:\/\/www.gerontim.com\/wp-content\/uploads\/2019\/12\/gerontim-logo-sm.png","width":140,"height":67,"caption":"Gerontim"},"image":{"@id":"https:\/\/www.gerontim.com\/fr\/#\/schema\/logo\/image\/"},"sameAs":["https:\/\/x.com\/Gerontim","https:\/\/www.linkedin.com\/company\/gerontim-cabinet-conseil-gerontologie\/"]},{"@type":"Person","@id":"https:\/\/www.gerontim.com\/fr\/#\/schema\/person\/6eafd9f7cebdfc20b8bae27deb6d6b6a","name":"Romane","image":{"@type":"ImageObject","inLanguage":"fr-FR","@id":"https:\/\/secure.gravatar.com\/avatar\/8ac9200bb3775e3bd3a2f5a85845cfe2716653a29f32bb716d545ada308c9211?s=96&d=mm&r=g","url":"https:\/\/secure.gravatar.com\/avatar\/8ac9200bb3775e3bd3a2f5a85845cfe2716653a29f32bb716d545ada308c9211?s=96&d=mm&r=g","contentUrl":"https:\/\/secure.gravatar.com\/avatar\/8ac9200bb3775e3bd3a2f5a85845cfe2716653a29f32bb716d545ada308c9211?s=96&d=mm&r=g","caption":"Romane"}}]}},"_links":{"self":[{"href":"https:\/\/www.gerontim.com\/fr\/wp-json\/wp\/v2\/posts\/12735","targetHints":{"allow":["GET"]}}],"collection":[{"href":"https:\/\/www.gerontim.com\/fr\/wp-json\/wp\/v2\/posts"}],"about":[{"href":"https:\/\/www.gerontim.com\/fr\/wp-json\/wp\/v2\/types\/post"}],"author":[{"embeddable":true,"href":"https:\/\/www.gerontim.com\/fr\/wp-json\/wp\/v2\/users\/11"}],"replies":[{"embeddable":true,"href":"https:\/\/www.gerontim.com\/fr\/wp-json\/wp\/v2\/comments?post=12735"}],"version-history":[{"count":14,"href":"https:\/\/www.gerontim.com\/fr\/wp-json\/wp\/v2\/posts\/12735\/revisions"}],"predecessor-version":[{"id":12777,"href":"https:\/\/www.gerontim.com\/fr\/wp-json\/wp\/v2\/posts\/12735\/revisions\/12777"}],"wp:featuredmedia":[{"embeddable":true,"href":"https:\/\/www.gerontim.com\/fr\/wp-json\/wp\/v2\/media\/12740"}],"wp:attachment":[{"href":"https:\/\/www.gerontim.com\/fr\/wp-json\/wp\/v2\/media?parent=12735"}],"wp:term":[{"taxonomy":"category","embeddable":true,"href":"https:\/\/www.gerontim.com\/fr\/wp-json\/wp\/v2\/categories?post=12735"},{"taxonomy":"post_tag","embeddable":true,"href":"https:\/\/www.gerontim.com\/fr\/wp-json\/wp\/v2\/tags?post=12735"}],"curies":[{"name":"wp","href":"https:\/\/api.w.org\/{rel}","templated":true}]}}