{"id":12374,"date":"2025-10-27T10:32:55","date_gmt":"2025-10-27T09:32:55","guid":{"rendered":"https:\/\/www.gerontim.com\/?p=12374"},"modified":"2025-10-27T16:30:30","modified_gmt":"2025-10-27T15:30:30","slug":"ehpad-lieu-de-vie-quels-avantages-en-matiere-de-rh-et-de-finances","status":"publish","type":"post","link":"https:\/\/www.gerontim.com\/fr\/articles\/experts\/ehpad-lieu-de-vie-avantages\/","title":{"rendered":"EHPAD lieu de vie\u00a0: quels avantages en mati\u00e8re de RH et de finances\u00a0?"},"content":{"rendered":"\t\t<div data-elementor-type=\"wp-post\" data-elementor-id=\"12374\" class=\"elementor elementor-12374\" data-elementor-post-type=\"post\">\n\t\t\t\t\t\t<section class=\"elementor-section elementor-top-section elementor-element elementor-element-7fbca37 elementor-section-stretched elementor-section-boxed elementor-section-height-default elementor-section-height-default\" data-id=\"7fbca37\" data-element_type=\"section\" data-e-type=\"section\" data-settings=\"{&quot;stretch_section&quot;:&quot;section-stretched&quot;,&quot;background_background&quot;:&quot;classic&quot;}\">\n\t\t\t\t\t\t<div class=\"elementor-container elementor-column-gap-custom\">\n\t\t\t\t\t<div class=\"elementor-column elementor-col-100 elementor-top-column elementor-element elementor-element-a48b470\" data-id=\"a48b470\" data-element_type=\"column\" data-e-type=\"column\">\n\t\t\t<div class=\"elementor-widget-wrap elementor-element-populated\">\n\t\t\t\t\t\t<div class=\"elementor-element elementor-element-93baff4 elementor-widget elementor-widget-text-editor\" data-id=\"93baff4\" data-element_type=\"widget\" data-e-type=\"widget\" data-widget_type=\"text-editor.default\">\n\t\t\t\t<div class=\"elementor-widget-container\">\n\t\t\t\t\t\t\t\t\t<p>Ainsi que nous l\u2019exposons dans notre <strong><a href=\"https:\/\/www.gerontim.com\/fr\/articles\/experts\/ehpad-lieu-de-vie-par-nature\/\">billet conjoint, l\u2019EHPAD est lieu de vie par nature<\/a>, <\/strong>et il ne peut selon nous qu\u2019advenir \u00e0 terme, compte tenu des exigences soci\u00e9tales en hausse continue, et notamment des attentes des baby-boomers bient\u00f4t accueillis dans les \u00e9tablissements.<\/p><p>Cette \u00e9volution entre toutefois en collision, entre autres, avec la d\u00e9licate situation actuelle de ceux-ci en mati\u00e8re de ressources humaines (RH) et de finances. Mais il s\u2019av\u00e8re que la <strong>r\u00e9alisation architecturale d\u2019un EHPAD lieu de vie peut soulager certaines difficult\u00e9s, avec de forts avantages potentiels<\/strong> c\u00f4t\u00e9 RH sur la <strong>qualit\u00e9 de vie au travail <\/strong>(QVT), et c\u00f4t\u00e9 finances sur les <strong>co\u00fbts de fonctionnement et d\u2019investissement<\/strong>.<\/p>\t\t\t\t\t\t\t\t<\/div>\n\t\t\t\t<\/div>\n\t\t\t\t\t<\/div>\n\t\t<\/div>\n\t\t\t\t\t<\/div>\n\t\t<\/section>\n\t\t\t\t<section class=\"elementor-section elementor-top-section elementor-element elementor-element-256a437 elementor-section-stretched billet-texte elementor-section-boxed elementor-section-height-default elementor-section-height-default\" data-id=\"256a437\" data-element_type=\"section\" data-e-type=\"section\" data-settings=\"{&quot;stretch_section&quot;:&quot;section-stretched&quot;}\">\n\t\t\t\t\t\t<div class=\"elementor-container elementor-column-gap-default\">\n\t\t\t\t\t<div class=\"elementor-column elementor-col-100 elementor-top-column elementor-element elementor-element-bae64b9\" data-id=\"bae64b9\" data-element_type=\"column\" data-e-type=\"column\">\n\t\t\t<div class=\"elementor-widget-wrap elementor-element-populated\">\n\t\t\t\t\t\t<div class=\"elementor-element elementor-element-5107ffd title-h3 elementor-widget elementor-widget-uael-advanced-heading\" data-id=\"5107ffd\" data-element_type=\"widget\" data-e-type=\"widget\" data-widget_type=\"uael-advanced-heading.default\">\n\t\t\t\t<div class=\"elementor-widget-container\">\n\t\t\t\t\t\n\t\t<div class=\"uael-module-content uael-heading-wrapper\">\n\t\t\t\t\t\t\n\t\t\t<h2 class=\"uael-heading\">\n\t\t\t\t\t\t\t\t\t\t<span class=\"uael-heading-text elementor-inline-editing uael-size--default\" data-elementor-setting-key=\"heading_title\" data-elementor-inline-editing-toolbar=\"basic\">Quels avantages pour la qualit\u00e9 de vie au travail ? <\/span>\n\t\t\t\t\t\t\t<\/h2>\n\n\t\t\t\n\t\t\t\t\t\t<div class=\"uael-module-content uael-separator-parent\">\n\t\t\t\t\t\t\t\t\t\t\t\t\t<div class=\"uael-separator\"><\/div>\n\t\t\t\t\t\t\t<\/div>\n\t\t\t\n\t\t\t\n\t\t\t\t\t\t<\/div>\n\t\t\t\t\t\t<\/div>\n\t\t\t\t<\/div>\n\t\t\t\t<div class=\"elementor-element elementor-element-0fbac4b elementor-widget elementor-widget-text-editor\" data-id=\"0fbac4b\" data-element_type=\"widget\" data-e-type=\"widget\" data-widget_type=\"text-editor.default\">\n\t\t\t\t<div class=\"elementor-widget-container\">\n\t\t\t\t\t\t\t\t\t<p>En mati\u00e8re <strong>d\u2019organisation et r\u00f4le du personnel<\/strong>, le souhait des habitants de l\u2019EHPAD de vivre leur vie avec l\u2019appui de la communaut\u00e9 implique <strong>complexit\u00e9 et adaptabilit\u00e9<\/strong>, comme pour le cadre architectural. C\u2019est-\u00e0-dire non pas une action mat\u00e9rielle et standardis\u00e9e, mais des \u00e9changes et services vari\u00e9s, sur mesure, empathiques, \u00e0 tous moments.<\/p><p>Ce d\u00e9fi peut para\u00eetre hors de port\u00e9e, avec des RH en tension et notamment une qualit\u00e9 de vie au travail malmen\u00e9e.<\/p><p>Cependant\u00a0l\u2019av\u00e8nement\u00a0de\u00a0<strong>l\u2019EHPAD lieu de vie<\/strong> pourrait procurer\u00a0des avantages \u00e9minents\u00a0sur deux fortes attentes du personnel\u00a0: le\u00a0confort pratique, et le\u00a0sens de ce que l\u2019on fait. En effet, il y\u00a0a convergence entre les attentes des habitants et celles du personnel.<\/p>\t\t\t\t\t\t\t\t<\/div>\n\t\t\t\t<\/div>\n\t\t\t\t<div class=\"elementor-element elementor-element-a55dedb elementor-widget elementor-widget-heading\" data-id=\"a55dedb\" data-element_type=\"widget\" data-e-type=\"widget\" data-widget_type=\"heading.default\">\n\t\t\t\t<div class=\"elementor-widget-container\">\n\t\t\t\t\t<h3 class=\"elementor-heading-title elementor-size-default\">Am\u00e9lioration du confort pratique<\/h3>\t\t\t\t<\/div>\n\t\t\t\t<\/div>\n\t\t\t\t<div class=\"elementor-element elementor-element-a704e39 elementor-widget elementor-widget-text-editor\" data-id=\"a704e39\" data-element_type=\"widget\" data-e-type=\"widget\" data-widget_type=\"text-editor.default\">\n\t\t\t\t<div class=\"elementor-widget-container\">\n\t\t\t\t\t\t\t\t\t<p>Le confort\u00a0de travail est souvent insuffisant en EHPAD\u00a0: <strong>manque de temps<\/strong>, <strong>efforts physiques sources <\/strong><strong>de TMS<\/strong>, <strong>pr\u00e9carit\u00e9<\/strong><strong> des locaux du personnel<\/strong> (vestiaires\u2026).\u00a0Or certaines\u00a0actions architecturales sugg\u00e9r\u00e9es\u00a0plus haut peuvent am\u00e9liorer ces situations.<\/p>\t\t\t\t\t\t\t\t<\/div>\n\t\t\t\t<\/div>\n\t\t\t\t<div class=\"elementor-element elementor-element-1413e29 elementor-widget elementor-widget-heading\" data-id=\"1413e29\" data-element_type=\"widget\" data-e-type=\"widget\" data-widget_type=\"heading.default\">\n\t\t\t\t<div class=\"elementor-widget-container\">\n\t\t\t\t\t<h4 class=\"elementor-heading-title elementor-size-default\">\u00c9conomie de temps<\/h4>\t\t\t\t<\/div>\n\t\t\t\t<\/div>\n\t\t\t\t<div class=\"elementor-element elementor-element-5269f90 elementor-widget elementor-widget-text-editor\" data-id=\"5269f90\" data-element_type=\"widget\" data-e-type=\"widget\" data-widget_type=\"text-editor.default\">\n\t\t\t\t<div class=\"elementor-widget-container\">\n\t\t\t\t\t\t\t\t\t<p><strong>La cr\u00e9ation de salles \u00e0 manger de quartier pourrait r\u00e9duire substantiellement le transfert<\/strong> tr\u00e8s chronophage (ainsi que stressant et st\u00e9rile) des habitants entre logements et classique grande salle \u00e0 manger du RdC.<\/p><p>La circulation plus autonome des habitants (gr\u00e2ce au soin port\u00e9 \u00e0 la facilit\u00e9, au rep\u00e9rage, \u00e0 l\u2019attrait), peut<strong> all\u00e9ger le temps d\u2019assistance<\/strong> par le personnel.<\/p><p>Enfin, <strong>le personnel verra ses trajets \u00e9court\u00e9s<\/strong> via deux facteurs de la facilit\u00e9\u00a0: la compacit\u00e9 horizontale du b\u00e2timent et la bonne r\u00e9partition des ascenseurs.<\/p><p>Tout ce temps gagn\u00e9 pourra \u00eatre r\u00e9allou\u00e9 \u00e0 des moments plus qualitatifs avec les habitants.<\/p>\t\t\t\t\t\t\t\t<\/div>\n\t\t\t\t<\/div>\n\t\t\t\t<div class=\"elementor-element elementor-element-0baa2a6 elementor-widget elementor-widget-heading\" data-id=\"0baa2a6\" data-element_type=\"widget\" data-e-type=\"widget\" data-widget_type=\"heading.default\">\n\t\t\t\t<div class=\"elementor-widget-container\">\n\t\t\t\t\t<h4 class=\"elementor-heading-title elementor-size-default\">Facilit\u00e9 d\u2019intervention, r\u00e9duction des TMS<\/h4>\t\t\t\t<\/div>\n\t\t\t\t<\/div>\n\t\t\t\t<div class=\"elementor-element elementor-element-4c3fb31 elementor-widget elementor-widget-text-editor\" data-id=\"4c3fb31\" data-element_type=\"widget\" data-e-type=\"widget\" data-widget_type=\"text-editor.default\">\n\t\t\t\t<div class=\"elementor-widget-container\">\n\t\t\t\t\t\t\t\t\t<p><strong>L\u2019approche ergonomique<\/strong> individualis\u00e9e, d\u00e9j\u00e0 mobilis\u00e9e au profit des habitants, pourrait aussi <strong>b\u00e9n\u00e9ficier au personnel<\/strong>, en neutralisant les situations d\u2019efforts physiques et in fine de troubles musculosquelettiques (TMS).<\/p><p>Outre ce gain physique, des interventions d\u00e8s lors plus ais\u00e9es et d\u00e9tendues offriraient au personnel et \u00e0 l\u2019habitant un <strong>gain de temps <\/strong>encore, et <strong>un gain d\u2019agr\u00e9ment et de qualit\u00e9 relationnelle<\/strong>.<\/p><p>Hors ergonomie enfin, le vaste espace d\u2019un logement de \u2248\u00a025\u00a0m2 pourrait <strong>faciliter les interventions.<\/strong><\/p>\t\t\t\t\t\t\t\t<\/div>\n\t\t\t\t<\/div>\n\t\t\t\t<div class=\"elementor-element elementor-element-29cac37 elementor-widget elementor-widget-heading\" data-id=\"29cac37\" data-element_type=\"widget\" data-e-type=\"widget\" data-widget_type=\"heading.default\">\n\t\t\t\t<div class=\"elementor-widget-container\">\n\t\t\t\t\t<h4 class=\"elementor-heading-title elementor-size-default\">Meilleur agr\u00e9ment des locaux du personnel<\/h4>\t\t\t\t<\/div>\n\t\t\t\t<\/div>\n\t\t\t\t<div class=\"elementor-element elementor-element-f538ede elementor-widget elementor-widget-text-editor\" data-id=\"f538ede\" data-element_type=\"widget\" data-e-type=\"widget\" data-widget_type=\"text-editor.default\">\n\t\t\t\t<div class=\"elementor-widget-container\">\n\t\t\t\t\t\t\t\t\t<p>Dans cet <strong>EHPAD d\u00e9di\u00e9 aux habitants mais aussi \u00e0 sa communaut\u00e9<\/strong>, la qualit\u00e9 architecturale profitera \u00e0 tous. Ainsi les vestiaires, lieux de repas et repos, etc\u2026 conna\u00eetront-ils les m\u00eames soin et concertation.<\/p>\t\t\t\t\t\t\t\t<\/div>\n\t\t\t\t<\/div>\n\t\t\t\t<div class=\"elementor-element elementor-element-42d1acf elementor-widget elementor-widget-heading\" data-id=\"42d1acf\" data-element_type=\"widget\" data-e-type=\"widget\" data-widget_type=\"heading.default\">\n\t\t\t\t<div class=\"elementor-widget-container\">\n\t\t\t\t\t<h3 class=\"elementor-heading-title elementor-size-default\">Gain de sens<\/h3>\t\t\t\t<\/div>\n\t\t\t\t<\/div>\n\t\t\t\t<div class=\"elementor-element elementor-element-99a1c81 elementor-widget elementor-widget-text-editor\" data-id=\"99a1c81\" data-element_type=\"widget\" data-e-type=\"widget\" data-widget_type=\"text-editor.default\">\n\t\t\t\t<div class=\"elementor-widget-container\">\n\t\t\t\t\t\t\t\t\t<p>En EHPAD, <strong>s\u2019occuper des habitants a du sens<\/strong> si l\u2019on peut \u00eatre \u00e0 leur \u00e9coute avec empathie, respecter leurs singularit\u00e9 et libert\u00e9, les aider \u00e0 suivre leurs envies, et aussi apprendre d\u2019eux ; bref, <strong>avoir avec eux une relation humaine et sociale (\u00ab\u00a0qualitative\u00a0\u00bb)<\/strong>. Mais le personnel, surtout astreint \u00e0 des t\u00e2ches fonctionnelles de soin, d\u2019assistance ou d\u2019administration, planifi\u00e9es et r\u00e9p\u00e9t\u00e9es, <strong>ressent durement le manque de temps<\/strong> pour cela.<\/p><p>Or la notion de lieu de vie, et certaines actions architecturales dites plus haut, peuvent am\u00e9liorer la situation.<\/p>\t\t\t\t\t\t\t\t<\/div>\n\t\t\t\t<\/div>\n\t\t\t\t<div class=\"elementor-element elementor-element-028be4b elementor-widget elementor-widget-heading\" data-id=\"028be4b\" data-element_type=\"widget\" data-e-type=\"widget\" data-widget_type=\"heading.default\">\n\t\t\t\t<div class=\"elementor-widget-container\">\n\t\t\t\t\t<h4 class=\"elementor-heading-title elementor-size-default\">Impact philosophique global <\/h4>\t\t\t\t<\/div>\n\t\t\t\t<\/div>\n\t\t\t\t<div class=\"elementor-element elementor-element-ec394a0 elementor-widget elementor-widget-text-editor\" data-id=\"ec394a0\" data-element_type=\"widget\" data-e-type=\"widget\" data-widget_type=\"text-editor.default\">\n\t\t\t\t<div class=\"elementor-widget-container\">\n\t\t\t\t\t\t\t\t\t<p>L\u2019affirmation solennelle par la direction de la <strong>vocation de lieu de vie de l\u2019EHPAD<\/strong> para\u00eet primordiale. La relation qualitative avec les habitants deviendra la pr\u00e9occupation premi\u00e8re, et le soin lui sera assujetti\u00a0; l\u2019EHPAD se voudra <strong>un lieu de vie o\u00f9 l\u2019on soigne, <\/strong>et non un lieu de soin o\u00f9 l\u2019on essaie de vivre. Un tel gage pourrait rendre espoir, <strong>stimuler l\u2019engagement et la cr\u00e9ativit\u00e9<\/strong>, et faire na\u00eetre <strong>l\u2019esprit de communaut\u00e9 bienveillante et solidaire <\/strong>d\u00e8s le d\u00e9but du projet de transformation.<\/p>\t\t\t\t\t\t\t\t<\/div>\n\t\t\t\t<\/div>\n\t\t\t\t<div class=\"elementor-element elementor-element-dedbb1f elementor-widget elementor-widget-heading\" data-id=\"dedbb1f\" data-element_type=\"widget\" data-e-type=\"widget\" data-widget_type=\"heading.default\">\n\t\t\t\t<div class=\"elementor-widget-container\">\n\t\t\t\t\t<h4 class=\"elementor-heading-title elementor-size-default\">Renforcement des relations humaines et sociales avec les habitants<\/h4>\t\t\t\t<\/div>\n\t\t\t\t<\/div>\n\t\t\t\t<div class=\"elementor-element elementor-element-40d2547 elementor-widget elementor-widget-text-editor\" data-id=\"40d2547\" data-element_type=\"widget\" data-e-type=\"widget\" data-widget_type=\"text-editor.default\">\n\t\t\t\t<div class=\"elementor-widget-container\">\n\t\t\t\t\t\t\t\t\t<p>L<strong>&lsquo;\u00e9conomie de temps et la facilit\u00e9 d\u2019intervention<\/strong> escompt\u00e9es au titre du confort pratique permettront de desserrer l\u2019\u00e9tau dans lequel est pris le personnel et de d\u00e9velopper cette<strong> relation qualitative<\/strong>.<\/p><p>Le <strong>cadre architectural complexe et adaptable<\/strong> que nous avons d\u00e9crit, rejetant la s\u00e8che rationalit\u00e9, pourrait susciter aussi une <strong>relation plus qualitative.<\/strong> Par exemple, un soignant entrant dans un v\u00e9ritable logement aura une attitude plus \u00e9labor\u00e9e, la diversit\u00e9 foisonnante des lieux collectifs nourrira les \u00e9changes\u2026<\/p><p>Les <strong>quartiers <\/strong>pourraient se pr\u00eater \u00e0<strong> une organisation d\u00e9centralis\u00e9e<\/strong>, avec pour chacun une \u00e9quipe d\u2019\u00e9lection, dot\u00e9e d\u2019autonomie, mobilisant entraide, polyvalence, flexibilit\u00e9 en son sein pour sortir du taylorisme et b\u00e2tir avec les habitants <strong>une relation riche et sur mesure, quasi familiale<\/strong>.<\/p><p>Enfin, <a href=\"https:\/\/www.gerontim.com\/fr\/articles\/actus\/plan-aide-investissement-pai-2022-2023\/\"><strong>l\u2019ouverture de l\u2019EHPAD \u00e0 la cit\u00e9<\/strong><\/a> inclut pour le personnel, au-del\u00e0 de son strict r\u00f4le professionnel, le loisir de mobiliser sa connaissance priv\u00e9e de lieux, de personnes, d\u2019activit\u00e9s, pour proposer aux habitants des <strong>opportunit\u00e9s<\/strong> <strong>amicales\u00a0:<\/strong> sortie dans un cin\u00e9ma bien accessible ou dans un restaurant aux petits soins, venue dans l\u2019EHPAD d\u2019un artiste ami\u2026<\/p>\t\t\t\t\t\t\t\t<\/div>\n\t\t\t\t<\/div>\n\t\t\t\t<div class=\"elementor-element elementor-element-bad60a1 elementor-widget elementor-widget-heading\" data-id=\"bad60a1\" data-element_type=\"widget\" data-e-type=\"widget\" data-widget_type=\"heading.default\">\n\t\t\t\t<div class=\"elementor-widget-container\">\n\t\t\t\t\t<h4 class=\"elementor-heading-title elementor-size-default\">Valorisation de l'autonomie, des responsabilit\u00e9s, de la cr\u00e9ativit\u00e9 dans le travail<\/h4>\t\t\t\t<\/div>\n\t\t\t\t<\/div>\n\t\t\t\t<div class=\"elementor-element elementor-element-9551f94 elementor-widget elementor-widget-text-editor\" data-id=\"9551f94\" data-element_type=\"widget\" data-e-type=\"widget\" data-widget_type=\"text-editor.default\">\n\t\t\t\t<div class=\"elementor-widget-container\">\n\t\t\t\t\t\t\t\t\t<p>Cette <strong>d\u00e9centralisation<\/strong> <strong>des \u00e9quipes<\/strong> de quartier a un fort int\u00e9r\u00eat en soi pour le personnel, car le sens dans le travail passe aussi par la possibilit\u00e9 d\u2019\u00eatre \u00e0 l\u2019initiative, de participer \u00e0 la cr\u00e9ation collective, d\u2019\u00eatre reconnu, d\u2019\u00eatre \u00e9paul\u00e9, cela <strong>\u00e0 l\u2019oppos\u00e9 d\u2019un r\u00f4le passif d\u2019ex\u00e9cution<\/strong>.<\/p>\t\t\t\t\t\t\t\t<\/div>\n\t\t\t\t<\/div>\n\t\t\t\t\t<\/div>\n\t\t<\/div>\n\t\t\t\t\t<\/div>\n\t\t<\/section>\n\t\t\t\t<section class=\"elementor-section elementor-top-section elementor-element elementor-element-506ec34 elementor-section-stretched billet-texte elementor-section-boxed elementor-section-height-default elementor-section-height-default\" data-id=\"506ec34\" data-element_type=\"section\" data-e-type=\"section\" data-settings=\"{&quot;stretch_section&quot;:&quot;section-stretched&quot;}\">\n\t\t\t\t\t\t<div class=\"elementor-container elementor-column-gap-default\">\n\t\t\t\t\t<div class=\"elementor-column elementor-col-100 elementor-top-column elementor-element elementor-element-a36e865\" data-id=\"a36e865\" data-element_type=\"column\" data-e-type=\"column\">\n\t\t\t<div class=\"elementor-widget-wrap elementor-element-populated\">\n\t\t\t\t\t\t<div class=\"elementor-element elementor-element-6e50a99 title-h3 elementor-widget elementor-widget-uael-advanced-heading\" data-id=\"6e50a99\" data-element_type=\"widget\" data-e-type=\"widget\" data-widget_type=\"uael-advanced-heading.default\">\n\t\t\t\t<div class=\"elementor-widget-container\">\n\t\t\t\t\t\n\t\t<div class=\"uael-module-content uael-heading-wrapper\">\n\t\t\t\t\t\t\n\t\t\t<h2 class=\"uael-heading\">\n\t\t\t\t\t\t\t\t\t\t<span class=\"uael-heading-text elementor-inline-editing uael-size--default\" data-elementor-setting-key=\"heading_title\" data-elementor-inline-editing-toolbar=\"basic\">Quels avantages pour les co\u00fbts ? <\/span>\n\t\t\t\t\t\t\t<\/h2>\n\n\t\t\t\n\t\t\t\t\t\t<div class=\"uael-module-content uael-separator-parent\">\n\t\t\t\t\t\t\t\t\t\t\t\t\t<div class=\"uael-separator\"><\/div>\n\t\t\t\t\t\t\t<\/div>\n\t\t\t\n\t\t\t\n\t\t\t\t\t\t<\/div>\n\t\t\t\t\t\t<\/div>\n\t\t\t\t<\/div>\n\t\t\t\t<div class=\"elementor-element elementor-element-fd5aba3 elementor-widget elementor-widget-text-editor\" data-id=\"fd5aba3\" data-element_type=\"widget\" data-e-type=\"widget\" data-widget_type=\"text-editor.default\">\n\t\t\t\t<div class=\"elementor-widget-container\">\n\t\t\t\t\t\t\t\t\t<p>La mise en \u0153uvre (construction, utilisation) d\u2019un EHPAD lieu de vie, aussi sophistiqu\u00e9 et donc a priori plus cher qu\u2019un EHPAD \u00ab\u00a0classique\u00a0\u00bb, peut faire figure elle aussi de d\u00e9fi impossible, dans un contexte de finances d\u00e9grad\u00e9es.<\/p><p>Mais l\u00e0 encore, l\u2019av\u00e8nement de <strong>l\u2019EHPAD lieu de vie laisse<\/strong> <strong>esp\u00e9rer des avantages consistants<\/strong> sur le <strong>co\u00fbt de fonctionnement <\/strong>et le <strong>co\u00fbt d\u2019investissement,<\/strong> ou du moins une absence d\u2019aggravation<strong>.<\/strong><\/p>\t\t\t\t\t\t\t\t<\/div>\n\t\t\t\t<\/div>\n\t\t\t\t<div class=\"elementor-element elementor-element-ac8e42e elementor-widget elementor-widget-heading\" data-id=\"ac8e42e\" data-element_type=\"widget\" data-e-type=\"widget\" data-widget_type=\"heading.default\">\n\t\t\t\t<div class=\"elementor-widget-container\">\n\t\t\t\t\t<h3 class=\"elementor-heading-title elementor-size-default\">Diminution des co\u00fbts de fonctionnement<\/h3>\t\t\t\t<\/div>\n\t\t\t\t<\/div>\n\t\t\t\t<div class=\"elementor-element elementor-element-b73f693 elementor-widget elementor-widget-text-editor\" data-id=\"b73f693\" data-element_type=\"widget\" data-e-type=\"widget\" data-widget_type=\"text-editor.default\">\n\t\t\t\t<div class=\"elementor-widget-container\">\n\t\t\t\t\t\t\t\t\t<p><strong>La progression de la QVT <\/strong>cit\u00e9e plus haut peut concourir \u00e0 abaisser fortement le co\u00fbt de fonctionnement.<\/p><p>Ainsi de l\u2019am\u00e9lioration <strong>du confort pratique<\/strong> :<\/p><ul><li>L&rsquo;<strong>\u00e9conomie de temps <\/strong>nourrira prioritairement la relation qualitative avec les habitants, mais pourrait constituer pour une bonne part une \u00e9conomie directe ;<\/li><li>La <strong>facilit\u00e9 d\u2019intervention<\/strong> et la <strong>r\u00e9duction<\/strong> <strong>des TMS <\/strong>pourraient abaisser les taux d\u2019accidents du travail et d\u2019absent\u00e9isme et donc les co\u00fbts li\u00e9s dont l\u2019int\u00e9rim (et en outre d\u00e9gager encore du temps).<\/li><\/ul><p>Et du <strong>gain de sens<\/strong>, peut-\u00eatre plus encore<strong>\u00a0:<\/strong> <strong>la motivation retrouv\u00e9e<\/strong> du personnel, l\u2019\u00e9nergie et l\u2019efficacit\u00e9 induites, pourraient avoir un effet \u00e9conomique certes difficile \u00e0 anticiper, mais particuli\u00e8rement puissant.<\/p>\t\t\t\t\t\t\t\t<\/div>\n\t\t\t\t<\/div>\n\t\t\t\t<div class=\"elementor-element elementor-element-301ac13 elementor-widget elementor-widget-heading\" data-id=\"301ac13\" data-element_type=\"widget\" data-e-type=\"widget\" data-widget_type=\"heading.default\">\n\t\t\t\t<div class=\"elementor-widget-container\">\n\t\t\t\t\t<h3 class=\"elementor-heading-title elementor-size-default\">All\u00e8gement du co\u00fbt d\u2019investissement<\/h3>\t\t\t\t<\/div>\n\t\t\t\t<\/div>\n\t\t\t\t<div class=\"elementor-element elementor-element-6c3096e elementor-widget elementor-widget-text-editor\" data-id=\"6c3096e\" data-element_type=\"widget\" data-e-type=\"widget\" data-widget_type=\"text-editor.default\">\n\t\t\t\t<div class=\"elementor-widget-container\">\n\t\t\t\t\t\t\t\t\t<p>La surface d\u2019un EHPAD lieu de vie, dot\u00e9 de logements d\u2019au moins 25 m2 et de locaux vari\u00e9s de vie sociale, semble devoir \u00eatre plus \u00e9lev\u00e9e que celle d\u2019un EHPAD actuel. <strong>Deux leviers de ma\u00eetrise de la surface<\/strong>, parmi d\u2019autres non explor\u00e9s ici, semblent cependant prometteurs\u00a0:<\/p><ul><li>La <strong>mutualisation des espaces <\/strong>: la succession dans le temps des usages, la cohabitation au m\u00eame moment d\u2019usages compatibles, sont \u00e0 promouvoir\u00a0; et cela dans l\u2019esprit nouveau de libert\u00e9 des habitants d\u2019investir les lieux collectifs, d\u2019immersion des locaux professionnels\u00a0dans les lieux de vie social<\/li><li>La <strong>r\u00e9duction de la surface des circulations, <\/strong>dont le taux est habituellement \u00e9lev\u00e9 (30 \u00e0 40% de la surface utile) : leur largeur ne pouvant \u00eatre r\u00e9duite (le type J exige 140 cm), une solution peut \u00eatre de miser, \u00e0 l\u2019oppos\u00e9 de la lin\u00e9arit\u00e9, sur la compacit\u00e9 architecturale, une circulation centrale r\u00e9duite desservant alors une vaste surface p\u00e9riph\u00e9rique\u00a0; le concept de <strong>quartier<\/strong>, notamment, se pr\u00eate \u00e0 cela.<\/li><\/ul>\t\t\t\t\t\t\t\t<\/div>\n\t\t\t\t<\/div>\n\t\t\t\t<div class=\"elementor-element elementor-element-7b3a591 elementor-widget-divider--view-line elementor-widget elementor-widget-divider\" data-id=\"7b3a591\" data-element_type=\"widget\" data-e-type=\"widget\" data-widget_type=\"divider.default\">\n\t\t\t\t<div class=\"elementor-widget-container\">\n\t\t\t\t\t\t\t<div class=\"elementor-divider\">\n\t\t\t<span class=\"elementor-divider-separator\">\n\t\t\t\t\t\t<\/span>\n\t\t<\/div>\n\t\t\t\t\t\t<\/div>\n\t\t\t\t<\/div>\n\t\t\t\t<div class=\"elementor-element elementor-element-cb29365 elementor-widget elementor-widget-text-editor\" data-id=\"cb29365\" data-element_type=\"widget\" data-e-type=\"widget\" data-widget_type=\"text-editor.default\">\n\t\t\t\t<div class=\"elementor-widget-container\">\n\t\t\t\t\t\t\t\t\t<p>Tous ces avantages potentiels sont \u00e0 explorer et quantifier, en lien avec le d\u00e9veloppement architectural d\u2019un EHPAD lieu de vie, et paraissent prometteurs dans leurs domaines respectifs pour <strong>aider \u00e0 contrer la pi\u00e8tre conjoncture actuelle<\/strong>.<\/p><p>A l\u2019appui de cette th\u00e8se, on observe que <strong>certains EHPAD parviennent \u00e0 se transformer avec les moyens d\u2019aujourd\u2019hui<\/strong>.<\/p>\t\t\t\t\t\t\t\t<\/div>\n\t\t\t\t<\/div>\n\t\t\t\t\t<\/div>\n\t\t<\/div>\n\t\t\t\t\t<\/div>\n\t\t<\/section>\n\t\t\t\t<section class=\"elementor-section elementor-top-section elementor-element elementor-element-55e36b1 elementor-section-boxed elementor-section-height-default elementor-section-height-default\" data-id=\"55e36b1\" data-element_type=\"section\" data-e-type=\"section\">\n\t\t\t\t\t\t<div class=\"elementor-container elementor-column-gap-default\">\n\t\t\t\t\t<div class=\"elementor-column elementor-col-100 elementor-top-column elementor-element elementor-element-5654d00\" data-id=\"5654d00\" data-element_type=\"column\" data-e-type=\"column\">\n\t\t\t<div class=\"elementor-widget-wrap elementor-element-populated\">\n\t\t\t\t\t\t<div class=\"elementor-element elementor-element-35037b2 elementor-align-center elementor-widget elementor-widget-button\" data-id=\"35037b2\" data-element_type=\"widget\" data-e-type=\"widget\" data-widget_type=\"button.default\">\n\t\t\t\t<div class=\"elementor-widget-container\">\n\t\t\t\t\t\t\t\t\t<div class=\"elementor-button-wrapper\">\n\t\t\t\t\t<a class=\"elementor-button elementor-button-link elementor-size-lg\" href=\"https:\/\/www.gerontim.com\/fr\/articles\/experts\/ehpad-lieu-de-vie-par-nature\/\">\n\t\t\t\t\t\t<span class=\"elementor-button-content-wrapper\">\n\t\t\t\t\t\t<span class=\"elementor-button-icon\">\n\t\t\t\t<i aria-hidden=\"true\" class=\"fas fa-arrow-circle-right\"><\/i>\t\t\t<\/span>\n\t\t\t\t\t\t\t\t\t<span class=\"elementor-button-text\">D\u00e9couvrez notre billet sur <b>l'EHPAD lieu de vie par nature<\/b><\/span>\n\t\t\t\t\t<\/span>\n\t\t\t\t\t<\/a>\n\t\t\t\t<\/div>\n\t\t\t\t\t\t\t\t<\/div>\n\t\t\t\t<\/div>\n\t\t\t\t\t<\/div>\n\t\t<\/div>\n\t\t\t\t\t<\/div>\n\t\t<\/section>\n\t\t\t\t<footer class=\"elementor-section elementor-top-section elementor-element elementor-element-39ee0cd elementor-section-boxed elementor-section-height-default elementor-section-height-default\" data-id=\"39ee0cd\" data-element_type=\"section\" data-e-type=\"section\" data-settings=\"{&quot;background_background&quot;:&quot;classic&quot;}\">\n\t\t\t\t\t\t<div class=\"elementor-container elementor-column-gap-default\">\n\t\t\t\t\t<div class=\"elementor-column elementor-col-100 elementor-top-column elementor-element elementor-element-a72a10e\" data-id=\"a72a10e\" data-element_type=\"column\" data-e-type=\"column\">\n\t\t\t<div class=\"elementor-widget-wrap elementor-element-populated\">\n\t\t\t\t\t\t<div class=\"elementor-element elementor-element-d78565b elementor-author-box--image-valign-middle elementor-widget elementor-widget-author-box\" data-id=\"d78565b\" data-element_type=\"widget\" data-e-type=\"widget\" data-widget_type=\"author-box.default\">\n\t\t\t\t<div class=\"elementor-widget-container\">\n\t\t\t\t\t\t\t<div class=\"elementor-author-box\">\n\t\t\t\t\t\t\t<div  class=\"elementor-author-box__avatar\">\n\t\t\t\t\t<img decoding=\"async\" src=\"https:\/\/www.gerontim.com\/wp-content\/uploads\/2025\/10\/didier-cornilliat-architecte-dplg-gerontim-291x300.png\" alt=\"Image de Didier CORNILLIAT\" loading=\"lazy\">\n\t\t\t\t<\/div>\n\t\t\t\n\t\t\t<div class=\"elementor-author-box__text\">\n\t\t\t\t\t\t\t\t\t<div >\n\t\t\t\t\t\t<h4 class=\"elementor-author-box__name\">\n\t\t\t\t\t\t\tDidier CORNILLIAT\t\t\t\t\t\t<\/h4>\n\t\t\t\t\t<\/div>\n\t\t\t\t\n\t\t\t\t\t\t\t\t\t<div class=\"elementor-author-box__bio\">\n\t\t\t\t\t\t<p><b><i>Consultant Architecte DPLG chez Gerontim <\/b><\/i> - Assistant \u00e0 ma\u00eetre d\u2019ouvrage depuis 2008, auparavant maitre d'oeuvre, il met ses comp\u00e9tences et exp\u00e9riences au service des \u00e9tablissements souhaitant adapter leur cadre b\u00e2ti aux besoins des r\u00e9sidents et \u00e9quipes. Attentif aux enjeux de l'habitat et de la citoyennet\u00e9, il propose \u00e9coute, concertation, assistance \u00e0 ma\u00eetrise d'usage.<\/p>\n\t\t\t\t\t<\/div>\n\t\t\t\t\n\t\t\t\t\t\t\t<\/div>\n\t\t<\/div>\n\t\t\t\t\t\t<\/div>\n\t\t\t\t<\/div>\n\t\t\t\t\t<\/div>\n\t\t<\/div>\n\t\t\t\t\t<\/div>\n\t\t<\/footer>\n\t\t\t\t<section class=\"elementor-section elementor-top-section elementor-element elementor-element-f7ed4e1 elementor-section-stretched elementor-section-full_width noprint elementor-section-height-default elementor-section-height-default\" data-id=\"f7ed4e1\" data-element_type=\"section\" data-e-type=\"section\" id=\"cta-demarrer\" data-settings=\"{&quot;stretch_section&quot;:&quot;section-stretched&quot;}\">\n\t\t\t\t\t\t<div class=\"elementor-container elementor-column-gap-no\">\n\t\t\t\t\t<div class=\"elementor-column elementor-col-100 elementor-top-column elementor-element elementor-element-f92b0f2\" data-id=\"f92b0f2\" data-element_type=\"column\" data-e-type=\"column\">\n\t\t\t<div class=\"elementor-widget-wrap elementor-element-populated\">\n\t\t\t\t\t\t<div class=\"elementor-element elementor-element-5deefb8 elementor-cta--skin-classic elementor-animated-content elementor-bg-transform elementor-bg-transform-zoom-in elementor-widget elementor-widget-call-to-action\" data-id=\"5deefb8\" data-element_type=\"widget\" data-e-type=\"widget\" data-widget_type=\"call-to-action.default\">\n\t\t\t\t<div class=\"elementor-widget-container\">\n\t\t\t\t\t\t\t<div class=\"elementor-cta\">\n\t\t\t\t\t\t\t<div class=\"elementor-cta__content\">\n\t\t\t\t\t\t\t\t\t<div class=\"elementor-content-item elementor-cta__content-item elementor-icon-wrapper elementor-cta__icon elementor-view-default\">\n\t\t\t\t\t\t<div class=\"elementor-icon\">\n\t\t\t\t\t\t\t<i aria-hidden=\"true\" class=\"fas fa-trophy\"><\/i>\t\t\t\t\t\t<\/div>\n\t\t\t\t\t<\/div>\n\t\t\t\t\n\t\t\t\t\t\t\t\t\t<h3 class=\"elementor-cta__title elementor-cta__content-item elementor-content-item\">\n\t\t\t\t\t\tVous avez besoin d\u2019aide pour votre projet architectural ? \t\t\t\t\t<\/h3>\n\t\t\t\t\n\t\t\t\t\t\t\t\t\t<div class=\"elementor-cta__description elementor-cta__content-item elementor-content-item\">\n\t\t\t\t\t\tContactez-nous et calibrons ensemble une assistance sur-mesure qui r\u00e9ponde \u00e0 vos besoins.\t\t\t\t\t<\/div>\n\t\t\t\t\n\t\t\t\t\t\t\t\t\t<div class=\"elementor-cta__button-wrapper elementor-cta__content-item elementor-content-item \">\n\t\t\t\t\t<a class=\"elementor-cta__button elementor-button elementor-size-\" href=\"https:\/\/www.gerontim.com\/fr\/contact\/\">\n\t\t\t\t\t\tDEMARRER L'AVENTURE !\t\t\t\t\t<\/a>\n\t\t\t\t\t<\/div>\n\t\t\t\t\t\t\t<\/div>\n\t\t\t\t\t\t<\/div>\n\t\t\t\t\t\t<\/div>\n\t\t\t\t<\/div>\n\t\t\t\t\t<\/div>\n\t\t<\/div>\n\t\t\t\t\t<\/div>\n\t\t<\/section>\n\t\t\t\t<section class=\"elementor-section elementor-top-section elementor-element elementor-element-c536ab8 elementor-section-boxed elementor-section-height-default elementor-section-height-default\" data-id=\"c536ab8\" data-element_type=\"section\" data-e-type=\"section\">\n\t\t\t\t\t\t<div class=\"elementor-container elementor-column-gap-default\">\n\t\t\t\t\t<div class=\"elementor-column elementor-col-100 elementor-top-column elementor-element elementor-element-d58321e\" data-id=\"d58321e\" data-element_type=\"column\" data-e-type=\"column\">\n\t\t\t<div class=\"elementor-widget-wrap elementor-element-populated\">\n\t\t\t\t\t\t<div class=\"elementor-element elementor-element-ccd87b0 elementor-widget elementor-widget-global elementor-global-4226 elementor-widget-html\" data-id=\"ccd87b0\" data-element_type=\"widget\" data-e-type=\"widget\" data-widget_type=\"html.default\">\n\t\t\t\t<div class=\"elementor-widget-container\">\n\t\t\t\t\t\t\t\t\t<\/div>\n\t\t\t\t<\/div>\n\t\t\t\t\t<\/div>\n\t\t<\/div>\n\t\t\t\t\t<\/div>\n\t\t<\/section>\n\t\t\t\t<aside class=\"elementor-section elementor-top-section elementor-element elementor-element-a38900f elementor-section-height-min-height noprint elementor-section-boxed elementor-section-height-default elementor-section-items-middle\" data-id=\"a38900f\" data-element_type=\"section\" data-e-type=\"section\" id=\"bloc-ensavoirplus\" data-settings=\"{&quot;background_background&quot;:&quot;classic&quot;}\">\n\t\t\t\t\t\t\t<div class=\"elementor-background-overlay\"><\/div>\n\t\t\t\t\t\t\t<div class=\"elementor-container elementor-column-gap-default\">\n\t\t\t\t\t<div class=\"elementor-column elementor-col-100 elementor-top-column elementor-element elementor-element-84b0ed5\" data-id=\"84b0ed5\" data-element_type=\"column\" data-e-type=\"column\">\n\t\t\t<div class=\"elementor-widget-wrap elementor-element-populated\">\n\t\t\t\t\t\t<div class=\"elementor-element elementor-element-6cd2be7 uael-dual-heading-align-center uae-toc-hide-heading elementor-invisible elementor-widget elementor-widget-uael-dual-color-heading\" data-id=\"6cd2be7\" data-element_type=\"widget\" data-e-type=\"widget\" id=\"nosomm\" data-settings=\"{&quot;_animation&quot;:&quot;fadeIn&quot;}\" data-widget_type=\"uael-dual-color-heading.default\">\n\t\t\t\t<div class=\"elementor-widget-container\">\n\t\t\t\t\t\t\t\t\t<div class=\"uael-module-content uael-dual-color-heading uael-stack-desktop-yes uael-heading-stack-\">\n\t\t\t<h2>\n\t\t\t\t\t\t\t\t\t\t\t\t\t\t\t\t<span class=\"uael-before-heading\"><span class=\"elementor-inline-editing uael-dual-heading-text uael-first-text\" data-elementor-setting-key=\"before_heading_text\" data-elementor-inline-editing-toolbar=\"basic\">En savoir plus sur nos <\/span><\/span><span class=\"uael-adv-heading-stack\"><span class=\"elementor-inline-editing uael-dual-heading-text uael-highlight-text\" data-elementor-setting-key=\"second_heading_text\" data-elementor-inline-editing-toolbar=\"basic\">prestations d\u00e9di\u00e9es \u00e0 vos projets architecturaux\u200b<\/span><\/span>\t\t\t\t\t\t\t\t\t\t\t\t\t<\/h2>\n\t\t<\/div>\n\t\t\t\t\t\t<\/div>\n\t\t\t\t<\/div>\n\t\t\t\t<section class=\"elementor-section elementor-inner-section elementor-element elementor-element-703548e elementor-section-content-middle elementor-section-boxed elementor-section-height-default elementor-section-height-default\" data-id=\"703548e\" data-element_type=\"section\" data-e-type=\"section\">\n\t\t\t\t\t\t<div class=\"elementor-container elementor-column-gap-default\">\n\t\t\t\t\t<div class=\"elementor-column elementor-col-66 elementor-inner-column elementor-element elementor-element-ca77dd4\" data-id=\"ca77dd4\" data-element_type=\"column\" data-e-type=\"column\">\n\t\t\t<div class=\"elementor-widget-wrap elementor-element-populated\">\n\t\t\t\t\t\t<div class=\"elementor-element elementor-element-caa3463 elementor-widget elementor-widget-text-editor\" data-id=\"caa3463\" data-element_type=\"widget\" data-e-type=\"widget\" data-widget_type=\"text-editor.default\">\n\t\t\t\t<div class=\"elementor-widget-container\">\n\t\t\t\t\t\t\t\t\t<p style=\"text-align: left;\">Restructuration, extension, reconstruction ; Gerontim vous accompagne sur l\u2019ensemble du projet,<br \/>depuis les premiers choix strat\u00e9giques jusqu\u2019\u00e0 la formalisation architecturale d\u00e9taill\u00e9e.<\/p>\t\t\t\t\t\t\t\t<\/div>\n\t\t\t\t<\/div>\n\t\t\t\t\t<\/div>\n\t\t<\/div>\n\t\t\t\t<div class=\"elementor-column elementor-col-33 elementor-inner-column elementor-element elementor-element-92df516\" data-id=\"92df516\" data-element_type=\"column\" data-e-type=\"column\">\n\t\t\t<div class=\"elementor-widget-wrap elementor-element-populated\">\n\t\t\t\t\t\t<div class=\"elementor-element elementor-element-e4367ff elementor-widget elementor-widget-image\" data-id=\"e4367ff\" data-element_type=\"widget\" data-e-type=\"widget\" data-widget_type=\"image.default\">\n\t\t\t\t<div class=\"elementor-widget-container\">\n\t\t\t\t\t\t\t\t\t\t\t\t<figure class=\"wp-caption\">\n\t\t\t\t\t\t\t\t\t\t<img fetchpriority=\"high\" decoding=\"async\" width=\"300\" height=\"200\" src=\"https:\/\/www.gerontim.com\/wp-content\/uploads\/2019\/10\/plan-projet-architectural-ehpad-300x200.jpg\" class=\"attachment-medium size-medium wp-image-4809\" alt=\"Guider les EHPAD dans leurs projets de construction et restructuration architecturale\" srcset=\"https:\/\/www.gerontim.com\/wp-content\/uploads\/2019\/10\/plan-projet-architectural-ehpad-300x200.jpg 300w, https:\/\/www.gerontim.com\/wp-content\/uploads\/2019\/10\/plan-projet-architectural-ehpad-1024x683.jpg 1024w, https:\/\/www.gerontim.com\/wp-content\/uploads\/2019\/10\/plan-projet-architectural-ehpad-768x512.jpg 768w, https:\/\/www.gerontim.com\/wp-content\/uploads\/2019\/10\/plan-projet-architectural-ehpad-1536x1024.jpg 1536w, https:\/\/www.gerontim.com\/wp-content\/uploads\/2019\/10\/plan-projet-architectural-ehpad.jpg 1920w\" sizes=\"(max-width: 300px) 100vw, 300px\" \/>\t\t\t\t\t\t\t\t\t\t\t<figcaption class=\"widget-image-caption wp-caption-text\"><\/figcaption>\n\t\t\t\t\t\t\t\t\t\t<\/figure>\n\t\t\t\t\t\t\t\t\t<\/div>\n\t\t\t\t<\/div>\n\t\t\t\t\t<\/div>\n\t\t<\/div>\n\t\t\t\t\t<\/div>\n\t\t<\/section>\n\t\t\t\t<div class=\"elementor-element elementor-element-0647424 elementor-align-center elementor-widget elementor-widget-button\" data-id=\"0647424\" data-element_type=\"widget\" data-e-type=\"widget\" data-widget_type=\"button.default\">\n\t\t\t\t<div class=\"elementor-widget-container\">\n\t\t\t\t\t\t\t\t\t<div class=\"elementor-button-wrapper\">\n\t\t\t\t\t<a class=\"elementor-button elementor-button-link elementor-size-md\" href=\"https:\/\/www.gerontim.com\/fr\/prestations\/projets-architecturaux\/\">\n\t\t\t\t\t\t<span class=\"elementor-button-content-wrapper\">\n\t\t\t\t\t\t\t\t\t<span class=\"elementor-button-text\">Plus d'informations<\/span>\n\t\t\t\t\t<\/span>\n\t\t\t\t\t<\/a>\n\t\t\t\t<\/div>\n\t\t\t\t\t\t\t\t<\/div>\n\t\t\t\t<\/div>\n\t\t\t\t\t<\/div>\n\t\t<\/div>\n\t\t\t\t\t<\/div>\n\t\t<\/aside>\n\t\t\t\t<aside class=\"elementor-section elementor-top-section elementor-element elementor-element-bedeb68 elementor-section-height-min-height noprint elementor-section-boxed elementor-section-height-default elementor-section-items-middle\" data-id=\"bedeb68\" data-element_type=\"section\" data-e-type=\"section\">\n\t\t\t\t\t\t\t<div class=\"elementor-background-overlay\"><\/div>\n\t\t\t\t\t\t\t<div class=\"elementor-container elementor-column-gap-default\">\n\t\t\t\t\t<div class=\"elementor-column elementor-col-100 elementor-top-column elementor-element elementor-element-3ce1611\" data-id=\"3ce1611\" data-element_type=\"column\" data-e-type=\"column\">\n\t\t\t<div class=\"elementor-widget-wrap elementor-element-populated\">\n\t\t\t\t\t\t<div class=\"elementor-section elementor-inner-section elementor-element elementor-element-f7d62ee elementor-section-boxed elementor-section-height-default elementor-section-height-default\" data-id=\"f7d62ee\" data-element_type=\"section\" data-e-type=\"section\">\n\t\t\t\t\t\t<div class=\"elementor-container elementor-column-gap-default\">\n\t\t\t\t\t<div class=\"elementor-column elementor-col-100 elementor-inner-column elementor-element elementor-element-c4a7da1\" data-id=\"c4a7da1\" data-element_type=\"column\" data-e-type=\"column\">\n\t\t\t<div class=\"elementor-widget-wrap elementor-element-populated\">\n\t\t\t\t\t\t<div class=\"elementor-element elementor-element-c894093 title-h3 uae-toc-hide-heading elementor-widget elementor-widget-heading\" data-id=\"c894093\" data-element_type=\"widget\" data-e-type=\"widget\" id=\"nosomm\" data-widget_type=\"heading.default\">\n\t\t\t\t<div class=\"elementor-widget-container\">\n\t\t\t\t\t<h2 class=\"elementor-heading-title elementor-size-default\">D\u00e9couvrez d'autres contenus<br> qui pourraient <strong>vous int\u00e9resser<\/strong><\/h2>\t\t\t\t<\/div>\n\t\t\t\t<\/div>\n\t\t\t\t\t<\/div>\n\t\t<\/div>\n\t\t\t\t\t<\/div>\n\t\t<\/div>\n\t\t\t\t<div class=\"elementor-element elementor-element-b52094d uael-post__link-complete-yes uael-post__arrow-outside elementor-widget elementor-widget-uael-posts\" data-id=\"b52094d\" data-element_type=\"widget\" data-e-type=\"widget\" data-settings=\"{&quot;event_slides_to_show&quot;:3,&quot;event_slides_to_show_tablet&quot;:2,&quot;event_slides_to_show_mobile&quot;:1}\" data-widget_type=\"uael-posts.event\">\n\t\t\t\t<div class=\"elementor-widget-container\">\n\t\t\t\t\t\t\t<div class=\"uael-post__header\">\n\t\t\t\t\t<\/div>\n\t\t<div class=\"uael-post__body\">\n\t\t\t\n\t\t\n\t\t<div class=\"uael-post-grid uael-posts\" data-query-type=\"custom\" data-structure=\"carousel\" data-layout=\"\" data-page=\"12374\" data-skin=\"event\" data-filter-default=\"\" data-offset-top=\"30\" data-post_slider=\"{&quot;slidesToShow&quot;:3,&quot;slidesToScroll&quot;:1,&quot;autoplaySpeed&quot;:5000,&quot;autoplay&quot;:false,&quot;infinite&quot;:true,&quot;pauseOnHover&quot;:false,&quot;speed&quot;:500,&quot;arrows&quot;:true,&quot;dots&quot;:true,&quot;rtl&quot;:false,&quot;prevArrow&quot;:&quot;&lt;button type=\\&quot;button\\&quot; data-role=\\&quot;none\\&quot; class=\\&quot;slick-prev\\&quot; aria-label=\\&quot;Previous\\&quot; tabindex=\\&quot;0\\&quot; role=\\&quot;button\\&quot;&gt;&lt;i class=\\&quot;fa fa-angle-left\\&quot;&gt;&lt;\\\/i&gt;&lt;\\\/button&gt;&quot;,&quot;nextArrow&quot;:&quot;&lt;button type=\\&quot;button\\&quot; data-role=\\&quot;none\\&quot; class=\\&quot;slick-next\\&quot; aria-label=\\&quot;Next\\&quot; tabindex=\\&quot;0\\&quot; role=\\&quot;button\\&quot;&gt;&lt;i class=\\&quot;fa fa-angle-right\\&quot;&gt;&lt;\\\/i&gt;&lt;\\\/button&gt;&quot;,&quot;responsive&quot;:[{&quot;breakpoint&quot;:1024,&quot;settings&quot;:{&quot;slidesToShow&quot;:2,&quot;slidesToScroll&quot;:2}},{&quot;breakpoint&quot;:767,&quot;settings&quot;:{&quot;slidesToShow&quot;:1,&quot;slidesToScroll&quot;:1}}]}\" data-equal-height=\"yes\" data-post-count=\"9\">\n\n\t\t\t\t\t\t\t<div class=\"uael-post-grid__inner uael-post__columns-3 uael-post__columns-tablet-2 uael-post__columns-mobile-1\">\n\t\t\t\n\n<div class=\"uael-post-wrapper   billets-d&#039;experts \">\n\t<div class=\"uael-post__bg-wrap uael-bg-wrap-disabled\">\n\n\t\t\t\t\t<a href=\"https:\/\/www.gerontim.com\/fr\/articles\/experts\/ehpad-lieu-de-vie-par-nature\/\" target=\"_self\" class=\"uael-post__complete-box-overlay\" aria-label=\"Link Complete Box\"><\/a>\n\t\t\t\t\n\t\t<div class=\"uael-post__inner-wrap uael-inner-wrap-disabled\">\n\n\t\t\t\t<div class=\"uael-post__thumbnail \">\n\t\t\t\t\t\t<a target=\"_self\" href=\"https:\/\/www.gerontim.com\/fr\/articles\/experts\/ehpad-lieu-de-vie-par-nature\/\" title=\"L&rsquo;EHPAD : un lieu de vie par nature qui cherche encore \u00e0 s&rsquo;accomplir\"><img decoding=\"async\" src=\"https:\/\/www.gerontim.com\/wp-content\/uploads\/elementor\/thumbs\/ehpad-lieu-de-vie-par-nature-rdl1xzcrcg0j0ycf0x5ngkj2r0smpv8jdu6wd1zmhg.jpg\" title=\"EHPAD lieu de vie par nature\" alt=\"Personnes \u00e2g\u00e9es jardinant dans un EHPAD lieu de vie\" loading=\"lazy\" \/><\/a>\n\t\t\t\t\t<div class=\"uael-post__datebox \">\n\t\t\t\t<div class=\"uael-post__date-wrap\">\n\t\t\t\t\t\t\t\t\t\t<span class='uael-post__date-month'>Oct<\/span><span class='uael-post__date-day'>27<\/span>\t\t\t\t<\/div>\t\t\t\t\n\t\t\t<\/div>\n\t\t<\/div>\n\t\t\n\t\t\t\n\t\t\t<div class=\"uael-post__content-wrap uael-content-wrap-disabled\">\n\n\t\t\t\t\t<h3 class=\"uael-post__title\">\n\n\t\t\n\t\t\t\t\t\t<a href=\"https:\/\/www.gerontim.com\/fr\/articles\/experts\/ehpad-lieu-de-vie-par-nature\/\" target=\"_self\">\n\t\t\t\tL&rsquo;EHPAD : un lieu de vie par nature qui cherche encore \u00e0 s&rsquo;accomplir\t\t\t<\/a>\n\n\t\t\t\t<\/h3>\n\t\t\n\t\t<div class=\"uael-post__excerpt\">\n\t\t\tL\u2019EHPAD lieu de vie ne se r\u00e9sume pas \u00e0 un lieu de soins : il doit devenir un v\u00e9ritable chez-soi pour les habitants. Malgr\u00e9 les ...\t\t<\/div>\n\n\t\t\t\t\t<\/div>\n\t\t\t\n\t\t<\/div>\n\t\t\n\n\t<\/div>\n\n<\/div>\n\n\n<div class=\"uael-post-wrapper   actualit\u00e9s gerontim \">\n\t<div class=\"uael-post__bg-wrap uael-bg-wrap-disabled\">\n\n\t\t\t\t\t<a href=\"https:\/\/www.gerontim.com\/fr\/articles\/actus\/approche-domiciliaire-ehpad-article-hospimedia\/\" target=\"_self\" class=\"uael-post__complete-box-overlay\" aria-label=\"Link Complete Box\"><\/a>\n\t\t\t\t\n\t\t<div class=\"uael-post__inner-wrap uael-inner-wrap-disabled\">\n\n\t\t\t\t<div class=\"uael-post__thumbnail \">\n\t\t\t\t\t\t<a target=\"_self\" href=\"https:\/\/www.gerontim.com\/fr\/articles\/actus\/approche-domiciliaire-ehpad-article-hospimedia\/\" title=\"L&rsquo;approche domiciliaire des EHPAD est aussi un enjeu d\u2019attractivit\u00e9 des personnels | HOSPIMEDIA\"><img decoding=\"async\" src=\"https:\/\/www.gerontim.com\/wp-content\/uploads\/elementor\/thumbs\/approche-domiciliaire-ehpad-enjeu-attractivite-personnels-rcibcpt7xoshzgakif308ozh605mu1tc4uj269u45w.jpg\" title=\"MAISON RETRAITE\" alt=\"L&#039;approche domiciliaire des ehpad est aussi un enjeu d&#039;attractivit\u00e9 des personnels.jpg\" loading=\"lazy\" \/><\/a>\n\t\t\t\t\t<div class=\"uael-post__datebox \">\n\t\t\t\t<div class=\"uael-post__date-wrap\">\n\t\t\t\t\t\t\t\t\t\t<span class='uael-post__date-month'>Oct<\/span><span class='uael-post__date-day'>01<\/span>\t\t\t\t<\/div>\t\t\t\t\n\t\t\t<\/div>\n\t\t<\/div>\n\t\t\n\t\t\t\n\t\t\t<div class=\"uael-post__content-wrap uael-content-wrap-disabled\">\n\n\t\t\t\t\t<h3 class=\"uael-post__title\">\n\n\t\t\n\t\t\t\t\t\t<a href=\"https:\/\/www.gerontim.com\/fr\/articles\/actus\/approche-domiciliaire-ehpad-article-hospimedia\/\" target=\"_self\">\n\t\t\t\tL&rsquo;approche domiciliaire des EHPAD est aussi un enjeu d\u2019attractivit\u00e9 des personnels | HOSPIMEDIA\t\t\t<\/a>\n\n\t\t\t\t<\/h3>\n\t\t\n\t\t<div class=\"uael-post__excerpt\">\n\t\t\tHospimedia consacre un article \u00e0 notre vision : transformer les EHPAD en v\u00e9ritables lieux de vie gr\u00e2ce \u00e0 l\u2019approche domiciliaire.\t\t<\/div>\n\n\t\t\t\t\t<\/div>\n\t\t\t\n\t\t<\/div>\n\t\t\n\n\t<\/div>\n\n<\/div>\n\n\n<div class=\"uael-post-wrapper   actualit\u00e9s g\u00e9rontologie \">\n\t<div class=\"uael-post__bg-wrap uael-bg-wrap-disabled\">\n\n\t\t\t\t\t<a href=\"https:\/\/www.gerontim.com\/fr\/articles\/actus\/plan-aide-investissement-2025\/\" target=\"_self\" class=\"uael-post__complete-box-overlay\" aria-label=\"Link Complete Box\"><\/a>\n\t\t\t\t\n\t\t<div class=\"uael-post__inner-wrap uael-inner-wrap-disabled\">\n\n\t\t\t\t<div class=\"uael-post__thumbnail \">\n\t\t\t\t\t\t<a target=\"_self\" href=\"https:\/\/www.gerontim.com\/fr\/articles\/actus\/plan-aide-investissement-2025\/\" title=\"Plan d\u2019Aide \u00e0 l\u2019Investissement 2025 : quelles sont les modalit\u00e9s\u00a0?\"><img decoding=\"async\" src=\"https:\/\/www.gerontim.com\/wp-content\/uploads\/elementor\/thumbs\/plan-aide-investissement-2025-2-r8xtg0be2o2gzccdk8mlp556f0oewri90gz24njjpw.jpg\" title=\"plan-aide-investissement-2025\" alt=\"Plan d&#039;aide \u00e0 l&#039;investissement 2025\" loading=\"lazy\" \/><\/a>\n\t\t\t\t\t<div class=\"uael-post__datebox \">\n\t\t\t\t<div class=\"uael-post__date-wrap\">\n\t\t\t\t\t\t\t\t\t\t<span class='uael-post__date-month'>Juil<\/span><span class='uael-post__date-day'>18<\/span>\t\t\t\t<\/div>\t\t\t\t\n\t\t\t<\/div>\n\t\t<\/div>\n\t\t\n\t\t\t\n\t\t\t<div class=\"uael-post__content-wrap uael-content-wrap-disabled\">\n\n\t\t\t\t\t<h3 class=\"uael-post__title\">\n\n\t\t\n\t\t\t\t\t\t<a href=\"https:\/\/www.gerontim.com\/fr\/articles\/actus\/plan-aide-investissement-2025\/\" target=\"_self\">\n\t\t\t\tPlan d\u2019Aide \u00e0 l\u2019Investissement 2025 : quelles sont les modalit\u00e9s\u00a0?\t\t\t<\/a>\n\n\t\t\t\t<\/h3>\n\t\t\n\t\t<div class=\"uael-post__excerpt\">\n\t\t\tUne nouvelle instruction publi\u00e9e le 9 juillet 2025 vient d\u00e9finir les modalit\u00e9s du Plan d\u2019aide \u00e0 l\u2019investissement (PAI) pour les \u00e9tablissements et services m\u00e9dico-sociaux accueillant ...\t\t<\/div>\n\n\t\t\t\t\t<\/div>\n\t\t\t\n\t\t<\/div>\n\t\t\n\n\t<\/div>\n\n<\/div>\n\n\n<div class=\"uael-post-wrapper   actualit\u00e9s success-story \">\n\t<div class=\"uael-post__bg-wrap uael-bg-wrap-disabled\">\n\n\t\t\t\t\t<a href=\"https:\/\/www.gerontim.com\/fr\/articles\/actus\/temoignage-etude-faisabilite-architecturale-ehpad-ardennes\/\" target=\"_self\" class=\"uael-post__complete-box-overlay\" aria-label=\"Link Complete Box\"><\/a>\n\t\t\t\t\n\t\t<div class=\"uael-post__inner-wrap uael-inner-wrap-disabled\">\n\n\t\t\t\t<div class=\"uael-post__thumbnail \">\n\t\t\t\t\t\t<a target=\"_self\" href=\"https:\/\/www.gerontim.com\/fr\/articles\/actus\/temoignage-etude-faisabilite-architecturale-ehpad-ardennes\/\" title=\"\u00c9tude de faisabilit\u00e9 architecturale de deux EHPAD publics\u00a0: organisation, co\u00fbts et projections concr\u00e8tes\"><img decoding=\"async\" src=\"https:\/\/www.gerontim.com\/wp-content\/uploads\/elementor\/thumbs\/etude-faisabilite-architecturale-financiere-ehpad-ardennes-r8eoaeqayxlhw9o675j8wrbkhw1blx46ocri1ozes4.png\" title=\"etude-faisabilite-architecturale-financiere-ehpad-ardennes\" alt=\"\u00c9tude de faisabilit\u00e9 architecturale et financi\u00e8re pour les EHPAD\" loading=\"lazy\" \/><\/a>\n\t\t\t\t\t<div class=\"uael-post__datebox \">\n\t\t\t\t<div class=\"uael-post__date-wrap\">\n\t\t\t\t\t\t\t\t\t\t<span class='uael-post__date-month'>Juil<\/span><span class='uael-post__date-day'>07<\/span>\t\t\t\t<\/div>\t\t\t\t\n\t\t\t<\/div>\n\t\t<\/div>\n\t\t\n\t\t\t\n\t\t\t<div class=\"uael-post__content-wrap uael-content-wrap-disabled\">\n\n\t\t\t\t\t<h3 class=\"uael-post__title\">\n\n\t\t\n\t\t\t\t\t\t<a href=\"https:\/\/www.gerontim.com\/fr\/articles\/actus\/temoignage-etude-faisabilite-architecturale-ehpad-ardennes\/\" target=\"_self\">\n\t\t\t\t\u00c9tude de faisabilit\u00e9 architecturale de deux EHPAD publics\u00a0: organisation, co\u00fbts et projections concr\u00e8tes\t\t\t<\/a>\n\n\t\t\t\t<\/h3>\n\t\t\n\t\t<div class=\"uael-post__excerpt\">\n\t\t\tUne \u00e9tude de faisabilit\u00e9 architecturale et financi\u00e8re claire, valid\u00e9e par les financeurs publics, pour concr\u00e9tiser l\u2019\u00e9volution de deux EHPAD publics des Ardennes.\t\t<\/div>\n\n\t\t\t\t\t<\/div>\n\t\t\t\n\t\t<\/div>\n\t\t\n\n\t<\/div>\n\n<\/div>\n\n\n<div class=\"uael-post-wrapper   actualit\u00e9s success-story \">\n\t<div class=\"uael-post__bg-wrap uael-bg-wrap-disabled\">\n\n\t\t\t\t\t<a href=\"https:\/\/www.gerontim.com\/fr\/articles\/actus\/projet-architectural-ehpad-ermitage-temoignage\/\" target=\"_self\" class=\"uael-post__complete-box-overlay\" aria-label=\"Link Complete Box\"><\/a>\n\t\t\t\t\n\t\t<div class=\"uael-post__inner-wrap uael-inner-wrap-disabled\">\n\n\t\t\t\t<div class=\"uael-post__thumbnail \">\n\t\t\t\t\t\t<a target=\"_self\" href=\"https:\/\/www.gerontim.com\/fr\/articles\/actus\/projet-architectural-ehpad-ermitage-temoignage\/\" title=\"Projet architectural d\u2019un EHPAD de l\u2019Allier : un accompagnement collaboratif avec Gerontim\"><img decoding=\"async\" src=\"https:\/\/www.gerontim.com\/wp-content\/uploads\/elementor\/thumbs\/photo-lolita-rotureau-directrice-ehpad-ermitage-560x370-1-r0pyrze1zvhdvr4tklf84cyuk2wafzparqskck61lg.jpg\" title=\"photo-lolita-rotureau-directrice-ehpad-ermitage-560&#215;370\" alt=\"Portrait de Lolita Rotureau directrice EHPAD l&#039;Ermitage qui a r\u00e9alis\u00e9 un projet architectural avec Gerontim\" loading=\"lazy\" \/><\/a>\n\t\t\t\t\t<div class=\"uael-post__datebox \">\n\t\t\t\t<div class=\"uael-post__date-wrap\">\n\t\t\t\t\t\t\t\t\t\t<span class='uael-post__date-month'>Jan<\/span><span class='uael-post__date-day'>29<\/span>\t\t\t\t<\/div>\t\t\t\t\n\t\t\t<\/div>\n\t\t<\/div>\n\t\t\n\t\t\t\n\t\t\t<div class=\"uael-post__content-wrap uael-content-wrap-disabled\">\n\n\t\t\t\t\t<h3 class=\"uael-post__title\">\n\n\t\t\n\t\t\t\t\t\t<a href=\"https:\/\/www.gerontim.com\/fr\/articles\/actus\/projet-architectural-ehpad-ermitage-temoignage\/\" target=\"_self\">\n\t\t\t\tProjet architectural d\u2019un EHPAD de l\u2019Allier : un accompagnement collaboratif avec Gerontim\t\t\t<\/a>\n\n\t\t\t\t<\/h3>\n\t\t\n\t\t<div class=\"uael-post__excerpt\">\n\t\t\tGerontim a eu le plaisir d\u2019accompagner l\u2019EHPAD l'Ermitage (Allier - 03) dans leur projet de restructuration architecturale. La directrice t\u00e9moigne des b\u00e9n\u00e9fices de la collaboration ...\t\t<\/div>\n\n\t\t\t\t\t<\/div>\n\t\t\t\n\t\t<\/div>\n\t\t\n\n\t<\/div>\n\n<\/div>\n\n\n<div class=\"uael-post-wrapper   actualit\u00e9s g\u00e9rontologie \">\n\t<div class=\"uael-post__bg-wrap uael-bg-wrap-disabled\">\n\n\t\t\t\t\t<a href=\"https:\/\/www.gerontim.com\/fr\/articles\/actus\/mise-en-oeuvre-plan-aide-investissement-pai-2024\/\" target=\"_self\" class=\"uael-post__complete-box-overlay\" aria-label=\"Link Complete Box\"><\/a>\n\t\t\t\t\n\t\t<div class=\"uael-post__inner-wrap uael-inner-wrap-disabled\">\n\n\t\t\t\t<div class=\"uael-post__thumbnail \">\n\t\t\t\t\t\t<a target=\"_self\" href=\"https:\/\/www.gerontim.com\/fr\/articles\/actus\/mise-en-oeuvre-plan-aide-investissement-pai-2024\/\" title=\"Mise en \u0153uvre du plan d\u2019aide \u00e0 l\u2019investissement 2024\"><img decoding=\"async\" src=\"https:\/\/www.gerontim.com\/wp-content\/uploads\/elementor\/thumbs\/mise-en-oeuvre-plan-aide-investissement-pai-2024-qojgjd075dare1azesn811ve6k1hkrqwt0z6673fro.jpg\" title=\"Mise en \u0153uvre du plan d\u2019aide \u00e0 l\u2019investissement 2024\" alt=\"Mise en \u0153uvre du plan d\u2019aide \u00e0 l\u2019investissement 2024\" loading=\"lazy\" \/><\/a>\n\t\t\t\t\t<div class=\"uael-post__datebox \">\n\t\t\t\t<div class=\"uael-post__date-wrap\">\n\t\t\t\t\t\t\t\t\t\t<span class='uael-post__date-month'>Mai<\/span><span class='uael-post__date-day'>22<\/span>\t\t\t\t<\/div>\t\t\t\t\n\t\t\t<\/div>\n\t\t<\/div>\n\t\t\n\t\t\t\n\t\t\t<div class=\"uael-post__content-wrap uael-content-wrap-disabled\">\n\n\t\t\t\t\t<h3 class=\"uael-post__title\">\n\n\t\t\n\t\t\t\t\t\t<a href=\"https:\/\/www.gerontim.com\/fr\/articles\/actus\/mise-en-oeuvre-plan-aide-investissement-pai-2024\/\" target=\"_self\">\n\t\t\t\tMise en \u0153uvre du plan d\u2019aide \u00e0 l\u2019investissement 2024\t\t\t<\/a>\n\n\t\t\t\t<\/h3>\n\t\t\n\t\t<div class=\"uael-post__excerpt\">\n\t\t\tLa nouvelle instruction datant du 17 avril 2024 vient compl\u00e9ter celle du 23 novembre 2023 relative \u00e0 la mise en \u0153uvre du Plan d\u2019Aide \u00e0 ...\t\t<\/div>\n\n\t\t\t\t\t<\/div>\n\t\t\t\n\t\t<\/div>\n\t\t\n\n\t<\/div>\n\n<\/div>\n\n\n<div class=\"uael-post-wrapper   actualit\u00e9s g\u00e9rontologie \">\n\t<div class=\"uael-post__bg-wrap uael-bg-wrap-disabled\">\n\n\t\t\t\t\t<a href=\"https:\/\/www.gerontim.com\/fr\/articles\/actus\/renovation-residences-autonomie-pai-2024\/\" target=\"_self\" class=\"uael-post__complete-box-overlay\" aria-label=\"Link Complete Box\"><\/a>\n\t\t\t\t\n\t\t<div class=\"uael-post__inner-wrap uael-inner-wrap-disabled\">\n\n\t\t\t\t<div class=\"uael-post__thumbnail \">\n\t\t\t\t\t\t<a target=\"_self\" href=\"https:\/\/www.gerontim.com\/fr\/articles\/actus\/renovation-residences-autonomie-pai-2024\/\" title=\"R\u00e9novation des r\u00e9sidences autonomie : 36 millions d&rsquo;euros d&rsquo;aide \u00e0 l&rsquo;investissement en 2024\"><img decoding=\"async\" src=\"https:\/\/www.gerontim.com\/wp-content\/uploads\/elementor\/thumbs\/renovation-residences-autonomie-plan-aide-investissement-2024-qlvg0nb5vhk1e3o3qpf2r7vab0wn9hk4ydkuu5op04.jpg\" title=\"renovation-residences-autonomie-plan-aide-investissement-2024\" alt=\"R\u00e9novation des r\u00e9sidences autonomie\" loading=\"lazy\" \/><\/a>\n\t\t\t\t\t<div class=\"uael-post__datebox \">\n\t\t\t\t<div class=\"uael-post__date-wrap\">\n\t\t\t\t\t\t\t\t\t\t<span class='uael-post__date-month'>Avr<\/span><span class='uael-post__date-day'>08<\/span>\t\t\t\t<\/div>\t\t\t\t\n\t\t\t<\/div>\n\t\t<\/div>\n\t\t\n\t\t\t\n\t\t\t<div class=\"uael-post__content-wrap uael-content-wrap-disabled\">\n\n\t\t\t\t\t<h3 class=\"uael-post__title\">\n\n\t\t\n\t\t\t\t\t\t<a href=\"https:\/\/www.gerontim.com\/fr\/articles\/actus\/renovation-residences-autonomie-pai-2024\/\" target=\"_self\">\n\t\t\t\tR\u00e9novation des r\u00e9sidences autonomie : 36 millions d&rsquo;euros d&rsquo;aide \u00e0 l&rsquo;investissement en 2024\t\t\t<\/a>\n\n\t\t\t\t<\/h3>\n\t\t\n\t\t<div class=\"uael-post__excerpt\">\n\t\t\tL\u2019appel \u00e0 projet de l\u2019Assurance retraite et la CNSA pr\u00e9voit une enveloppe de 36 millions \u20ac pour financer les travaux de r\u00e9novation des r\u00e9sidences autonomies ...\t\t<\/div>\n\n\t\t\t\t\t<\/div>\n\t\t\t\n\t\t<\/div>\n\t\t\n\n\t<\/div>\n\n<\/div>\n\n\n<div class=\"uael-post-wrapper   billets-d&#039;experts \">\n\t<div class=\"uael-post__bg-wrap uael-bg-wrap-disabled\">\n\n\t\t\t\t\t<a href=\"https:\/\/www.gerontim.com\/fr\/articles\/experts\/assistance-maitrise-usage-en-ehpad\/\" target=\"_self\" class=\"uael-post__complete-box-overlay\" aria-label=\"Link Complete Box\"><\/a>\n\t\t\t\t\n\t\t<div class=\"uael-post__inner-wrap uael-inner-wrap-disabled\">\n\n\t\t\t\t<div class=\"uael-post__thumbnail \">\n\t\t\t\t\t\t<a target=\"_self\" href=\"https:\/\/www.gerontim.com\/fr\/articles\/experts\/assistance-maitrise-usage-en-ehpad\/\" title=\"Assistance \u00e0 Ma\u00eetrise d&rsquo;Usage en EHPAD\u00a0: vers un lieu de vie f\u00e9d\u00e9rateur\"><img decoding=\"async\" src=\"https:\/\/www.gerontim.com\/wp-content\/uploads\/elementor\/thumbs\/assistance-a-maitrise-d-usage-en-ehpad-qkrjlgk544u7qx1yr9dytcu72mrnetq9brg9gadndg.jpg\" title=\"Assistance \u00e0 ma\u00eetrise d&rsquo;usage en EHPAD\" alt=\"Assistance \u00e0 ma\u00eetrise d&#039;usage en EHPAD\" loading=\"lazy\" \/><\/a>\n\t\t\t\t\t<div class=\"uael-post__datebox \">\n\t\t\t\t<div class=\"uael-post__date-wrap\">\n\t\t\t\t\t\t\t\t\t\t<span class='uael-post__date-month'>Mar<\/span><span class='uael-post__date-day'>05<\/span>\t\t\t\t<\/div>\t\t\t\t\n\t\t\t<\/div>\n\t\t<\/div>\n\t\t\n\t\t\t\n\t\t\t<div class=\"uael-post__content-wrap uael-content-wrap-disabled\">\n\n\t\t\t\t\t<h3 class=\"uael-post__title\">\n\n\t\t\n\t\t\t\t\t\t<a href=\"https:\/\/www.gerontim.com\/fr\/articles\/experts\/assistance-maitrise-usage-en-ehpad\/\" target=\"_self\">\n\t\t\t\tAssistance \u00e0 Ma\u00eetrise d&rsquo;Usage en EHPAD\u00a0: vers un lieu de vie f\u00e9d\u00e9rateur\t\t\t<\/a>\n\n\t\t\t\t<\/h3>\n\t\t\n\t\t<div class=\"uael-post__excerpt\">\n\t\t\tQu\u2019est-ce que l\u2019assistance \u00e0 ma\u00eetrise d\u2019usage ? Comment et pourquoi la mettre en \u0153uvre dans son projet architectural ? Notre expert vous explique tout ce ...\t\t<\/div>\n\n\t\t\t\t\t<\/div>\n\t\t\t\n\t\t<\/div>\n\t\t\n\n\t<\/div>\n\n<\/div>\n\n\n<div class=\"uael-post-wrapper   billets-d&#039;experts \">\n\t<div class=\"uael-post__bg-wrap uael-bg-wrap-disabled\">\n\n\t\t\t\t\t<a href=\"https:\/\/www.gerontim.com\/fr\/articles\/experts\/fonctionnement-habitat-inclusif\/\" target=\"_self\" class=\"uael-post__complete-box-overlay\" aria-label=\"Link Complete Box\"><\/a>\n\t\t\t\t\n\t\t<div class=\"uael-post__inner-wrap uael-inner-wrap-disabled\">\n\n\t\t\t\t<div class=\"uael-post__thumbnail \">\n\t\t\t\t\t\t<a target=\"_self\" href=\"https:\/\/www.gerontim.com\/fr\/articles\/experts\/fonctionnement-habitat-inclusif\/\" title=\"Fonctionnement de l\u2019habitat inclusif : les 4 crit\u00e8res incontournables\"><img decoding=\"async\" src=\"https:\/\/www.gerontim.com\/wp-content\/uploads\/elementor\/thumbs\/fete-groupe-personnes-agees-560x370-1-q90j5dyx47ewun3uae0uvshwq5frr65y6jf2cjob6c.jpg\" title=\"Moment de convivialit\u00e9 entre personnes \u00e2g\u00e9es\" alt=\"Moment de convivialit\u00e9 entre personnes \u00e2g\u00e9es\" loading=\"lazy\" \/><\/a>\n\t\t\t\t\t<div class=\"uael-post__datebox \">\n\t\t\t\t<div class=\"uael-post__date-wrap\">\n\t\t\t\t\t\t\t\t\t\t<span class='uael-post__date-month'>Nov<\/span><span class='uael-post__date-day'>04<\/span>\t\t\t\t<\/div>\t\t\t\t\n\t\t\t<\/div>\n\t\t<\/div>\n\t\t\n\t\t\t\n\t\t\t<div class=\"uael-post__content-wrap uael-content-wrap-disabled\">\n\n\t\t\t\t\t<h3 class=\"uael-post__title\">\n\n\t\t\n\t\t\t\t\t\t<a href=\"https:\/\/www.gerontim.com\/fr\/articles\/experts\/fonctionnement-habitat-inclusif\/\" target=\"_self\">\n\t\t\t\tFonctionnement de l\u2019habitat inclusif : les 4 crit\u00e8res incontournables\t\t\t<\/a>\n\n\t\t\t\t<\/h3>\n\t\t\n\t\t<div class=\"uael-post__excerpt\">\n\t\t\tComment concevoir un habitat r\u00e9ellement inclusif et obtenir les financements d\u00e9di\u00e9s ? Notre expert Gerontim vous livre les 4 crit\u00e8res essentiels \u00e0 d\u00e9cliner dans le ...\t\t<\/div>\n\n\t\t\t\t\t<\/div>\n\t\t\t\n\t\t<\/div>\n\t\t\n\n\t<\/div>\n\n<\/div>\n\t\t\t\t<\/div>\n\t\t\t\t\t\t\n\t\t<\/div>\n\n\t\t\t\t\t\t<\/div>\n\t\t<div class=\"uael-post__footer\">\n\t\t\t\t\t<\/div>\n\t\t\t\t\t\t<\/div>\n\t\t\t\t<\/div>\n\t\t\t\t\t<\/div>\n\t\t<\/div>\n\t\t\t\t\t<\/div>\n\t\t<\/aside>\n\t\t\t\t<section class=\"elementor-section elementor-top-section elementor-element elementor-element-6f8b10d elementor-section-boxed elementor-section-height-default elementor-section-height-default\" data-id=\"6f8b10d\" data-element_type=\"section\" data-e-type=\"section\">\n\t\t\t\t\t\t<div class=\"elementor-container elementor-column-gap-default\">\n\t\t\t\t\t<div class=\"elementor-column elementor-col-100 elementor-top-column elementor-element elementor-element-8bfdcde\" data-id=\"8bfdcde\" data-element_type=\"column\" data-e-type=\"column\">\n\t\t\t<div class=\"elementor-widget-wrap\">\n\t\t\t\t\t\t\t<\/div>\n\t\t<\/div>\n\t\t\t\t\t<\/div>\n\t\t<\/section>\n\t\t\t\t<\/div>\n\t\t","protected":false},"excerpt":{"rendered":"<p>La r\u00e9alisation architecturale d\u2019un EHPAD lieu de vie peut soulager certaines difficult\u00e9s, avec de forts avantages potentiels c\u00f4t\u00e9 RH sur la qualit\u00e9 de vie au travail (QVT), et c\u00f4t\u00e9 finances sur les co\u00fbts de fonctionnement et d\u2019investissement.<\/p>\n","protected":false},"author":11,"featured_media":12530,"comment_status":"closed","ping_status":"closed","sticky":false,"template":"","format":"standard","meta":{"site-sidebar-layout":"default","site-content-layout":"default","ast-site-content-layout":"default","site-content-style":"default","site-sidebar-style":"default","ast-global-header-display":"","ast-banner-title-visibility":"","ast-main-header-display":"","ast-hfb-above-header-display":"","ast-hfb-below-header-display":"","ast-hfb-mobile-header-display":"","site-post-title":"","ast-breadcrumbs-content":"","ast-featured-img":"","footer-sml-layout":"","ast-disable-related-posts":"","theme-transparent-header-meta":"default","adv-header-id-meta":"","stick-header-meta":"default","header-above-stick-meta":"","header-main-stick-meta":"","header-below-stick-meta":"","astra-migrate-meta-layouts":"set","ast-page-background-enabled":"default","ast-page-background-meta":{"desktop":{"background-color":"","background-image":"","background-repeat":"repeat","background-position":"center center","background-size":"auto","background-attachment":"scroll","background-type":"","background-media":"","overlay-type":"","overlay-color":"","overlay-opacity":"","overlay-gradient":""},"tablet":{"background-color":"","background-image":"","background-repeat":"repeat","background-position":"center center","background-size":"auto","background-attachment":"scroll","background-type":"","background-media":"","overlay-type":"","overlay-color":"","overlay-opacity":"","overlay-gradient":""},"mobile":{"background-color":"","background-image":"","background-repeat":"repeat","background-position":"center center","background-size":"auto","background-attachment":"scroll","background-type":"","background-media":"","overlay-type":"","overlay-color":"","overlay-opacity":"","overlay-gradient":""}},"ast-content-background-meta":{"desktop":{"background-color":"var(--ast-global-color-5)","background-image":"","background-repeat":"repeat","background-position":"center center","background-size":"auto","background-attachment":"scroll","background-type":"","background-media":"","overlay-type":"","overlay-color":"","overlay-opacity":"","overlay-gradient":""},"tablet":{"background-color":"var(--ast-global-color-5)","background-image":"","background-repeat":"repeat","background-position":"center center","background-size":"auto","background-attachment":"scroll","background-type":"","background-media":"","overlay-type":"","overlay-color":"","overlay-opacity":"","overlay-gradient":""},"mobile":{"background-color":"var(--ast-global-color-5)","background-image":"","background-repeat":"repeat","background-position":"center center","background-size":"auto","background-attachment":"scroll","background-type":"","background-media":"","overlay-type":"","overlay-color":"","overlay-opacity":"","overlay-gradient":""}},"footnotes":""},"categories":[22],"tags":[99,43,97,44,98,39],"class_list":["post-12374","post","type-post","status-publish","format-standard","has-post-thumbnail","hentry","category-experts","tag-architecte","tag-ars","tag-bailleurs","tag-conseils-departementaux","tag-construction","tag-ehpad"],"yoast_head":"<!-- This site is optimized with the Yoast SEO plugin v27.4 - https:\/\/yoast.com\/product\/yoast-seo-wordpress\/ -->\n<title>EHPAD lieu de vie\u00a0: les avantages en mati\u00e8re de RH et de finance<\/title>\n<meta name=\"description\" content=\"L&#039;EHPAD lieu de vie peut avoir de nombreux avantages c\u00f4t\u00e9 humain (avec la QVT), et c\u00f4t\u00e9 finances. D\u00e9couvrez-les dans ce billet !\" \/>\n<meta name=\"robots\" content=\"index, follow, max-snippet:-1, max-image-preview:large, max-video-preview:-1\" \/>\n<link rel=\"canonical\" href=\"https:\/\/www.gerontim.com\/fr\/articles\/experts\/ehpad-lieu-de-vie-avantages\/\" \/>\n<meta property=\"og:locale\" content=\"fr_FR\" \/>\n<meta property=\"og:type\" content=\"article\" \/>\n<meta property=\"og:title\" content=\"EHPAD lieu de vie\u00a0: les avantages en mati\u00e8re de RH et de finance\" \/>\n<meta property=\"og:description\" content=\"L&#039;EHPAD lieu de vie peut avoir de nombreux avantages c\u00f4t\u00e9 humain (avec la QVT), et c\u00f4t\u00e9 finances. D\u00e9couvrez-les dans ce billet !\" \/>\n<meta property=\"og:url\" content=\"https:\/\/www.gerontim.com\/fr\/articles\/experts\/ehpad-lieu-de-vie-avantages\/\" \/>\n<meta property=\"og:site_name\" content=\"Gerontim\" \/>\n<meta property=\"article:published_time\" content=\"2025-10-27T09:32:55+00:00\" \/>\n<meta property=\"article:modified_time\" content=\"2025-10-27T15:30:30+00:00\" \/>\n<meta property=\"og:image\" content=\"https:\/\/www.gerontim.com\/wp-content\/uploads\/2025\/10\/avantages-ehpad-lieu-de-vie.jpg\" \/>\n\t<meta property=\"og:image:width\" content=\"1920\" \/>\n\t<meta property=\"og:image:height\" content=\"1080\" \/>\n\t<meta property=\"og:image:type\" content=\"image\/jpeg\" \/>\n<meta name=\"author\" content=\"Romane\" \/>\n<meta name=\"twitter:card\" content=\"summary_large_image\" \/>\n<meta name=\"twitter:creator\" content=\"@Gerontim\" \/>\n<meta name=\"twitter:site\" content=\"@Gerontim\" \/>\n<meta name=\"twitter:label1\" content=\"\u00c9crit par\" \/>\n\t<meta name=\"twitter:data1\" content=\"Romane\" \/>\n\t<meta name=\"twitter:label2\" content=\"Dur\u00e9e de lecture estim\u00e9e\" \/>\n\t<meta name=\"twitter:data2\" content=\"16 minutes\" \/>\n<script type=\"application\/ld+json\" class=\"yoast-schema-graph\">{\"@context\":\"https:\\\/\\\/schema.org\",\"@graph\":[{\"@type\":\"Article\",\"@id\":\"https:\\\/\\\/www.gerontim.com\\\/fr\\\/articles\\\/experts\\\/ehpad-lieu-de-vie-avantages\\\/#article\",\"isPartOf\":{\"@id\":\"https:\\\/\\\/www.gerontim.com\\\/fr\\\/articles\\\/experts\\\/ehpad-lieu-de-vie-avantages\\\/\"},\"author\":{\"name\":\"Romane\",\"@id\":\"https:\\\/\\\/www.gerontim.com\\\/fr\\\/#\\\/schema\\\/person\\\/6eafd9f7cebdfc20b8bae27deb6d6b6a\"},\"headline\":\"EHPAD lieu de vie\u00a0: quels avantages en mati\u00e8re de RH et de finances\u00a0?\",\"datePublished\":\"2025-10-27T09:32:55+00:00\",\"dateModified\":\"2025-10-27T15:30:30+00:00\",\"mainEntityOfPage\":{\"@id\":\"https:\\\/\\\/www.gerontim.com\\\/fr\\\/articles\\\/experts\\\/ehpad-lieu-de-vie-avantages\\\/\"},\"wordCount\":1918,\"publisher\":{\"@id\":\"https:\\\/\\\/www.gerontim.com\\\/fr\\\/#organization\"},\"image\":{\"@id\":\"https:\\\/\\\/www.gerontim.com\\\/fr\\\/articles\\\/experts\\\/ehpad-lieu-de-vie-avantages\\\/#primaryimage\"},\"thumbnailUrl\":\"https:\\\/\\\/www.gerontim.com\\\/wp-content\\\/uploads\\\/2025\\\/10\\\/avantages-ehpad-lieu-de-vie.jpg\",\"keywords\":[\"Architecte\",\"ARS\",\"Bailleurs\",\"Conseils D\u00e9partementaux\",\"Construction\",\"EHPAD\"],\"articleSection\":[\"Billets d'experts\"],\"inLanguage\":\"fr-FR\"},{\"@type\":\"WebPage\",\"@id\":\"https:\\\/\\\/www.gerontim.com\\\/fr\\\/articles\\\/experts\\\/ehpad-lieu-de-vie-avantages\\\/\",\"url\":\"https:\\\/\\\/www.gerontim.com\\\/fr\\\/articles\\\/experts\\\/ehpad-lieu-de-vie-avantages\\\/\",\"name\":\"EHPAD lieu de vie\u00a0: les avantages en mati\u00e8re de RH et de finance\",\"isPartOf\":{\"@id\":\"https:\\\/\\\/www.gerontim.com\\\/fr\\\/#website\"},\"primaryImageOfPage\":{\"@id\":\"https:\\\/\\\/www.gerontim.com\\\/fr\\\/articles\\\/experts\\\/ehpad-lieu-de-vie-avantages\\\/#primaryimage\"},\"image\":{\"@id\":\"https:\\\/\\\/www.gerontim.com\\\/fr\\\/articles\\\/experts\\\/ehpad-lieu-de-vie-avantages\\\/#primaryimage\"},\"thumbnailUrl\":\"https:\\\/\\\/www.gerontim.com\\\/wp-content\\\/uploads\\\/2025\\\/10\\\/avantages-ehpad-lieu-de-vie.jpg\",\"datePublished\":\"2025-10-27T09:32:55+00:00\",\"dateModified\":\"2025-10-27T15:30:30+00:00\",\"description\":\"L'EHPAD lieu de vie peut avoir de nombreux avantages c\u00f4t\u00e9 humain (avec la QVT), et c\u00f4t\u00e9 finances. D\u00e9couvrez-les dans ce billet !\",\"breadcrumb\":{\"@id\":\"https:\\\/\\\/www.gerontim.com\\\/fr\\\/articles\\\/experts\\\/ehpad-lieu-de-vie-avantages\\\/#breadcrumb\"},\"inLanguage\":\"fr-FR\",\"potentialAction\":[{\"@type\":\"ReadAction\",\"target\":[\"https:\\\/\\\/www.gerontim.com\\\/fr\\\/articles\\\/experts\\\/ehpad-lieu-de-vie-avantages\\\/\"]}]},{\"@type\":\"ImageObject\",\"inLanguage\":\"fr-FR\",\"@id\":\"https:\\\/\\\/www.gerontim.com\\\/fr\\\/articles\\\/experts\\\/ehpad-lieu-de-vie-avantages\\\/#primaryimage\",\"url\":\"https:\\\/\\\/www.gerontim.com\\\/wp-content\\\/uploads\\\/2025\\\/10\\\/avantages-ehpad-lieu-de-vie.jpg\",\"contentUrl\":\"https:\\\/\\\/www.gerontim.com\\\/wp-content\\\/uploads\\\/2025\\\/10\\\/avantages-ehpad-lieu-de-vie.jpg\",\"width\":1920,\"height\":1080,\"caption\":\"Aide soignante qui discute avec une personne \u00e2g\u00e9e dans un EHPAD lieu de vie\"},{\"@type\":\"BreadcrumbList\",\"@id\":\"https:\\\/\\\/www.gerontim.com\\\/fr\\\/articles\\\/experts\\\/ehpad-lieu-de-vie-avantages\\\/#breadcrumb\",\"itemListElement\":[{\"@type\":\"ListItem\",\"position\":1,\"name\":\"Accueil\",\"item\":\"https:\\\/\\\/www.gerontim.com\\\/fr\\\/\"},{\"@type\":\"ListItem\",\"position\":2,\"name\":\"Billets d'experts\",\"item\":\"https:\\\/\\\/www.gerontim.com\\\/fr\\\/articles\\\/experts\\\/\"},{\"@type\":\"ListItem\",\"position\":3,\"name\":\"EHPAD lieu de vie\u00a0: quels avantages en mati\u00e8re de RH et de finances\u00a0?\"}]},{\"@type\":\"WebSite\",\"@id\":\"https:\\\/\\\/www.gerontim.com\\\/fr\\\/#website\",\"url\":\"https:\\\/\\\/www.gerontim.com\\\/fr\\\/\",\"name\":\"Gerontim\",\"description\":\"L&#039;expertise g\u00e9rontologique\",\"publisher\":{\"@id\":\"https:\\\/\\\/www.gerontim.com\\\/fr\\\/#organization\"},\"potentialAction\":[{\"@type\":\"SearchAction\",\"target\":{\"@type\":\"EntryPoint\",\"urlTemplate\":\"https:\\\/\\\/www.gerontim.com\\\/fr\\\/?s={search_term_string}\"},\"query-input\":{\"@type\":\"PropertyValueSpecification\",\"valueRequired\":true,\"valueName\":\"search_term_string\"}}],\"inLanguage\":\"fr-FR\"},{\"@type\":\"Organization\",\"@id\":\"https:\\\/\\\/www.gerontim.com\\\/fr\\\/#organization\",\"name\":\"Gerontim\",\"url\":\"https:\\\/\\\/www.gerontim.com\\\/fr\\\/\",\"logo\":{\"@type\":\"ImageObject\",\"inLanguage\":\"fr-FR\",\"@id\":\"https:\\\/\\\/www.gerontim.com\\\/fr\\\/#\\\/schema\\\/logo\\\/image\\\/\",\"url\":\"https:\\\/\\\/www.gerontim.com\\\/wp-content\\\/uploads\\\/2019\\\/12\\\/gerontim-logo-sm.png\",\"contentUrl\":\"https:\\\/\\\/www.gerontim.com\\\/wp-content\\\/uploads\\\/2019\\\/12\\\/gerontim-logo-sm.png\",\"width\":140,\"height\":67,\"caption\":\"Gerontim\"},\"image\":{\"@id\":\"https:\\\/\\\/www.gerontim.com\\\/fr\\\/#\\\/schema\\\/logo\\\/image\\\/\"},\"sameAs\":[\"https:\\\/\\\/x.com\\\/Gerontim\",\"https:\\\/\\\/www.linkedin.com\\\/company\\\/gerontim-cabinet-conseil-gerontologie\\\/\"]},{\"@type\":\"Person\",\"@id\":\"https:\\\/\\\/www.gerontim.com\\\/fr\\\/#\\\/schema\\\/person\\\/6eafd9f7cebdfc20b8bae27deb6d6b6a\",\"name\":\"Romane\",\"image\":{\"@type\":\"ImageObject\",\"inLanguage\":\"fr-FR\",\"@id\":\"https:\\\/\\\/secure.gravatar.com\\\/avatar\\\/8ac9200bb3775e3bd3a2f5a85845cfe2716653a29f32bb716d545ada308c9211?s=96&d=mm&r=g\",\"url\":\"https:\\\/\\\/secure.gravatar.com\\\/avatar\\\/8ac9200bb3775e3bd3a2f5a85845cfe2716653a29f32bb716d545ada308c9211?s=96&d=mm&r=g\",\"contentUrl\":\"https:\\\/\\\/secure.gravatar.com\\\/avatar\\\/8ac9200bb3775e3bd3a2f5a85845cfe2716653a29f32bb716d545ada308c9211?s=96&d=mm&r=g\",\"caption\":\"Romane\"}}]}<\/script>\n<!-- \/ Yoast SEO plugin. -->","yoast_head_json":{"title":"EHPAD lieu de vie\u00a0: les avantages en mati\u00e8re de RH et de finance","description":"L'EHPAD lieu de vie peut avoir de nombreux avantages c\u00f4t\u00e9 humain (avec la QVT), et c\u00f4t\u00e9 finances. D\u00e9couvrez-les dans ce billet !","robots":{"index":"index","follow":"follow","max-snippet":"max-snippet:-1","max-image-preview":"max-image-preview:large","max-video-preview":"max-video-preview:-1"},"canonical":"https:\/\/www.gerontim.com\/fr\/articles\/experts\/ehpad-lieu-de-vie-avantages\/","og_locale":"fr_FR","og_type":"article","og_title":"EHPAD lieu de vie\u00a0: les avantages en mati\u00e8re de RH et de finance","og_description":"L'EHPAD lieu de vie peut avoir de nombreux avantages c\u00f4t\u00e9 humain (avec la QVT), et c\u00f4t\u00e9 finances. D\u00e9couvrez-les dans ce billet !","og_url":"https:\/\/www.gerontim.com\/fr\/articles\/experts\/ehpad-lieu-de-vie-avantages\/","og_site_name":"Gerontim","article_published_time":"2025-10-27T09:32:55+00:00","article_modified_time":"2025-10-27T15:30:30+00:00","og_image":[{"width":1920,"height":1080,"url":"https:\/\/www.gerontim.com\/wp-content\/uploads\/2025\/10\/avantages-ehpad-lieu-de-vie.jpg","type":"image\/jpeg"}],"author":"Romane","twitter_card":"summary_large_image","twitter_creator":"@Gerontim","twitter_site":"@Gerontim","twitter_misc":{"\u00c9crit par":"Romane","Dur\u00e9e de lecture estim\u00e9e":"16 minutes"},"schema":{"@context":"https:\/\/schema.org","@graph":[{"@type":"Article","@id":"https:\/\/www.gerontim.com\/fr\/articles\/experts\/ehpad-lieu-de-vie-avantages\/#article","isPartOf":{"@id":"https:\/\/www.gerontim.com\/fr\/articles\/experts\/ehpad-lieu-de-vie-avantages\/"},"author":{"name":"Romane","@id":"https:\/\/www.gerontim.com\/fr\/#\/schema\/person\/6eafd9f7cebdfc20b8bae27deb6d6b6a"},"headline":"EHPAD lieu de vie\u00a0: quels avantages en mati\u00e8re de RH et de finances\u00a0?","datePublished":"2025-10-27T09:32:55+00:00","dateModified":"2025-10-27T15:30:30+00:00","mainEntityOfPage":{"@id":"https:\/\/www.gerontim.com\/fr\/articles\/experts\/ehpad-lieu-de-vie-avantages\/"},"wordCount":1918,"publisher":{"@id":"https:\/\/www.gerontim.com\/fr\/#organization"},"image":{"@id":"https:\/\/www.gerontim.com\/fr\/articles\/experts\/ehpad-lieu-de-vie-avantages\/#primaryimage"},"thumbnailUrl":"https:\/\/www.gerontim.com\/wp-content\/uploads\/2025\/10\/avantages-ehpad-lieu-de-vie.jpg","keywords":["Architecte","ARS","Bailleurs","Conseils D\u00e9partementaux","Construction","EHPAD"],"articleSection":["Billets d'experts"],"inLanguage":"fr-FR"},{"@type":"WebPage","@id":"https:\/\/www.gerontim.com\/fr\/articles\/experts\/ehpad-lieu-de-vie-avantages\/","url":"https:\/\/www.gerontim.com\/fr\/articles\/experts\/ehpad-lieu-de-vie-avantages\/","name":"EHPAD lieu de vie\u00a0: les avantages en mati\u00e8re de RH et de finance","isPartOf":{"@id":"https:\/\/www.gerontim.com\/fr\/#website"},"primaryImageOfPage":{"@id":"https:\/\/www.gerontim.com\/fr\/articles\/experts\/ehpad-lieu-de-vie-avantages\/#primaryimage"},"image":{"@id":"https:\/\/www.gerontim.com\/fr\/articles\/experts\/ehpad-lieu-de-vie-avantages\/#primaryimage"},"thumbnailUrl":"https:\/\/www.gerontim.com\/wp-content\/uploads\/2025\/10\/avantages-ehpad-lieu-de-vie.jpg","datePublished":"2025-10-27T09:32:55+00:00","dateModified":"2025-10-27T15:30:30+00:00","description":"L'EHPAD lieu de vie peut avoir de nombreux avantages c\u00f4t\u00e9 humain (avec la QVT), et c\u00f4t\u00e9 finances. D\u00e9couvrez-les dans ce billet !","breadcrumb":{"@id":"https:\/\/www.gerontim.com\/fr\/articles\/experts\/ehpad-lieu-de-vie-avantages\/#breadcrumb"},"inLanguage":"fr-FR","potentialAction":[{"@type":"ReadAction","target":["https:\/\/www.gerontim.com\/fr\/articles\/experts\/ehpad-lieu-de-vie-avantages\/"]}]},{"@type":"ImageObject","inLanguage":"fr-FR","@id":"https:\/\/www.gerontim.com\/fr\/articles\/experts\/ehpad-lieu-de-vie-avantages\/#primaryimage","url":"https:\/\/www.gerontim.com\/wp-content\/uploads\/2025\/10\/avantages-ehpad-lieu-de-vie.jpg","contentUrl":"https:\/\/www.gerontim.com\/wp-content\/uploads\/2025\/10\/avantages-ehpad-lieu-de-vie.jpg","width":1920,"height":1080,"caption":"Aide soignante qui discute avec une personne \u00e2g\u00e9e dans un EHPAD lieu de vie"},{"@type":"BreadcrumbList","@id":"https:\/\/www.gerontim.com\/fr\/articles\/experts\/ehpad-lieu-de-vie-avantages\/#breadcrumb","itemListElement":[{"@type":"ListItem","position":1,"name":"Accueil","item":"https:\/\/www.gerontim.com\/fr\/"},{"@type":"ListItem","position":2,"name":"Billets d'experts","item":"https:\/\/www.gerontim.com\/fr\/articles\/experts\/"},{"@type":"ListItem","position":3,"name":"EHPAD lieu de vie\u00a0: quels avantages en mati\u00e8re de RH et de finances\u00a0?"}]},{"@type":"WebSite","@id":"https:\/\/www.gerontim.com\/fr\/#website","url":"https:\/\/www.gerontim.com\/fr\/","name":"Gerontim","description":"L&#039;expertise g\u00e9rontologique","publisher":{"@id":"https:\/\/www.gerontim.com\/fr\/#organization"},"potentialAction":[{"@type":"SearchAction","target":{"@type":"EntryPoint","urlTemplate":"https:\/\/www.gerontim.com\/fr\/?s={search_term_string}"},"query-input":{"@type":"PropertyValueSpecification","valueRequired":true,"valueName":"search_term_string"}}],"inLanguage":"fr-FR"},{"@type":"Organization","@id":"https:\/\/www.gerontim.com\/fr\/#organization","name":"Gerontim","url":"https:\/\/www.gerontim.com\/fr\/","logo":{"@type":"ImageObject","inLanguage":"fr-FR","@id":"https:\/\/www.gerontim.com\/fr\/#\/schema\/logo\/image\/","url":"https:\/\/www.gerontim.com\/wp-content\/uploads\/2019\/12\/gerontim-logo-sm.png","contentUrl":"https:\/\/www.gerontim.com\/wp-content\/uploads\/2019\/12\/gerontim-logo-sm.png","width":140,"height":67,"caption":"Gerontim"},"image":{"@id":"https:\/\/www.gerontim.com\/fr\/#\/schema\/logo\/image\/"},"sameAs":["https:\/\/x.com\/Gerontim","https:\/\/www.linkedin.com\/company\/gerontim-cabinet-conseil-gerontologie\/"]},{"@type":"Person","@id":"https:\/\/www.gerontim.com\/fr\/#\/schema\/person\/6eafd9f7cebdfc20b8bae27deb6d6b6a","name":"Romane","image":{"@type":"ImageObject","inLanguage":"fr-FR","@id":"https:\/\/secure.gravatar.com\/avatar\/8ac9200bb3775e3bd3a2f5a85845cfe2716653a29f32bb716d545ada308c9211?s=96&d=mm&r=g","url":"https:\/\/secure.gravatar.com\/avatar\/8ac9200bb3775e3bd3a2f5a85845cfe2716653a29f32bb716d545ada308c9211?s=96&d=mm&r=g","contentUrl":"https:\/\/secure.gravatar.com\/avatar\/8ac9200bb3775e3bd3a2f5a85845cfe2716653a29f32bb716d545ada308c9211?s=96&d=mm&r=g","caption":"Romane"}}]}},"_links":{"self":[{"href":"https:\/\/www.gerontim.com\/fr\/wp-json\/wp\/v2\/posts\/12374","targetHints":{"allow":["GET"]}}],"collection":[{"href":"https:\/\/www.gerontim.com\/fr\/wp-json\/wp\/v2\/posts"}],"about":[{"href":"https:\/\/www.gerontim.com\/fr\/wp-json\/wp\/v2\/types\/post"}],"author":[{"embeddable":true,"href":"https:\/\/www.gerontim.com\/fr\/wp-json\/wp\/v2\/users\/11"}],"replies":[{"embeddable":true,"href":"https:\/\/www.gerontim.com\/fr\/wp-json\/wp\/v2\/comments?post=12374"}],"version-history":[{"count":40,"href":"https:\/\/www.gerontim.com\/fr\/wp-json\/wp\/v2\/posts\/12374\/revisions"}],"predecessor-version":[{"id":12657,"href":"https:\/\/www.gerontim.com\/fr\/wp-json\/wp\/v2\/posts\/12374\/revisions\/12657"}],"wp:featuredmedia":[{"embeddable":true,"href":"https:\/\/www.gerontim.com\/fr\/wp-json\/wp\/v2\/media\/12530"}],"wp:attachment":[{"href":"https:\/\/www.gerontim.com\/fr\/wp-json\/wp\/v2\/media?parent=12374"}],"wp:term":[{"taxonomy":"category","embeddable":true,"href":"https:\/\/www.gerontim.com\/fr\/wp-json\/wp\/v2\/categories?post=12374"},{"taxonomy":"post_tag","embeddable":true,"href":"https:\/\/www.gerontim.com\/fr\/wp-json\/wp\/v2\/tags?post=12374"}],"curies":[{"name":"wp","href":"https:\/\/api.w.org\/{rel}","templated":true}]}}