{"id":12302,"date":"2025-10-27T10:30:00","date_gmt":"2025-10-27T09:30:00","guid":{"rendered":"https:\/\/www.gerontim.com\/?p=12302"},"modified":"2025-12-03T10:08:29","modified_gmt":"2025-12-03T09:08:29","slug":"lehpad-un-lieu-de-vie-par-nature-qui-cherche-encore-a-saccomplir","status":"publish","type":"post","link":"https:\/\/www.gerontim.com\/fr\/articles\/experts\/ehpad-lieu-de-vie-par-nature\/","title":{"rendered":"L&rsquo;EHPAD : un lieu de vie par nature qui cherche encore \u00e0 s&rsquo;accomplir"},"content":{"rendered":"\t\t<div data-elementor-type=\"wp-post\" data-elementor-id=\"12302\" class=\"elementor elementor-12302\" data-elementor-post-type=\"post\">\n\t\t\t\t\t\t<section class=\"elementor-section elementor-top-section elementor-element elementor-element-7fbca37 elementor-section-stretched elementor-section-boxed elementor-section-height-default elementor-section-height-default\" data-id=\"7fbca37\" data-element_type=\"section\" data-e-type=\"section\" data-settings=\"{&quot;stretch_section&quot;:&quot;section-stretched&quot;,&quot;background_background&quot;:&quot;classic&quot;}\">\n\t\t\t\t\t\t<div class=\"elementor-container elementor-column-gap-custom\">\n\t\t\t\t\t<div class=\"elementor-column elementor-col-100 elementor-top-column elementor-element elementor-element-a48b470\" data-id=\"a48b470\" data-element_type=\"column\" data-e-type=\"column\">\n\t\t\t<div class=\"elementor-widget-wrap elementor-element-populated\">\n\t\t\t\t\t\t<div class=\"elementor-element elementor-element-93baff4 elementor-widget elementor-widget-text-editor\" data-id=\"93baff4\" data-element_type=\"widget\" data-e-type=\"widget\" data-widget_type=\"text-editor.default\">\n\t\t\t\t<div class=\"elementor-widget-container\">\n\t\t\t\t\t\t\t\t\t<p><strong>L&rsquo;enjeu pour l&rsquo;EHPAD d&rsquo;\u00eatre un v\u00e9ritable lieu de vie<\/strong>, un <strong>\u00ab\u00a0chez soi\u00a0\u00bb<\/strong>, a certes \u00e9t\u00e9 fortement promu sur le plan architectural par le <a href=\"https:\/\/www.gerontim.com\/fr\/articles\/actus\/plan-aide-investissement-pai-2021\/\">PAI 2021-2024<\/a> (\u00ab\u00a0approche domiciliaire\u00a0\u00bb), mais reste une qu\u00eate, confront\u00e9e \u00e0 de <strong>forts obstacles<\/strong>.<\/p><p>Parce que l\u2019id\u00e9e m\u00eame d\u2019un EHPAD lieu de vie se voit opposer une strat\u00e9gie inverse, pr\u00f4nant \u00e0 la fois le <strong>maintien maximal \u00e0 domicile<\/strong> et la r\u00e9duction de l&rsquo;EHPAD \u00e0 l&rsquo;accueil sanitaire d&rsquo;un public tr\u00e8s d\u00e9pendant et souffrant. Et parce que le <strong>d\u00e9fi colossal de r\u00e9inventer l\u2019agencement des EHPAD\u00a0<\/strong>(et aussi, hors PAI, de repenser l&rsquo;organisation et le r\u00f4le du personnel) entre en collision avec leur d\u00e9licate situation actuelle \u2013 ressources humaines (RH), finances, visibilit\u00e9 \u00e0 10 voire 20 ans\u2026<\/p><p>Pour autant, nous pensons, chez GERONTIM, que <strong>l&rsquo;EHPAD lieu de vie ne peut qu\u2019advenir<\/strong>, car inscrit dans le temps long de la hausse des exigences soci\u00e9tales \u2013 et m\u00eame\u2026 qu\u2019il <strong>est un lieu de vie<\/strong> <strong>par nature<\/strong>. Aussi ce billet vise-t-il \u00e0 <strong>proposer des voies architecturales concr\u00e8tes<\/strong> \u00e0 emprunter pour relever ce d\u00e9fi ; et \u00e9voquer aussi certains effets induits en mati\u00e8re de RH et financi\u00e8re.<\/p>\t\t\t\t\t\t\t\t<\/div>\n\t\t\t\t<\/div>\n\t\t\t\t\t<\/div>\n\t\t<\/div>\n\t\t\t\t\t<\/div>\n\t\t<\/section>\n\t\t\t\t<section class=\"elementor-section elementor-top-section elementor-element elementor-element-8636b75 elementor-section-stretched billet-texte elementor-section-boxed elementor-section-height-default elementor-section-height-default\" data-id=\"8636b75\" data-element_type=\"section\" data-e-type=\"section\" data-settings=\"{&quot;stretch_section&quot;:&quot;section-stretched&quot;}\">\n\t\t\t\t\t\t<div class=\"elementor-container elementor-column-gap-default\">\n\t\t\t\t\t<div class=\"elementor-column elementor-col-100 elementor-top-column elementor-element elementor-element-5892862\" data-id=\"5892862\" data-element_type=\"column\" data-e-type=\"column\">\n\t\t\t<div class=\"elementor-widget-wrap elementor-element-populated\">\n\t\t\t\t\t\t<div class=\"elementor-element elementor-element-1b449e0 title-h3  elementor-widget elementor-widget-uael-advanced-heading\" data-id=\"1b449e0\" data-element_type=\"widget\" data-e-type=\"widget\" data-widget_type=\"uael-advanced-heading.default\">\n\t\t\t\t<div class=\"elementor-widget-container\">\n\t\t\t\t\t\n\t\t<div class=\"uael-module-content uael-heading-wrapper\">\n\t\t\t\t\t\t\n\t\t\t<h2 class=\"uael-heading\">\n\t\t\t\t\t\t\t\t\t\t<span class=\"uael-heading-text elementor-inline-editing uael-size--default\" data-elementor-setting-key=\"heading_title\" data-elementor-inline-editing-toolbar=\"basic\">L'EHPAD est par nature un lieu de vie, et l'\u00e9poque reste porteuse <\/span>\n\t\t\t\t\t\t\t<\/h2>\n\n\t\t\t\n\t\t\t\t\t\t<div class=\"uael-module-content uael-separator-parent\">\n\t\t\t\t\t\t\t\t\t\t\t\t\t<div class=\"uael-separator\"><\/div>\n\t\t\t\t\t\t\t<\/div>\n\t\t\t\n\t\t\t\n\t\t\t\t\t\t<\/div>\n\t\t\t\t\t\t<\/div>\n\t\t\t\t<\/div>\n\t\t\t\t<div class=\"elementor-element elementor-element-a7fbf6c elementor-widget elementor-widget-text-editor\" data-id=\"a7fbf6c\" data-element_type=\"widget\" data-e-type=\"widget\" data-widget_type=\"text-editor.default\">\n\t\t\t\t<div class=\"elementor-widget-container\">\n\t\t\t\t\t\t\t\t\t<p>Le concept d&rsquo;EHPAD lieu de vie, peu honor\u00e9 jusqu\u2019ici, a trouv\u00e9 une nouvelle l\u00e9gitimit\u00e9 avec l\u2019arriv\u00e9e maintenant imminente (d\u00e8s 2030) des baby-boomers et de leur culture d\u2019affirmation de soi rompant avec celle des g\u00e9n\u00e9rations pr\u00e9c\u00e9dentes. \u00a0<\/p><p>Il n\u2019emp\u00eache, faut-il douter\u00a0au vu des obstacles dits plus haut, notamment des divergences de strat\u00e9gie\u00a0? Les EHPAD sont-ils vou\u00e9s \u00e0 devenir des pr\u00e9-h\u00f4pitaux\u00a0? \u00c0 notre avis, non, si l&rsquo;on r\u00e9fl\u00e9chit \u00e0 leur vocation profonde, et si on la confronte aux attentes des baby-boomers.<\/p><p><strong>Qu&rsquo;est-ce qu&rsquo;un EHPAD, fondamentalement ?<\/strong> C&rsquo;est un lieu d\u2019accueil de personnes vieillissantes :<\/p><ul><li>ne pouvant ou voulant plus vivre \u00e0 domicile m\u00eame bard\u00e9es de services, car trop seules ou ayant trop besoin d&rsquo;aide<\/li><li>mais encore vaillantes, ayant des ann\u00e9es \u00e0 vivre leur vie, r\u00e9aliser leurs envies. Voil\u00e0 qui dessine, une puissante <strong>vocation\u00a0<\/strong>: \u00eatre bel et bien un <strong>lieu de vie<\/strong>, au sens de constituer pour et avec ces personnes une <strong>communaut\u00e9 de vie(s) affectueuse, aidante<\/strong>\u2026 et m\u00eame <strong>d\u00e9sirable<\/strong> ; une communaut\u00e9 large, avec autour d\u2019elles les familles, personnel, b\u00e9n\u00e9voles mais aussi la cit\u00e9 et ses membres\u00a0; une communaut\u00e9 qui leur permette d\u2019\u00eatre toujours <strong>des habitants, des citoyens<\/strong>.<\/li><\/ul><p><strong>Et que sont les attentes des baby-boomers ? <\/strong>On le sait\u00a0: libre choix, confort, intimit\u00e9, vie sociale, loisirs, droit d&rsquo;expression, singularit\u00e9\u2026 En somme, une exigence de <strong>vivre selon ses d\u00e9sirs personnels<\/strong>, le soin n\u2019\u00e9tant qu\u2019un moyen \u00e0 cet effet.<\/p><p>Certes ces personnes seront d\u00e9pendantes, souffrantes ou d\u00e9sorient\u00e9es. Mais cela n&rsquo;annihile ni leurs \u00e9motions et envies, ni la dite vocation de l&rsquo;EHPAD d\u2019\u00eatre aidant. Et de plus, si l&rsquo;EHPAD devient d\u00e9sirable, les personnes viendront plus t\u00f4t<strong>, <\/strong>plus autonomes\u00a0; et vice-versa, en un cercle vertueux.<\/p><p>Le constat s&rsquo;impose : \u00e7a matche ! La<strong> vocation de l\u2019EHPAD <\/strong>et les<strong> attentes des baby-boomers se r\u00e9pondent<\/strong>. Ces derniers peuvent \u00eatre pour les EHPAD, non une contrainte, mais au contraire leurs meilleurs alli\u00e9s pour accomplir leur vocation.<\/p><p>L&rsquo;EHPAD lieu de vie devrait donc se concr\u00e9tiser t\u00f4t ou tard. La conjoncture n&rsquo;en para\u00eet pas moins paralysante pour les projets, bien s\u00fbr. Mais nous verrons que la <strong>r\u00e9alisation architecturale d\u2019un tel EHPAD peut soulager certaines difficult\u00e9s, avec de forts avantages potentiels<\/strong>, c\u00f4t\u00e9 RH sur <strong>la<\/strong> <strong>qualit\u00e9 de vie au travail<\/strong> <strong>(QVT)<\/strong>, et c\u00f4t\u00e9 finances sur les co\u00fbts de fonctionnement et d\u2019investissement.<\/p>\t\t\t\t\t\t\t\t<\/div>\n\t\t\t\t<\/div>\n\t\t\t\t\t<\/div>\n\t\t<\/div>\n\t\t\t\t\t<\/div>\n\t\t<\/section>\n\t\t\t\t<section class=\"elementor-section elementor-top-section elementor-element elementor-element-7cb5358 elementor-section-stretched billet-texte elementor-section-boxed elementor-section-height-default elementor-section-height-default\" data-id=\"7cb5358\" data-element_type=\"section\" data-e-type=\"section\" data-settings=\"{&quot;stretch_section&quot;:&quot;section-stretched&quot;}\">\n\t\t\t\t\t\t<div class=\"elementor-container elementor-column-gap-default\">\n\t\t\t\t\t<div class=\"elementor-column elementor-col-100 elementor-top-column elementor-element elementor-element-537ab63\" data-id=\"537ab63\" data-element_type=\"column\" data-e-type=\"column\">\n\t\t\t<div class=\"elementor-widget-wrap elementor-element-populated\">\n\t\t\t\t\t\t<div class=\"elementor-element elementor-element-9a0ecc4 title-h3 elementor-widget elementor-widget-uael-advanced-heading\" data-id=\"9a0ecc4\" data-element_type=\"widget\" data-e-type=\"widget\" data-widget_type=\"uael-advanced-heading.default\">\n\t\t\t\t<div class=\"elementor-widget-container\">\n\t\t\t\t\t\n\t\t<div class=\"uael-module-content uael-heading-wrapper\">\n\t\t\t\t\t\t\n\t\t\t<h2 class=\"uael-heading\">\n\t\t\t\t\t\t\t\t\t\t<span class=\"uael-heading-text elementor-inline-editing uael-size--default\" data-elementor-setting-key=\"heading_title\" data-elementor-inline-editing-toolbar=\"basic\">Quelle architecture pour un EHPAD lieu de vie ?<\/span>\n\t\t\t\t\t\t\t<\/h2>\n\n\t\t\t\n\t\t\t\t\t\t<div class=\"uael-module-content uael-separator-parent\">\n\t\t\t\t\t\t\t\t\t\t\t\t\t<div class=\"uael-separator\"><\/div>\n\t\t\t\t\t\t\t<\/div>\n\t\t\t\n\t\t\t\n\t\t\t\t\t\t<\/div>\n\t\t\t\t\t\t<\/div>\n\t\t\t\t<\/div>\n\t\t\t\t<div class=\"elementor-element elementor-element-2d6e0d7 elementor-widget elementor-widget-text-editor\" data-id=\"2d6e0d7\" data-element_type=\"widget\" data-e-type=\"widget\" data-widget_type=\"text-editor.default\">\n\t\t\t\t<div class=\"elementor-widget-container\">\n\t\t\t\t\t\t\t\t\t<p>En \u00e9cho \u00e0 la vocation de l\u2019EHPAD et aux attentes des baby-boomers<strong>, <\/strong>2 principes transversaux doivent impr\u00e9gner le cadre architectural\u00a0: la <strong>complexit\u00e9<\/strong> et l\u2019<strong>adaptabilit\u00e9<\/strong>. Comme dans la vraie vie, o\u00f9 le territoire, par sa diversit\u00e9 et sa souplesse, permet \u00e0 chacun d\u2019\u00e9laborer sa vie \u00e0 nulle autre pareille, et de la relier aux autres vies \u00e0 sa fa\u00e7on.<\/p><p>Ces 2 principes sont \u00e0 travailler \u00e0 travers 4 sujets-cl\u00e9s concrets du projet architectural\u00a0: le <strong>logement personnel<\/strong>, la <strong>vie sociale<\/strong>, l&rsquo;<strong>ambiance<\/strong>, la <strong>circulation<\/strong>. Pour chaque sujet, nous listerons de grandes actions \u00e0 mener.<\/p><p>Fait majeur, les membres <strong>de la communaut\u00e9 de l&rsquo;EHPAD <\/strong>(habitants, familles, personnel, b\u00e9n\u00e9voles\u2026) <strong>sont tous praticiens de l\u2019habitat <\/strong>et peuvent se projeter. Les habitants sont les mieux plac\u00e9s pour dire leurs besoins\u00a0; mais les autres, qui habitent ailleurs, peuvent aussi s\u2019interroger. Cette expertise est \u00e0 mobiliser par l\u2019\u00e9change, via une <a href=\"https:\/\/www.gerontim.com\/fr\/articles\/experts\/assistance-maitrise-usage-en-ehpad\/\"><strong>d\u00e9marche d\u2019Assistance \u00e0 Ma\u00eetrise d&rsquo;Usage (AMU)<\/strong><\/a>.<\/p><p>Nos propositions d\u2019actions ne sont donc que des suggestions \u00e0 discuter par la communaut\u00e9. Elles s\u2019appuient toutefois sur ce que nous appelons \u00e0 \u00ab\u00a0notre exp\u00e9rience \u00e0 tous\u00a0\u00bb, \u00e0 titre d\u2019amorce de ces futurs d\u00e9bats.<\/p>\t\t\t\t\t\t\t\t<\/div>\n\t\t\t\t<\/div>\n\t\t\t\t<div class=\"elementor-element elementor-element-17415a2 elementor-widget elementor-widget-heading\" data-id=\"17415a2\" data-element_type=\"widget\" data-e-type=\"widget\" data-widget_type=\"heading.default\">\n\t\t\t\t<div class=\"elementor-widget-container\">\n\t\t\t\t\t<h3 class=\"elementor-heading-title elementor-size-default\">Un v\u00e9ritable logement personnel<\/h3>\t\t\t\t<\/div>\n\t\t\t\t<\/div>\n\t\t\t\t<div class=\"elementor-element elementor-element-2342e0b elementor-widget elementor-widget-text-editor\" data-id=\"2342e0b\" data-element_type=\"widget\" data-e-type=\"widget\" data-widget_type=\"text-editor.default\">\n\t\t\t\t<div class=\"elementor-widget-container\">\n\t\t\t\t\t\t\t\t\t<p>Selon notre exp\u00e9rience \u00e0 tous, vivre sa vie, \u00eatre libre, cela commence par la <strong>jouissance d\u2019un lieu \u00e0 soi<\/strong>, o\u00f9 l\u2019on peut s\u2019isoler, agir \u00e0 sa fa\u00e7on, dont on est le ma\u00eetre\u00a0: c\u2019est-\u00e0-dire un vrai <strong>logement personnel<\/strong>.<\/p><p>En EHPAD cependant, pr\u00e9vaut au plus (sauf exception) une chambre individuelle de 20 m2, lieu pauvre en inclinations personnelles et soumis \u00e0 une logique fonctionnelle tierce.<\/p>\t\t\t\t\t\t\t\t<\/div>\n\t\t\t\t<\/div>\n\t\t\t\t<div class=\"elementor-element elementor-element-6397664 elementor-widget elementor-widget-heading\" data-id=\"6397664\" data-element_type=\"widget\" data-e-type=\"widget\" data-widget_type=\"heading.default\">\n\t\t\t\t<div class=\"elementor-widget-container\">\n\t\t\t\t\t<h4 class=\"elementor-heading-title elementor-size-default\">Diff\u00e9renciation spatiale des activit\u00e9s (habitants et leur famille)<\/h4>\t\t\t\t<\/div>\n\t\t\t\t<\/div>\n\t\t\t\t<div class=\"elementor-element elementor-element-cb1ead7 elementor-widget elementor-widget-text-editor\" data-id=\"cb1ead7\" data-element_type=\"widget\" data-e-type=\"widget\" data-widget_type=\"text-editor.default\">\n\t\t\t\t<div class=\"elementor-widget-container\">\n\t\t\t\t\t\t\t\t\t<p>Une chambre de 20 m2, munie en tout d&rsquo;un lit m\u00e9dicalis\u00e9 et d&rsquo;une salle d&rsquo;eau, ne r\u00e9pond qu\u2019\u00e0 des besoins basiques \u2013 dormir, faire sa toilette. Or chez soi, on a bien d&rsquo;autres choses \u00e0 faire. A cet effet, un vrai logement doit proposer des <strong>espaces diff\u00e9renci\u00e9s.<\/strong><\/p><p>Pourraient par exemple \u00eatre envisag\u00e9s\u00a0:<\/p><ul><li>Pour prot\u00e9ger son intimit\u00e9 globale (\u00eatre tranquille chez soi, ne pas tout montrer au visiteur): <strong>un vestibule<\/strong>, non pas un couloir mais un seuil, un vrai lieu de transition entre espace collectif et espace priv\u00e9.<\/li><li>Pour mener des activit\u00e9s le jour (se reposer, lire, regarder la t\u00e9l\u00e9vision, \u00e9crire\u2026) et recevoir dignement ses proches (autrement qu\u2019assis sur le lit) : apr\u00e8s le vestibule, <strong>un<\/strong> <strong>espace<\/strong> <strong>s\u00e9jour<\/strong> meubl\u00e9 par exemple avec des si\u00e8ges, une table\u2026<\/li><li>Pour retrouver la libert\u00e9 typique du chez soi de s\u2019offrir un caf\u00e9, une bi\u00e8re fra\u00eeche, un en-cas chaud : <strong>une<\/strong> <strong>kitchenette<\/strong> compacte (\u00e9vier, frigo, micro-ondes\u2026), et ajustable si n\u00e9cessaire.<\/li><li>Pour dormir ou faire la sieste, activit\u00e9s tr\u00e8s intimes : <strong>un<\/strong> <strong>espace nuit<\/strong>, non plus accaparant le logement d\u00e8s l\u2019entr\u00e9e mais en retrait, visible seulement apr\u00e8s le s\u00e9jour, avec un lit dispos\u00e9 plus discr\u00e8tement.<\/li><li>Pour faire sa toilette, avec intimit\u00e9 encore : <strong>une<\/strong> <strong>salle d&rsquo;eau <\/strong>elle aussi en retrait ; et sans l\u2019aspect saillant habituel nuisant \u00e0 la dignit\u00e9, donc plac\u00e9e hors volume principal, par exemple intercal\u00e9e entre deux logements.<\/li><li>Et enfin, pour profiter d&rsquo;une belle lumi\u00e8re, de l&rsquo;air du matin, du murmure de la nature : <strong>une\u00a0baie<\/strong> <strong>grande, d\u00e9corative<\/strong>, avec peu ou pas d\u2019all\u00e8ge, un garde-corps laissant fleurir et s&rsquo;avancer voire <strong>une terrasse<\/strong>.<\/li><\/ul><p>Tout cela requiert que le<strong> logement franchisse le seuil minimal de 25 m2 et tende vers 30 m2<\/strong>. Ce ne sont pas des normes, juste des valeurs qui font consensus parmi les architectes notamment.<\/p><p>Par ailleurs, l&rsquo;intimit\u00e9 du logement suppose une isolation acoustique r\u00e9glementaire, du moins entre logements ; la porte d&rsquo;entr\u00e9e pourrait d\u00e9roger afin d\u2019\u00eatre man\u0153uvrable par l&rsquo;habitant et de laisser filtrer les bruits rassurants de l\u2019EHPAD.\u00a0<\/p>\t\t\t\t\t\t\t\t<\/div>\n\t\t\t\t<\/div>\n\t\t\t\t<div class=\"elementor-element elementor-element-10e9923 elementor-widget elementor-widget-heading\" data-id=\"10e9923\" data-element_type=\"widget\" data-e-type=\"widget\" data-widget_type=\"heading.default\">\n\t\t\t\t<div class=\"elementor-widget-container\">\n\t\t\t\t\t<h4 class=\"elementor-heading-title elementor-size-default\">Libert\u00e9 d'am\u00e9nagement<\/h4>\t\t\t\t<\/div>\n\t\t\t\t<\/div>\n\t\t\t\t<div class=\"elementor-element elementor-element-8224376 elementor-widget elementor-widget-text-editor\" data-id=\"8224376\" data-element_type=\"widget\" data-e-type=\"widget\" data-widget_type=\"text-editor.default\">\n\t\t\t\t<div class=\"elementor-widget-container\">\n\t\t\t\t\t\t\t\t\t<p>Disposer d\u2019un vrai logement\u00a0implique de jouir de la libert\u00e9 d\u2019am\u00e9nagement due \u00e0 tout locataire. Une <strong>libert\u00e9 <\/strong>large, qui porte bien s\u00fbr sur les objets et petits meubles, mais aussi sur des \u00e9l\u00e9ments plus d\u00e9cisifs\u00a0: <strong>gros meubles, rev\u00eatements muraux, rideaux, luminaires fixes<\/strong>, \u00e9quipements mobiles \u00e9lectriques (avec de nombreuses prises).<\/p><p>L&rsquo;habitant doit pouvoir vraiment<strong> personnaliser son logement<\/strong> (profitant l\u00e9gitimement de la libert\u00e9 accord\u00e9e dans ce but par la r\u00e9glementation type J), et \u00e9chapper \u00e0 l\u2019aspect fonctionnel encore fort en EHPAD.<\/p><p>Par ailleurs, cette libert\u00e9 suppose, non une admission exp\u00e9ditive, mais un processus long incluant\u00a0: la <strong>pr\u00e9sentation du logement totalement vide<\/strong> (mis \u00e0 part peut-\u00eatre le lit), un <strong>temps<\/strong> d\u2019une semaine au moins offert \u00e0 l\u2019arrivant et sa famille <strong>pour r\u00e9fl\u00e9chir \u00e0 l\u2019am\u00e9nagement<\/strong>, un <strong>temps de travaux et installation<\/strong>, et enfin <strong>l\u2019emm\u00e9nagement proprement dit<\/strong> de la personne. Pour la viabilit\u00e9 \u00e9conomique, un <strong>logement tampon<\/strong> peut permettre de loger la personne dans l\u2019intervalle.<\/p>\t\t\t\t\t\t\t\t<\/div>\n\t\t\t\t<\/div>\n\t\t\t\t<div class=\"elementor-element elementor-element-1a6b1dd elementor-widget elementor-widget-heading\" data-id=\"1a6b1dd\" data-element_type=\"widget\" data-e-type=\"widget\" data-widget_type=\"heading.default\">\n\t\t\t\t<div class=\"elementor-widget-container\">\n\t\t\t\t\t<h4 class=\"elementor-heading-title elementor-size-default\">Libre position du lit<\/h4>\t\t\t\t<\/div>\n\t\t\t\t<\/div>\n\t\t\t\t<div class=\"elementor-element elementor-element-f88c70e elementor-widget elementor-widget-text-editor\" data-id=\"f88c70e\" data-element_type=\"widget\" data-e-type=\"widget\" data-widget_type=\"text-editor.default\">\n\t\t\t\t<div class=\"elementor-widget-container\">\n\t\t\t\t\t\t\t\t\t<p>Permettre \u00e0 l&rsquo;habitant de choisir la position de son lit, ou a minima entre deux ou trois positions (pour cause de branchement, de rail) est crucial. Le lit perpendiculaire habituel, trop central, nuit fortement \u00e0 la diff\u00e9renciation des espaces et \u00e0 la libert\u00e9 d\u2019ameublement.<\/p><p><strong>La position le long du mur<\/strong>, notamment, est d\u00e9cisive, car elle ram\u00e8ne l\u2019espace nuit \u00e0 sa juste proportion (lat\u00e9ral et discret, le lit devenant m\u00eame un divan le jour), affirme la primaut\u00e9 de l\u2019espace s\u00e9jour (vaste et central), et permet un ameublement plus important.<\/p><p>Certes, la position du lit d\u00e9pendra aussi de l\u2019autonomie de la personne\u00a0; mais le choix devrait r\u00e9sulter de son avis et de ses capacit\u00e9s, de <strong>ses int\u00e9r\u00eats d&rsquo;habitant plut\u00f4t que sujet de soin<\/strong>. Et ne pas r\u00e9sulter des contraintes fonctionnelles du personnel (sur ce point, l\u2019ergonomie pourrait aider, nous le verrons).<\/p>\t\t\t\t\t\t\t\t<\/div>\n\t\t\t\t<\/div>\n\t\t\t\t<div class=\"elementor-element elementor-element-ff72cde elementor-widget elementor-widget-heading\" data-id=\"ff72cde\" data-element_type=\"widget\" data-e-type=\"widget\" data-widget_type=\"heading.default\">\n\t\t\t\t<div class=\"elementor-widget-container\">\n\t\t\t\t\t<h4 class=\"elementor-heading-title elementor-size-default\">Adaptation du logement dans le temps<\/h4>\t\t\t\t<\/div>\n\t\t\t\t<\/div>\n\t\t\t\t<div class=\"elementor-element elementor-element-3453e30 elementor-widget elementor-widget-text-editor\" data-id=\"3453e30\" data-element_type=\"widget\" data-e-type=\"widget\" data-widget_type=\"text-editor.default\">\n\t\t\t\t<div class=\"elementor-widget-container\">\n\t\t\t\t\t\t\t\t\t<p>Une autre libert\u00e9 propre \u00e0 un vrai logement est de <strong>pouvoir y vivre longtemps<\/strong>, en autonomie, plaisir et s\u00e9curit\u00e9, sans devoir d\u00e9m\u00e9nager ; le logement devra donc s\u2019adapter \u00e0 l\u2019\u00e9volution de l&rsquo;habitant.\u00a0L\u2019architecture devra <strong>parer aux<\/strong> <strong>\u00e9volutions possibles <\/strong>par <strong>des adaptations souples <\/strong>tenant compte des capacit\u00e9s et de la libert\u00e9 d\u2019am\u00e9nagement de chacun.<\/p><p>Par exemple, le lit pourra changer ais\u00e9ment de position en restant op\u00e9rationnel, un rail sera pr\u00e9install\u00e9 discr\u00e8tement (\u00e0 fleur de faux-plafond, avec rangement pour le moteur) ; la kitchenette sera convertible en simple meuble ou amovible<strong>\u00a0;<\/strong> des syst\u00e8mes domotiques seront disponibles (rep\u00e9rage, commande vocale, d\u00e9tection de situations d\u2019urgence, communication\u2026).<\/p>\t\t\t\t\t\t\t\t<\/div>\n\t\t\t\t<\/div>\n\t\t\t\t<div class=\"elementor-element elementor-element-c6cc179 elementor-widget elementor-widget-heading\" data-id=\"c6cc179\" data-element_type=\"widget\" data-e-type=\"widget\" data-widget_type=\"heading.default\">\n\t\t\t\t<div class=\"elementor-widget-container\">\n\t\t\t\t\t<h4 class=\"elementor-heading-title elementor-size-default\">Choix entre plusieurs logements<\/h4>\t\t\t\t<\/div>\n\t\t\t\t<\/div>\n\t\t\t\t<div class=\"elementor-element elementor-element-8423f0c elementor-widget elementor-widget-text-editor\" data-id=\"8423f0c\" data-element_type=\"widget\" data-e-type=\"widget\" data-widget_type=\"text-editor.default\">\n\t\t\t\t<div class=\"elementor-widget-container\">\n\t\t\t\t\t\t\t\t\t<p>Le droit \u00e0 un logement implique, comme dans la vraie vie, d\u2019avoir le choix entre plusieurs. Ce qui est rare en EHPAD\u00a0: les chambres et unit\u00e9s \u00e9tant souvent identiques, le choix para\u00eet sans objet\u00a0; et l&rsquo;entr\u00e9e de la personne \u00e9tant soudaine et la demande forte, l&rsquo;unique chambre propos\u00e9e est \u00e0 prendre ou \u00e0 laisser.<\/p><p>Sur le premier point, il s&rsquo;agira de <strong>promouvoir une vraie diversit\u00e9 architecturale<\/strong>. Celle des <strong>logements<\/strong>, avec des variations de g\u00e9om\u00e9trie, espaces, orientation, vue,\u00a0baies, esth\u00e9tique, voire surface. Et celle des <strong>unit\u00e9s<\/strong> (ou plut\u00f4t des quartiers, on va le voir) avec des variations de g\u00e9om\u00e9trie, de disposition des logements, locaux ou circulations, de caract\u00e8re, ambiance,\u00a0activit\u00e9s, affinit\u00e9s entre voisins\u2026<\/p><p>Sur le second point, il s&rsquo;agira pour l&rsquo;EHPAD <strong>d\u2019\u00eatre ce lieu d\u00e9sirable,<\/strong> <strong>o\u00f9 les personnes<\/strong> <strong>viendraient par projet anticip\u00e9<\/strong>, avec d\u2019abord un court s\u00e9jour de d\u00e9couverte des diff\u00e9rents quartiers et logements, puis l\u2019attente chez elles d\u2019une offre leur permettant un choix de c\u0153ur.<\/p>\t\t\t\t\t\t\t\t<\/div>\n\t\t\t\t<\/div>\n\t\t\t\t<div class=\"elementor-element elementor-element-4506c83 elementor-widget elementor-widget-heading\" data-id=\"4506c83\" data-element_type=\"widget\" data-e-type=\"widget\" data-widget_type=\"heading.default\">\n\t\t\t\t<div class=\"elementor-widget-container\">\n\t\t\t\t\t<h3 class=\"elementor-heading-title elementor-size-default\">Une vie sociale \u00e9toff\u00e9e<\/h3>\t\t\t\t<\/div>\n\t\t\t\t<\/div>\n\t\t\t\t<div class=\"elementor-element elementor-element-ae51677 elementor-widget elementor-widget-text-editor\" data-id=\"ae51677\" data-element_type=\"widget\" data-e-type=\"widget\" data-widget_type=\"text-editor.default\">\n\t\t\t\t<div class=\"elementor-widget-container\">\n\t\t\t\t\t\t\t\t\t<p>Selon notre exp\u00e9rience \u00e0 tous, la vie sociale <strong>doit \u00eatre riche, varier selon les lieux, personnes, effectifs <\/strong>(petit comit\u00e9 ou vaste assembl\u00e9e, jusqu\u2019\u00e0 la communaut\u00e9 large de la cit\u00e9), et selon le <strong>libre choix <\/strong>de chacun.<\/p><p>En EHPAD cependant, la vie sociale reste souvent limit\u00e9e \u00e0 un dispositif architectural binaire, pauvre, entre unit\u00e9s pour le sommeil, et locaux centraux pour la vie collective\u00a0; avec de plus peu d&rsquo;ouverture sur l&rsquo;ext\u00e9rieur.<\/p>\t\t\t\t\t\t\t\t<\/div>\n\t\t\t\t<\/div>\n\t\t\t\t<div class=\"elementor-element elementor-element-46c22ee elementor-widget elementor-widget-heading\" data-id=\"46c22ee\" data-element_type=\"widget\" data-e-type=\"widget\" data-widget_type=\"heading.default\">\n\t\t\t\t<div class=\"elementor-widget-container\">\n\t\t\t\t\t<h4 class=\"elementor-heading-title elementor-size-default\">Au sein m\u00eame de l'EHPAD, une vie sociale multiforme<\/h4>\t\t\t\t<\/div>\n\t\t\t\t<\/div>\n\t\t\t\t<div class=\"elementor-element elementor-element-fe4872f elementor-widget elementor-widget-text-editor\" data-id=\"fe4872f\" data-element_type=\"widget\" data-e-type=\"widget\" data-widget_type=\"text-editor.default\">\n\t\t\t\t<div class=\"elementor-widget-container\">\n\t\t\t\t\t\t\t\t\t<p>La faible mobilit\u00e9 des habitants exige de leur <strong>proposer dans les murs et espaces ext\u00e9rieurs de l\u2019\u00e9tablissement<\/strong> <strong>cette vie sociale diversifi\u00e9e<\/strong>.<\/p><p>On pourrait par exemple envisager, en r\u00e9f\u00e9rence aux \u00ab\u00a0degr\u00e9s\u00a0\u00bb usuels en ville\u00a0:<\/p><ul><li>Une <strong>vie sociale priv\u00e9e<\/strong> : celle qu&rsquo;on m\u00e8ne dans son logement, avec la famille, les amis. Elle suppose un v\u00e9ritable espace s\u00e9jour, permettant de recevoir confortablement et hors de l&rsquo;espace nuit.<\/li><li>Une <strong>vie sociale de voisinage<\/strong> ou <strong>semi-priv\u00e9e<\/strong>: celle qu\u2019on m\u00e8ne pr\u00e8s de son logement (dans son all\u00e9e, sa rue), o\u00f9 l\u2019on conna\u00eet les gens, et \u00e9change avec eux. Ce degr\u00e9 encore amical est en g\u00e9n\u00e9ral absent des EHPAD, ou juste esquiss\u00e9 avec des salons d\u2019unit\u00e9s. Le faire vivre architecturalement demande de <strong>ne plus penser<\/strong> <strong>\u00ab\u00a0unit\u00e9\u00a0\u00bb<\/strong> <strong>mais<\/strong> <strong>\u00ab\u00a0quartier\u00a0\u00bb, <\/strong>notion plus concr\u00e8te et humaine. Ce quartier pourrait compter <strong>10 logements au plus<\/strong>, et des lieux cr\u00e9dibles de <strong>vie collective locale\u00a0:<\/strong> un vrai salon, une salle \u00e0 manger pour tous repas, des locaux d\u2019activit\u00e9s intimes (baln\u00e9o, bien-\u00eatre\u2026) ou plus anim\u00e9es mais encore semi-priv\u00e9es (ateliers cuisine, repas familiaux, jeux, travaux manuels, kin\u00e9, danse\u2026), et un jardin ou terrasse. On peut ainsi y passer plusieurs jours si l\u2019on veut. Bien s\u00fbr on peut <strong>mutualiser des locaux entre quartiers<\/strong> <strong>pour<\/strong> l\u2019interaction et l\u2019efficacit\u00e9, tout en y mod\u00e9rant l\u2019effectif\u00a0: la salle \u00e0 manger peut \u00eatre partag\u00e9e entre deux ou trois quartiers, les activit\u00e9s peuvent \u00eatre r\u00e9parties et donner \u00e0 <strong>chaque quartier sa personnalit\u00e9<\/strong> (on rejoint ici les variations entre quartiers vues plus haut).<\/li><li>Une<strong> vie sociale centrale<\/strong> : celle qu\u2019on trouve plus loin de chez soi, faite de multiples activit\u00e9s, surprises, o\u00f9 l&rsquo;on croise des inconnus. Une atmosph\u00e8re tonique de <strong>sortie en ville<\/strong>. Ce degr\u00e9, en EHPAD, repose sur les grands locaux collectifs, hall d\u2019accueil, grande salle \u00e0 manger, salle polyvalente\u2026 parfois sur une \u00ab\u00a0place de village\u00a0\u00bb avec salon de coiffure, boutique, coin caf\u00e9. Mais cela reste souvent cantonn\u00e9 aux r\u00e9sidents, familles, personnel, b\u00e9n\u00e9voles, il manque la pr\u00e9sence de <strong>la cit\u00e9 et ses habitants<\/strong>, l\u2019effervescence de la soci\u00e9t\u00e9 r\u00e9elle. Pour cela l&rsquo;EHPAD doit <strong>attirer<\/strong> <strong>un public ext\u00e9rieur de toutes g\u00e9n\u00e9rations, <\/strong>avec des choses utiles et de belles exp\u00e9riences humaines. Il s&rsquo;agira, en parlant aux acteurs locaux (commune, associations, entreprises), <strong>d&rsquo;identifier les opportunit\u00e9s<\/strong>, les activit\u00e9s ou locaux \u00e0 proposer \u00ab\u00a0comme en ville\u00a0\u00bb.\u00a0<\/li><\/ul><p>Voici quelques exemples observ\u00e9s ici et l\u00e0\u00a0:<\/p><ul><li>Pour les <strong>personnes \u00e2g\u00e9es \u00e0 domicile\u00a0<\/strong>: repas, culture et loisirs, gym, information sant\u00e9, caf\u00e9 des aidants\u2026<\/li><li>Pour tout <strong>public ext\u00e9rieur\u00a0<\/strong>: salon de th\u00e9, bistrot, fitness, arts plastiques, cin\u00e9ma, th\u00e9\u00e2tre, culte, maison de sant\u00e9, services publics\u2026 Et en ext\u00e9rieur, aire de pique-nique, jeux d&rsquo;enfants, parcours de sant\u00e9, activit\u00e9s \u00e9cologiques\u2026<\/li><\/ul>\t\t\t\t\t\t\t\t<\/div>\n\t\t\t\t<\/div>\n\t\t\t\t<div class=\"elementor-element elementor-element-6f8726c elementor-widget elementor-widget-heading\" data-id=\"6f8726c\" data-element_type=\"widget\" data-e-type=\"widget\" data-widget_type=\"heading.default\">\n\t\t\t\t<div class=\"elementor-widget-container\">\n\t\t\t\t\t<h4 class=\"elementor-heading-title elementor-size-default\">Jonction, imbrication avec la ville<\/h4>\t\t\t\t<\/div>\n\t\t\t\t<\/div>\n\t\t\t\t<div class=\"elementor-element elementor-element-1d1624e elementor-widget elementor-widget-text-editor\" data-id=\"1d1624e\" data-element_type=\"widget\" data-e-type=\"widget\" data-widget_type=\"text-editor.default\">\n\t\t\t\t<div class=\"elementor-widget-container\">\n\t\t\t\t\t\t\t\t\t<p>La connexion de l&rsquo;EHPAD avec la cit\u00e9 passe par les activit\u00e9s ci-dessus, mais aussi par sa capacit\u00e9 \u00e0 se signaler aux gens, \u00e0 les attirer, avant m\u00eame qu&rsquo;ils y entrent.<\/p><p>D\u2019abord <strong>en invitant le public \u00e0 entrer librement dans l\u2019EHPAD <\/strong>pour rencontrer les habitants et profiter de son offre, et m\u00eame \u00e0 traverser son terrain (voire le b\u00e2timent) pour la commodit\u00e9 d&rsquo;un trajet riverain.\u00a0Une <strong>architecture ouverte, chaleureuse<\/strong>, et non pas Institutionnelle, signifiera cela.<\/p><p>Ensuite en affirmant avec panache<strong> l&rsquo;action sociale et culturelle de l&rsquo;EHPAD<\/strong> dans la cit\u00e9. Le buzz sera recherch\u00e9, via une architecture contemporaine ou traditionnelle mais pas banale, une \u0153uvre d\u2019artiste grand format, des \u00e9v\u00e9nements ambitieux (cas r\u00e9els d\u2019un festival de rock, d\u2019un centre d\u2019art\u2026)<\/p>\t\t\t\t\t\t\t\t<\/div>\n\t\t\t\t<\/div>\n\t\t\t\t<div class=\"elementor-element elementor-element-b875e1e elementor-widget elementor-widget-heading\" data-id=\"b875e1e\" data-element_type=\"widget\" data-e-type=\"widget\" data-widget_type=\"heading.default\">\n\t\t\t\t<div class=\"elementor-widget-container\">\n\t\t\t\t\t<h4 class=\"elementor-heading-title elementor-size-default\">Morceau de ville <\/h4>\t\t\t\t<\/div>\n\t\t\t\t<\/div>\n\t\t\t\t<div class=\"elementor-element elementor-element-f159ffb elementor-widget elementor-widget-text-editor\" data-id=\"f159ffb\" data-element_type=\"widget\" data-e-type=\"widget\" data-widget_type=\"text-editor.default\">\n\t\t\t\t<div class=\"elementor-widget-container\">\n\t\t\t\t\t\t\t\t\t<p>Mieux encore, l&rsquo;EHPAD peut se voir en <strong>acteur proactif de la cit\u00e9<\/strong>, <strong>force de proposition<\/strong> urbanistique et sociale. Ses habitants, son personnel recouvrent leur importance citoyenne. L\u2019EHPAD ach\u00e8ve de se d\u00e9senclaver et <strong>se fond dans la ville, <\/strong>avec une architecture au contour effac\u00e9.<\/p>\t\t\t\t\t\t\t\t<\/div>\n\t\t\t\t<\/div>\n\t\t\t\t<div class=\"elementor-element elementor-element-d46feeb elementor-widget elementor-widget-heading\" data-id=\"d46feeb\" data-element_type=\"widget\" data-e-type=\"widget\" data-widget_type=\"heading.default\">\n\t\t\t\t<div class=\"elementor-widget-container\">\n\t\t\t\t\t<h4 class=\"elementor-heading-title elementor-size-default\">Libert\u00e9 d'user de tout cela<\/h4>\t\t\t\t<\/div>\n\t\t\t\t<\/div>\n\t\t\t\t<div class=\"elementor-element elementor-element-4441cda elementor-widget elementor-widget-text-editor\" data-id=\"4441cda\" data-element_type=\"widget\" data-e-type=\"widget\" data-widget_type=\"text-editor.default\">\n\t\t\t\t<div class=\"elementor-widget-container\">\n\t\t\t\t\t\t\t\t\t<p>Comme dans la vie, les habitants (et leur famille et proches) doivent <strong>\u00eatre parfaitement libres <\/strong>des moments, degr\u00e9s, lieux, personnes, activit\u00e9s de leur vie sociale, dans une logique \u00ab\u00a0\u00e0 la carte\u00a0\u00bb.<\/p>\t\t\t\t\t\t\t\t<\/div>\n\t\t\t\t<\/div>\n\t\t\t\t<div class=\"elementor-element elementor-element-edea27a elementor-widget elementor-widget-heading\" data-id=\"edea27a\" data-element_type=\"widget\" data-e-type=\"widget\" data-widget_type=\"heading.default\">\n\t\t\t\t<div class=\"elementor-widget-container\">\n\t\t\t\t\t<h3 class=\"elementor-heading-title elementor-size-default\">Une ambiance \"po\u00e9tique\", \u00e9motionnelle<\/h3>\t\t\t\t<\/div>\n\t\t\t\t<\/div>\n\t\t\t\t<div class=\"elementor-element elementor-element-51b94fa elementor-widget elementor-widget-text-editor\" data-id=\"51b94fa\" data-element_type=\"widget\" data-e-type=\"widget\" data-widget_type=\"text-editor.default\">\n\t\t\t\t<div class=\"elementor-widget-container\">\n\t\t\t\t\t\t\t\t\t<p>Selon notre exp\u00e9rience \u00e0 tous, <strong>il<\/strong> <strong>nous<\/strong> <strong>faut<\/strong> <strong>pour vivre bien un cadre \u00e9mouvant, subjectif (\u00ab\u00a0po\u00e9tique\u00a0\u00bb).<\/strong> Notre logement nous charme par nos d\u00e9cors, nos souvenirs. Et l\u2019espace public par ses traits esth\u00e9tiques et culturels.<\/p><p>En EHPAD cependant, domine la rationalit\u00e9 hospitali\u00e8re, faite pour des gens de passage. En r\u00e9sultent les mod\u00e8les r\u00e9p\u00e9titifs de chambres, les longs couloirs, le manque de couleurs, de meubles, de d\u00e9coration.<\/p>\t\t\t\t\t\t\t\t<\/div>\n\t\t\t\t<\/div>\n\t\t\t\t<div class=\"elementor-element elementor-element-3918933 elementor-widget elementor-widget-heading\" data-id=\"3918933\" data-element_type=\"widget\" data-e-type=\"widget\" data-widget_type=\"heading.default\">\n\t\t\t\t<div class=\"elementor-widget-container\">\n\t\t\t\t\t<h4 class=\"elementor-heading-title elementor-size-default\">Espaces et formes \u00e0 port\u00e9e des habitants<\/h4>\t\t\t\t<\/div>\n\t\t\t\t<\/div>\n\t\t\t\t<div class=\"elementor-element elementor-element-c9a2d25 elementor-widget elementor-widget-text-editor\" data-id=\"c9a2d25\" data-element_type=\"widget\" data-e-type=\"widget\" data-widget_type=\"text-editor.default\">\n\t\t\t\t<div class=\"elementor-widget-container\">\n\t\t\t\t\t\t\t\t\t<p>Aucun lieu de l\u2019EHPAD ne devrait \u00eatre vaste, vide, monotone, et donc fatigant pour les habitants\u00a0; sont pr\u00e9f\u00e9rables des <strong>gabarits compacts, rassurants<\/strong>, <strong>\u00e0 la port\u00e9e de leurs moyens physiques et cognitifs<\/strong>.<\/p><p>Les unit\u00e9s deviennent ainsi des quartiers amicaux. Les locaux collectifs centraux deviennent des espaces mesur\u00e9s, propres \u00e0 une vie sociale centrale diversifi\u00e9e. Les distances sont condens\u00e9es. Enfin les formes architecturales fuient l\u2019uniformit\u00e9 pour la forte vari\u00e9t\u00e9 vue plus haut, avec fractionnements, inflexions, al\u00e9as, \u00e0 la fa\u00e7on des villes anciennes.<\/p><p>Ce besoin de \u00ab\u00a0<strong>taille humaine<\/strong>\u00a0\u00bb en tout lieu\u00a0n\u2019emp\u00eache pas d\u2019installer les degr\u00e9s successifs de vie sociale, en faisant varier l\u2019envergure des diff\u00e9rents lieux dans une fourchette resserr\u00e9e.<\/p>\t\t\t\t\t\t\t\t<\/div>\n\t\t\t\t<\/div>\n\t\t\t\t<div class=\"elementor-element elementor-element-b8954e6 elementor-widget elementor-widget-heading\" data-id=\"b8954e6\" data-element_type=\"widget\" data-e-type=\"widget\" data-widget_type=\"heading.default\">\n\t\t\t\t<div class=\"elementor-widget-container\">\n\t\t\t\t\t<h4 class=\"elementor-heading-title elementor-size-default\">Esth\u00e9tiques et configurations ni hospitali\u00e8re ni seulement domestique, mais vari\u00e9es<\/h4>\t\t\t\t<\/div>\n\t\t\t\t<\/div>\n\t\t\t\t<div class=\"elementor-element elementor-element-f20d995 elementor-widget elementor-widget-text-editor\" data-id=\"f20d995\" data-element_type=\"widget\" data-e-type=\"widget\" data-widget_type=\"text-editor.default\">\n\t\t\t\t<div class=\"elementor-widget-container\">\n\t\t\t\t\t\t\t\t\t<p>Pour rompre avec l\u2019univers hospitalier, on privil\u00e9gie souvent l\u2019esth\u00e9tique domestique. Mais ce serait rester uniforme, ne pas servir la diversit\u00e9 de la vie sociale. \u00a0Aussi le r\u00e9pertoire peut-il plut\u00f4t varier selon celle-ci.<\/p><p>Le logement, lieu de la <strong>vie sociale priv\u00e9e, <\/strong>rel\u00e8ve par nature d&rsquo;une<strong> ambiance domestique<\/strong>. Et de mille fa\u00e7ons, l\u2019habitant pouvant choisir objets, meubles, rideaux, luminaires, rev\u00eatements muraux. Les autres rev\u00eatements pourront \u00eatre \u00e0 l\u2019unisson\u00a0: sols fa\u00e7on parquet, plinthes bois, salle d\u2019eau carrel\u00e9e, plafonds lisses.<\/p><p>Les espaces de <strong>la vie sociale centrale <\/strong>ne rel\u00e8vent pas d\u2019une ambiance domestique mais plut\u00f4t d\u2019une <strong>ambiance de centre-bourg<\/strong>. Ainsi <strong>la configuration architecturale et les mat\u00e9riaux<\/strong> peuvent-ils <strong>\u00e9voquer<\/strong> <strong>l&rsquo;ext\u00e9rieur<\/strong> : \u00e9chapp\u00e9e vers le ciel avec une verri\u00e8re raisonnable pour la \u00ab\u00a0place de village\u00a0\u00bb ; pierre, brique, enduit ou bois pour les murs, dallage pierre ou imitation pour les sols\u00a0; activit\u00e9s install\u00e9es dans un esprit foisonnant de lieu public\u00a0; place ouverte sur les espaces ext\u00e9rieurs, rendant palpable la cit\u00e9 alentour.<\/p><p>Et entre ces deux p\u00f4les, <strong>l&rsquo;ambiance des quartiers, lieux de la vie sociale de voisinage<\/strong>, serait <strong>quelque chose d&rsquo;interm\u00e9diaire<\/strong>, un monde de nuances nourri de la subtilit\u00e9 de cette vie semi-priv\u00e9e mais aussi des diverses personnalit\u00e9s des quartiers.<\/p>\t\t\t\t\t\t\t\t<\/div>\n\t\t\t\t<\/div>\n\t\t\t\t<div class=\"elementor-element elementor-element-2857582 elementor-widget elementor-widget-heading\" data-id=\"2857582\" data-element_type=\"widget\" data-e-type=\"widget\" data-widget_type=\"heading.default\">\n\t\t\t\t<div class=\"elementor-widget-container\">\n\t\t\t\t\t<h4 class=\"elementor-heading-title elementor-size-default\">Libert\u00e9 d'investir les lieux collectifs<\/h4>\t\t\t\t<\/div>\n\t\t\t\t<\/div>\n\t\t\t\t<div class=\"elementor-element elementor-element-395e783 elementor-widget elementor-widget-text-editor\" data-id=\"395e783\" data-element_type=\"widget\" data-e-type=\"widget\" data-widget_type=\"text-editor.default\">\n\t\t\t\t<div class=\"elementor-widget-container\">\n\t\t\t\t\t\t\t\t\t<p>Envisager des espaces de vie sociale riches de personnalit\u00e9s et\u00a0de surprises implique de laisser partout libre cours aux envies des habitants et leurs proches, au-del\u00e0 du logement. R\u00e9gul\u00e9e par une <strong>gestion communautaire<\/strong>, la <strong>libert\u00e9 de s&rsquo;approprier<\/strong> <strong>s\u2019\u00e9tend aux lieux collectifs <\/strong>et circulations, qui ne sont plus r\u00e9serv\u00e9s au\u00a0gestionnaire.<\/p><p>Cette libert\u00e9 pourra porter sur la <strong>d\u00e9coration<\/strong> (murs, meubles, bibelots\u2026) sans h\u00e9siter \u00e0 charger,\u00a0; sur les <strong>usages des locaux<\/strong>, affectifs, et non plus fonctionnels\u00a0; sur<strong> l&rsquo;expression publique<\/strong> des habitants ou de quiconque convi\u00e9 par eux (expos, spectacles, d\u00e9bats\u2026). Le personnel, les intervenants et b\u00e9n\u00e9voles, et d&rsquo;autres, aideront et contribueront, en tant que membres de la communaut\u00e9 de l&rsquo;EHPAD.<\/p>\t\t\t\t\t\t\t\t<\/div>\n\t\t\t\t<\/div>\n\t\t\t\t<div class=\"elementor-element elementor-element-ed962e0 elementor-widget elementor-widget-heading\" data-id=\"ed962e0\" data-element_type=\"widget\" data-e-type=\"widget\" data-widget_type=\"heading.default\">\n\t\t\t\t<div class=\"elementor-widget-container\">\n\t\t\t\t\t<h4 class=\"elementor-heading-title elementor-size-default\">Immersion des locaux professionnels<\/h4>\t\t\t\t<\/div>\n\t\t\t\t<\/div>\n\t\t\t\t<div class=\"elementor-element elementor-element-8b76f6d elementor-widget elementor-widget-text-editor\" data-id=\"8b76f6d\" data-element_type=\"widget\" data-e-type=\"widget\" data-widget_type=\"text-editor.default\">\n\t\t\t\t<div class=\"elementor-widget-container\">\n\t\t\t\t\t\t\t\t\t<p>L\u2019abandon des r\u00e9f\u00e9rences hospitali\u00e8res suppose aussi que <strong>les locaux professionnels se coulent dans le lieu de vie<\/strong> qu\u2019est l&rsquo;EHPAD, admettant que les habitants sont ici chez eux, que le soin et la gestion ne sont pas leur but.<\/p><p>Ces locaux ne sont pas \u00e0 cacher, sauf ceux purement fonctionnels (vestiaires, stocks\u2026)\u00a0; ils peuvent surtout se repenser comme <strong>lieux de services \u00ab\u00a0de ville\u00a0\u00bb<\/strong>\u00a0: points d\u2019int\u00e9r\u00eat de l\u2019EHPAD parmi d\u2019autres, contribuant \u00e0 la diversit\u00e9 de la vie sociale et de l\u2019ambiance.<\/p><p>Il s\u2019agit ainsi de briser les p\u00f4les administratif et m\u00e9dical<strong>\u00a0<\/strong>trop vastes et centraux. Les locaux peuvent \u00eatre diss\u00e9min\u00e9s parmi les autres lieux de vie sociale\u00a0; et Ils peuvent \u00eatre optimis\u00e9s peut-\u00eatre, par mutualisation entre eux, ou avec autres locaux.<\/p><p>Puis il s\u2019agit de <strong>donner \u00e0 ces locaux<\/strong> <strong>une \u00e9toffe de lieux de vie sociale<\/strong> : \u00eatre accueillants pour les habitants, adopter une esth\u00e9tique avenante, diff\u00e9rencier leur apparence comme en ville.<\/p><p>A noter, une politique radicale serait d\u2019exclure tous les locaux professionnels des espaces de vie des habitants, le personnel intervenant alors tel un service \u00e0 domicile. Mais ce serait se priver de leur potentiel d\u2019animation, et \u00e9gratigner la notion de communaut\u00e9 bienveillante et aidante.<\/p>\t\t\t\t\t\t\t\t<\/div>\n\t\t\t\t<\/div>\n\t\t\t\t<div class=\"elementor-element elementor-element-9339580 elementor-widget elementor-widget-heading\" data-id=\"9339580\" data-element_type=\"widget\" data-e-type=\"widget\" data-widget_type=\"heading.default\">\n\t\t\t\t<div class=\"elementor-widget-container\">\n\t\t\t\t\t<h4 class=\"elementor-heading-title elementor-size-default\">Au total : cr\u00e9ativit\u00e9, foisonnement<\/h4>\t\t\t\t<\/div>\n\t\t\t\t<\/div>\n\t\t\t\t<div class=\"elementor-element elementor-element-15b7154 elementor-widget elementor-widget-text-editor\" data-id=\"15b7154\" data-element_type=\"widget\" data-e-type=\"widget\" data-widget_type=\"text-editor.default\">\n\t\t\t\t<div class=\"elementor-widget-container\">\n\t\t\t\t\t\t\t\t\t<p>Pourrait ainsi \u00e9clore dans tout l&rsquo;EHPAD, in fine, une <strong>ambiance d\u00e9rationalis\u00e9e, imaginative, sans tabou<\/strong>. Bref, \u00ab\u00a0po\u00e9tique\u00a0\u00bb et \u00e9motionnelle, image joyeuse de multiples vies en interaction.<\/p>\t\t\t\t\t\t\t\t<\/div>\n\t\t\t\t<\/div>\n\t\t\t\t<div class=\"elementor-element elementor-element-2ecb74d elementor-widget elementor-widget-heading\" data-id=\"2ecb74d\" data-element_type=\"widget\" data-e-type=\"widget\" data-widget_type=\"heading.default\">\n\t\t\t\t<div class=\"elementor-widget-container\">\n\t\t\t\t\t<h3 class=\"elementor-heading-title elementor-size-default\">Une circulation facile et libre<\/h3>\t\t\t\t<\/div>\n\t\t\t\t<\/div>\n\t\t\t\t<div class=\"elementor-element elementor-element-86e22e2 elementor-widget elementor-widget-text-editor\" data-id=\"86e22e2\" data-element_type=\"widget\" data-e-type=\"widget\" data-widget_type=\"text-editor.default\">\n\t\t\t\t<div class=\"elementor-widget-container\">\n\t\t\t\t\t\t\t\t\t<p>Selon notre exp\u00e9rience \u00e0 tous, l\u2019usage d\u2019un logement personnel, une vie sociale \u00e9toff\u00e9e, requi\u00e8rent la <strong>libert\u00e9 de se d\u00e9placer<\/strong>. Il y faut de la <strong>facilit\u00e9 pratique<\/strong>, mais aussi un <strong>rep\u00e9rage ais\u00e9<\/strong>, et au-del\u00e0 <strong>de l\u2019attrait<\/strong>.<\/p><p>En EHPAD cependant, on en reste en g\u00e9n\u00e9ral aux mesures de l\u2019accessibilit\u00e9 r\u00e9glementaire. La facilit\u00e9 pratique manque dans le d\u00e9tail, et le rep\u00e9rage et l\u2019attrait sont peu assur\u00e9s dans un cadre architectural simpliste.<\/p>\t\t\t\t\t\t\t\t<\/div>\n\t\t\t\t<\/div>\n\t\t\t\t<div class=\"elementor-element elementor-element-9ffcfb8 elementor-widget elementor-widget-heading\" data-id=\"9ffcfb8\" data-element_type=\"widget\" data-e-type=\"widget\" data-widget_type=\"heading.default\">\n\t\t\t\t<div class=\"elementor-widget-container\">\n\t\t\t\t\t<h4 class=\"elementor-heading-title elementor-size-default\">Facilitation pratique maximale<\/h4>\t\t\t\t<\/div>\n\t\t\t\t<\/div>\n\t\t\t\t<div class=\"elementor-element elementor-element-cba2562 elementor-widget elementor-widget-text-editor\" data-id=\"cba2562\" data-element_type=\"widget\" data-e-type=\"widget\" data-widget_type=\"text-editor.default\">\n\t\t\t\t<div class=\"elementor-widget-container\">\n\t\t\t\t\t\t\t\t\t<p>La r\u00e9glementation accessibilit\u00e9, englobant tous les handicaps, est d\u2019abord \u00e0 exploiter pleinement. Mais au-del\u00e0, il faut identifier et supprimer les obstacles minuscules entravant les d\u00e9placements de chaque habitant (par exemple, pour sortir de son logement), via\u00a0une <strong>\u00e9tude ergonomique\u00a0individualis\u00e9e<\/strong> avec observation et \u00e9changes.<\/p><p>La <strong>compacit\u00e9 horizontale<\/strong> est \u00e9galement cruciale. Tout en pr\u00e9servant leur richesse, il faut cr\u00e9er des <strong>trajets courts<\/strong>, notamment entre quartiers et espaces centraux\u00a0; une construction ramass\u00e9e avec des ascenseurs bien r\u00e9partis, par exemple en R+2, peut s\u2019av\u00e9rer judicieuse.<\/p>\t\t\t\t\t\t\t\t<\/div>\n\t\t\t\t<\/div>\n\t\t\t\t<div class=\"elementor-element elementor-element-72a676c elementor-widget elementor-widget-heading\" data-id=\"72a676c\" data-element_type=\"widget\" data-e-type=\"widget\" data-widget_type=\"heading.default\">\n\t\t\t\t<div class=\"elementor-widget-container\">\n\t\t\t\t\t<h4 class=\"elementor-heading-title elementor-size-default\">Rep\u00e9rage ais\u00e9<\/h4>\t\t\t\t<\/div>\n\t\t\t\t<\/div>\n\t\t\t\t<div class=\"elementor-element elementor-element-21624a5 elementor-widget elementor-widget-text-editor\" data-id=\"21624a5\" data-element_type=\"widget\" data-e-type=\"widget\" data-widget_type=\"text-editor.default\">\n\t\t\t\t<div class=\"elementor-widget-container\">\n\t\t\t\t\t\t\t\t\t<p>Une signal\u00e9tique \u00e9crite servira surtout aux visiteurs d\u2019un jour. Les habitants et habitu\u00e9s de l&rsquo;EHPAD s&rsquo;orienteront via <strong>des rep\u00e8res multiformes <\/strong>connus d&rsquo;eux,\u00a0comme en ville. Des rep\u00e8res mobilisant <strong>tous les sens et donc les capacit\u00e9s de chacun<\/strong>, et <strong>structurant l&rsquo;espace\u00a0:<\/strong> couleurs et motifs d&rsquo;un mur, lumi\u00e8re et vue d&rsquo;une baie, toucher d&rsquo;une tapisserie, m\u00e9lodie d&rsquo;une fontaine, parfums de cuisine, de linge ou de fleurs\u2026 In fine, moins une liste de locaux qu\u2019<strong>un<\/strong> <strong>r\u00e9seau de points marquants<\/strong>.<\/p>\t\t\t\t\t\t\t\t<\/div>\n\t\t\t\t<\/div>\n\t\t\t\t<div class=\"elementor-element elementor-element-7cb2153 elementor-widget elementor-widget-heading\" data-id=\"7cb2153\" data-element_type=\"widget\" data-e-type=\"widget\" data-widget_type=\"heading.default\">\n\t\t\t\t<div class=\"elementor-widget-container\">\n\t\t\t\t\t<h4 class=\"elementor-heading-title elementor-size-default\">Attrait des espaces et lieux<\/h4>\t\t\t\t<\/div>\n\t\t\t\t<\/div>\n\t\t\t\t<div class=\"elementor-element elementor-element-d505166 elementor-widget elementor-widget-text-editor\" data-id=\"d505166\" data-element_type=\"widget\" data-e-type=\"widget\" data-widget_type=\"text-editor.default\">\n\t\t\t\t<div class=\"elementor-widget-container\">\n\t\t\t\t\t\t\t\t\t<p>Au-del\u00e0 de ces aspects mat\u00e9riels, <strong>la condition premi\u00e8re du d\u00e9placement est le plaisir esp\u00e9r\u00e9<\/strong> de l\u2019objectif (lieu ou activit\u00e9), et du parcours. On le sait\u00a0: le charme d\u2019une ville ancienne ou d\u2019un b\u00e2timent raffin\u00e9, l\u2019envie d\u2019avancer, tiennent \u00e0 la <strong>vari\u00e9t\u00e9 des espaces et motifs, <\/strong>\u00e0 la promenade architecturale&#8230; bref, \u00e0 tout sauf la monotonie.<\/p><p>Or une palette p\u00e9tillante d&rsquo;activit\u00e9s et d&rsquo;\u00e9l\u00e9ments existe d\u00e9sormais, fruit de la vie sociale, de l&rsquo;ambiance, du rep\u00e9rage\u00a0; l\u2019architecture peut en nourrir des parcours faits de successions d&rsquo;espaces et points singuliers, et non de couloirs. Tel un morceau de ville, l&rsquo;EHPAD est \u00e0 imaginer comme une constellation pittoresque de centres d&rsquo;int\u00e9r\u00eat.<\/p>\t\t\t\t\t\t\t\t<\/div>\n\t\t\t\t<\/div>\n\t\t\t\t\t<\/div>\n\t\t<\/div>\n\t\t\t\t\t<\/div>\n\t\t<\/section>\n\t\t\t\t<section class=\"elementor-section elementor-top-section elementor-element elementor-element-506ec34 elementor-section-stretched billet-texte elementor-section-boxed elementor-section-height-default elementor-section-height-default\" data-id=\"506ec34\" data-element_type=\"section\" data-e-type=\"section\" data-settings=\"{&quot;stretch_section&quot;:&quot;section-stretched&quot;}\">\n\t\t\t\t\t\t<div class=\"elementor-container elementor-column-gap-default\">\n\t\t\t\t\t<div class=\"elementor-column elementor-col-100 elementor-top-column elementor-element elementor-element-a36e865\" data-id=\"a36e865\" data-element_type=\"column\" data-e-type=\"column\">\n\t\t\t<div class=\"elementor-widget-wrap elementor-element-populated\">\n\t\t\t\t\t\t<div class=\"elementor-element elementor-element-cb29365 elementor-widget elementor-widget-text-editor\" data-id=\"cb29365\" data-element_type=\"widget\" data-e-type=\"widget\" data-widget_type=\"text-editor.default\">\n\t\t\t\t<div class=\"elementor-widget-container\">\n\t\t\t\t\t\t\t\t\t<p>L&rsquo;EHPAD est un lieu de vie par nature : plus qu&rsquo;une conviction, c&rsquo;est d\u2019apr\u00e8s nous une perspective absolument tangible,\u00a0qui va prendre corps, pour les raisons que nous avons dites.\u00a0Et qui pourra aussi s\u2019appuyer, comme nous l\u2019avons indiqu\u00e9, sur des\u00a0avantages\u00a0substantiels en mati\u00e8re de QVT et de co\u00fbts de fonctionnement et d\u2019investissement.<\/p><p>Mais on peut voir plus loin, quant \u00e0 la n\u00e9cessit\u00e9 d\u2019un tel EHPAD. Il s\u2019agit en v\u00e9rit\u00e9 de <strong>l&rsquo;ambition d\u00e9mocratique <\/strong>elle-m\u00eame, c&rsquo;est-\u00e0-dire de <strong>l&rsquo;espoir d&rsquo;une soci\u00e9t\u00e9 plus inclusive, ouverte, tol\u00e9rante, respectueuse des droits individuels et soucieuse du bien collectif<\/strong>, ici pour les personnes vieillissantes \u2013 et finalement pour nous tous.<\/p><p>Or <strong>nous savons la subtilit\u00e9 et la fragilit\u00e9 de cet id\u00e9al<\/strong>. A ce titre, penser l&rsquo;EHPAD comme un v\u00e9ritable lieu de vie, et plus largement porter haut les valeurs du secteur m\u00e9dico-social, peut s&rsquo;apparenter dans le monde qui vient \u00e0 un <strong>acte militant <\/strong>\u2013 un <strong>acte de r\u00e9sistance<\/strong>.<\/p>\t\t\t\t\t\t\t\t<\/div>\n\t\t\t\t<\/div>\n\t\t\t\t<div class=\"elementor-element elementor-element-31d3668 elementor-align-center elementor-widget elementor-widget-button\" data-id=\"31d3668\" data-element_type=\"widget\" data-e-type=\"widget\" data-widget_type=\"button.default\">\n\t\t\t\t<div class=\"elementor-widget-container\">\n\t\t\t\t\t\t\t\t\t<div class=\"elementor-button-wrapper\">\n\t\t\t\t\t<a class=\"elementor-button elementor-button-link elementor-size-lg\" href=\"https:\/\/www.gerontim.com\/fr\/articles\/experts\/ehpad-lieu-de-vie-avantages\/\">\n\t\t\t\t\t\t<span class=\"elementor-button-content-wrapper\">\n\t\t\t\t\t\t<span class=\"elementor-button-icon\">\n\t\t\t\t<i aria-hidden=\"true\" class=\"fas fa-arrow-circle-right\"><\/i>\t\t\t<\/span>\n\t\t\t\t\t\t\t\t\t<span class=\"elementor-button-text\">D\u00e9couvrez tous les <b>avantages d'un EHPAD lieu de vie<\/b><br>dans notre billet d'expert conjoint<\/span>\n\t\t\t\t\t<\/span>\n\t\t\t\t\t<\/a>\n\t\t\t\t<\/div>\n\t\t\t\t\t\t\t\t<\/div>\n\t\t\t\t<\/div>\n\t\t\t\t\t<\/div>\n\t\t<\/div>\n\t\t\t\t\t<\/div>\n\t\t<\/section>\n\t\t\t\t<footer class=\"elementor-section elementor-top-section elementor-element elementor-element-39ee0cd elementor-section-boxed elementor-section-height-default elementor-section-height-default\" data-id=\"39ee0cd\" data-element_type=\"section\" data-e-type=\"section\" data-settings=\"{&quot;background_background&quot;:&quot;classic&quot;}\">\n\t\t\t\t\t\t<div class=\"elementor-container elementor-column-gap-default\">\n\t\t\t\t\t<div class=\"elementor-column elementor-col-100 elementor-top-column elementor-element elementor-element-a72a10e\" data-id=\"a72a10e\" data-element_type=\"column\" data-e-type=\"column\">\n\t\t\t<div class=\"elementor-widget-wrap elementor-element-populated\">\n\t\t\t\t\t\t<div class=\"elementor-element elementor-element-d78565b elementor-author-box--image-valign-middle elementor-widget elementor-widget-author-box\" data-id=\"d78565b\" data-element_type=\"widget\" data-e-type=\"widget\" data-widget_type=\"author-box.default\">\n\t\t\t\t<div class=\"elementor-widget-container\">\n\t\t\t\t\t\t\t<div class=\"elementor-author-box\">\n\t\t\t\t\t\t\t<div  class=\"elementor-author-box__avatar\">\n\t\t\t\t\t<img decoding=\"async\" src=\"https:\/\/www.gerontim.com\/wp-content\/uploads\/2025\/10\/didier-cornilliat-architecte-dplg-gerontim-291x300.png\" alt=\"Image de Didier CORNILLIAT\" loading=\"lazy\">\n\t\t\t\t<\/div>\n\t\t\t\n\t\t\t<div class=\"elementor-author-box__text\">\n\t\t\t\t\t\t\t\t\t<div >\n\t\t\t\t\t\t<h4 class=\"elementor-author-box__name\">\n\t\t\t\t\t\t\tDidier CORNILLIAT\t\t\t\t\t\t<\/h4>\n\t\t\t\t\t<\/div>\n\t\t\t\t\n\t\t\t\t\t\t\t\t\t<div class=\"elementor-author-box__bio\">\n\t\t\t\t\t\t<p><b><i>Consultant Architecte DPLG chez Gerontim <\/b><\/i> - Assistant \u00e0 ma\u00eetre d\u2019ouvrage depuis 2008, auparavant maitre d'oeuvre, il met ses comp\u00e9tences et exp\u00e9riences au service des \u00e9tablissements souhaitant adapter leur cadre b\u00e2ti aux besoins des r\u00e9sidents et \u00e9quipes. Attentif aux enjeux de l'habitat et de la citoyennet\u00e9, il propose \u00e9coute, concertation, assistance \u00e0 ma\u00eetrise d'usage<\/p>\n\t\t\t\t\t<\/div>\n\t\t\t\t\n\t\t\t\t\t\t\t<\/div>\n\t\t<\/div>\n\t\t\t\t\t\t<\/div>\n\t\t\t\t<\/div>\n\t\t\t\t\t<\/div>\n\t\t<\/div>\n\t\t\t\t\t<\/div>\n\t\t<\/footer>\n\t\t\t\t<section class=\"elementor-section elementor-top-section elementor-element elementor-element-f7ed4e1 elementor-section-stretched elementor-section-full_width noprint elementor-section-height-default elementor-section-height-default\" data-id=\"f7ed4e1\" data-element_type=\"section\" data-e-type=\"section\" id=\"cta-demarrer\" data-settings=\"{&quot;stretch_section&quot;:&quot;section-stretched&quot;}\">\n\t\t\t\t\t\t<div class=\"elementor-container elementor-column-gap-no\">\n\t\t\t\t\t<div class=\"elementor-column elementor-col-100 elementor-top-column elementor-element elementor-element-f92b0f2\" data-id=\"f92b0f2\" data-element_type=\"column\" data-e-type=\"column\">\n\t\t\t<div class=\"elementor-widget-wrap elementor-element-populated\">\n\t\t\t\t\t\t<div class=\"elementor-element elementor-element-5deefb8 elementor-cta--skin-classic elementor-animated-content elementor-bg-transform elementor-bg-transform-zoom-in elementor-widget elementor-widget-call-to-action\" data-id=\"5deefb8\" data-element_type=\"widget\" data-e-type=\"widget\" data-widget_type=\"call-to-action.default\">\n\t\t\t\t<div class=\"elementor-widget-container\">\n\t\t\t\t\t\t\t<div class=\"elementor-cta\">\n\t\t\t\t\t\t\t<div class=\"elementor-cta__content\">\n\t\t\t\t\t\t\t\t\t<div class=\"elementor-content-item elementor-cta__content-item elementor-icon-wrapper elementor-cta__icon elementor-view-default\">\n\t\t\t\t\t\t<div class=\"elementor-icon\">\n\t\t\t\t\t\t\t<i aria-hidden=\"true\" class=\"fas fa-trophy\"><\/i>\t\t\t\t\t\t<\/div>\n\t\t\t\t\t<\/div>\n\t\t\t\t\n\t\t\t\t\t\t\t\t\t<h3 class=\"elementor-cta__title elementor-cta__content-item elementor-content-item\">\n\t\t\t\t\t\tVous avez besoin d\u2019aide pour votre projet architectural ? \t\t\t\t\t<\/h3>\n\t\t\t\t\n\t\t\t\t\t\t\t\t\t<div class=\"elementor-cta__description elementor-cta__content-item elementor-content-item\">\n\t\t\t\t\t\tContactez-nous et calibrons ensemble une assistance sur-mesure qui r\u00e9ponde \u00e0 vos besoins.\t\t\t\t\t<\/div>\n\t\t\t\t\n\t\t\t\t\t\t\t\t\t<div class=\"elementor-cta__button-wrapper elementor-cta__content-item elementor-content-item \">\n\t\t\t\t\t<a class=\"elementor-cta__button elementor-button elementor-size-\" href=\"https:\/\/www.gerontim.com\/fr\/contact\/\">\n\t\t\t\t\t\tDEMARRER L'AVENTURE !\t\t\t\t\t<\/a>\n\t\t\t\t\t<\/div>\n\t\t\t\t\t\t\t<\/div>\n\t\t\t\t\t\t<\/div>\n\t\t\t\t\t\t<\/div>\n\t\t\t\t<\/div>\n\t\t\t\t\t<\/div>\n\t\t<\/div>\n\t\t\t\t\t<\/div>\n\t\t<\/section>\n\t\t\t\t<section class=\"elementor-section elementor-top-section elementor-element elementor-element-c536ab8 elementor-section-boxed elementor-section-height-default elementor-section-height-default\" data-id=\"c536ab8\" data-element_type=\"section\" data-e-type=\"section\">\n\t\t\t\t\t\t<div class=\"elementor-container elementor-column-gap-default\">\n\t\t\t\t\t<div class=\"elementor-column elementor-col-100 elementor-top-column elementor-element elementor-element-d58321e\" data-id=\"d58321e\" data-element_type=\"column\" data-e-type=\"column\">\n\t\t\t<div class=\"elementor-widget-wrap elementor-element-populated\">\n\t\t\t\t\t\t<div class=\"elementor-element elementor-element-ccd87b0 elementor-widget elementor-widget-global elementor-global-4226 elementor-widget-html\" data-id=\"ccd87b0\" data-element_type=\"widget\" data-e-type=\"widget\" data-widget_type=\"html.default\">\n\t\t\t\t<div class=\"elementor-widget-container\">\n\t\t\t\t\t\t\t\t\t<\/div>\n\t\t\t\t<\/div>\n\t\t\t\t\t<\/div>\n\t\t<\/div>\n\t\t\t\t\t<\/div>\n\t\t<\/section>\n\t\t\t\t<aside class=\"elementor-section elementor-top-section elementor-element elementor-element-a38900f elementor-section-height-min-height noprint elementor-section-boxed elementor-section-height-default elementor-section-items-middle\" data-id=\"a38900f\" data-element_type=\"section\" data-e-type=\"section\" id=\"bloc-ensavoirplus\" data-settings=\"{&quot;background_background&quot;:&quot;classic&quot;}\">\n\t\t\t\t\t\t\t<div class=\"elementor-background-overlay\"><\/div>\n\t\t\t\t\t\t\t<div class=\"elementor-container elementor-column-gap-default\">\n\t\t\t\t\t<div class=\"elementor-column elementor-col-100 elementor-top-column elementor-element elementor-element-84b0ed5\" data-id=\"84b0ed5\" data-element_type=\"column\" data-e-type=\"column\">\n\t\t\t<div class=\"elementor-widget-wrap elementor-element-populated\">\n\t\t\t\t\t\t<div class=\"elementor-element elementor-element-6cd2be7 uael-dual-heading-align-center uae-toc-hide-heading elementor-invisible elementor-widget elementor-widget-uael-dual-color-heading\" data-id=\"6cd2be7\" data-element_type=\"widget\" data-e-type=\"widget\" id=\"nosomm\" data-settings=\"{&quot;_animation&quot;:&quot;fadeIn&quot;}\" data-widget_type=\"uael-dual-color-heading.default\">\n\t\t\t\t<div class=\"elementor-widget-container\">\n\t\t\t\t\t\t\t\t\t<div class=\"uael-module-content uael-dual-color-heading uael-stack-desktop-yes uael-heading-stack-\">\n\t\t\t<h2>\n\t\t\t\t\t\t\t\t\t\t\t\t\t\t\t\t<span class=\"uael-before-heading\"><span class=\"elementor-inline-editing uael-dual-heading-text uael-first-text\" data-elementor-setting-key=\"before_heading_text\" data-elementor-inline-editing-toolbar=\"basic\">En savoir plus sur nos <\/span><\/span><span class=\"uael-adv-heading-stack\"><span class=\"elementor-inline-editing uael-dual-heading-text uael-highlight-text\" data-elementor-setting-key=\"second_heading_text\" data-elementor-inline-editing-toolbar=\"basic\">prestations d\u00e9di\u00e9es \u00e0 vos projets architecturaux\u200b<\/span><\/span>\t\t\t\t\t\t\t\t\t\t\t\t\t<\/h2>\n\t\t<\/div>\n\t\t\t\t\t\t<\/div>\n\t\t\t\t<\/div>\n\t\t\t\t<section class=\"elementor-section elementor-inner-section elementor-element elementor-element-703548e elementor-section-content-middle elementor-section-boxed elementor-section-height-default elementor-section-height-default\" data-id=\"703548e\" data-element_type=\"section\" data-e-type=\"section\">\n\t\t\t\t\t\t<div class=\"elementor-container elementor-column-gap-default\">\n\t\t\t\t\t<div class=\"elementor-column elementor-col-66 elementor-inner-column elementor-element elementor-element-ca77dd4\" data-id=\"ca77dd4\" data-element_type=\"column\" data-e-type=\"column\">\n\t\t\t<div class=\"elementor-widget-wrap elementor-element-populated\">\n\t\t\t\t\t\t<div class=\"elementor-element elementor-element-caa3463 elementor-widget elementor-widget-text-editor\" data-id=\"caa3463\" data-element_type=\"widget\" data-e-type=\"widget\" data-widget_type=\"text-editor.default\">\n\t\t\t\t<div class=\"elementor-widget-container\">\n\t\t\t\t\t\t\t\t\t<p style=\"text-align: left;\">Restructuration, extension, reconstruction ; Gerontim vous accompagne sur l\u2019ensemble du projet,<br \/>depuis les premiers choix strat\u00e9giques jusqu\u2019\u00e0 la formalisation architecturale d\u00e9taill\u00e9e.<\/p>\t\t\t\t\t\t\t\t<\/div>\n\t\t\t\t<\/div>\n\t\t\t\t\t<\/div>\n\t\t<\/div>\n\t\t\t\t<div class=\"elementor-column elementor-col-33 elementor-inner-column elementor-element elementor-element-92df516\" data-id=\"92df516\" data-element_type=\"column\" data-e-type=\"column\">\n\t\t\t<div class=\"elementor-widget-wrap elementor-element-populated\">\n\t\t\t\t\t\t<div class=\"elementor-element elementor-element-e4367ff elementor-widget elementor-widget-image\" data-id=\"e4367ff\" data-element_type=\"widget\" data-e-type=\"widget\" data-widget_type=\"image.default\">\n\t\t\t\t<div class=\"elementor-widget-container\">\n\t\t\t\t\t\t\t\t\t\t\t\t<figure class=\"wp-caption\">\n\t\t\t\t\t\t\t\t\t\t<img fetchpriority=\"high\" decoding=\"async\" width=\"300\" height=\"200\" src=\"https:\/\/www.gerontim.com\/wp-content\/uploads\/2019\/10\/plan-projet-architectural-ehpad-300x200.jpg\" class=\"attachment-medium size-medium wp-image-4809\" alt=\"Guider les EHPAD dans leurs projets de construction et restructuration architecturale\" srcset=\"https:\/\/www.gerontim.com\/wp-content\/uploads\/2019\/10\/plan-projet-architectural-ehpad-300x200.jpg 300w, https:\/\/www.gerontim.com\/wp-content\/uploads\/2019\/10\/plan-projet-architectural-ehpad-1024x683.jpg 1024w, https:\/\/www.gerontim.com\/wp-content\/uploads\/2019\/10\/plan-projet-architectural-ehpad-768x512.jpg 768w, https:\/\/www.gerontim.com\/wp-content\/uploads\/2019\/10\/plan-projet-architectural-ehpad-1536x1024.jpg 1536w, https:\/\/www.gerontim.com\/wp-content\/uploads\/2019\/10\/plan-projet-architectural-ehpad.jpg 1920w\" sizes=\"(max-width: 300px) 100vw, 300px\" \/>\t\t\t\t\t\t\t\t\t\t\t<figcaption class=\"widget-image-caption wp-caption-text\"><\/figcaption>\n\t\t\t\t\t\t\t\t\t\t<\/figure>\n\t\t\t\t\t\t\t\t\t<\/div>\n\t\t\t\t<\/div>\n\t\t\t\t\t<\/div>\n\t\t<\/div>\n\t\t\t\t\t<\/div>\n\t\t<\/section>\n\t\t\t\t<div class=\"elementor-element elementor-element-0647424 elementor-align-center elementor-widget elementor-widget-button\" data-id=\"0647424\" data-element_type=\"widget\" data-e-type=\"widget\" data-widget_type=\"button.default\">\n\t\t\t\t<div class=\"elementor-widget-container\">\n\t\t\t\t\t\t\t\t\t<div class=\"elementor-button-wrapper\">\n\t\t\t\t\t<a class=\"elementor-button elementor-button-link elementor-size-md\" href=\"https:\/\/www.gerontim.com\/fr\/prestations\/projets-architecturaux\/\">\n\t\t\t\t\t\t<span class=\"elementor-button-content-wrapper\">\n\t\t\t\t\t\t\t\t\t<span class=\"elementor-button-text\">Plus d'informations<\/span>\n\t\t\t\t\t<\/span>\n\t\t\t\t\t<\/a>\n\t\t\t\t<\/div>\n\t\t\t\t\t\t\t\t<\/div>\n\t\t\t\t<\/div>\n\t\t\t\t\t<\/div>\n\t\t<\/div>\n\t\t\t\t\t<\/div>\n\t\t<\/aside>\n\t\t\t\t<aside class=\"elementor-section elementor-top-section elementor-element elementor-element-bedeb68 elementor-section-height-min-height noprint elementor-section-boxed elementor-section-height-default elementor-section-items-middle\" data-id=\"bedeb68\" data-element_type=\"section\" data-e-type=\"section\">\n\t\t\t\t\t\t\t<div class=\"elementor-background-overlay\"><\/div>\n\t\t\t\t\t\t\t<div class=\"elementor-container elementor-column-gap-default\">\n\t\t\t\t\t<div class=\"elementor-column elementor-col-100 elementor-top-column elementor-element elementor-element-3ce1611\" data-id=\"3ce1611\" data-element_type=\"column\" data-e-type=\"column\">\n\t\t\t<div class=\"elementor-widget-wrap elementor-element-populated\">\n\t\t\t\t\t\t<div class=\"elementor-section elementor-inner-section elementor-element elementor-element-f7d62ee elementor-section-boxed elementor-section-height-default elementor-section-height-default\" data-id=\"f7d62ee\" data-element_type=\"section\" data-e-type=\"section\">\n\t\t\t\t\t\t<div class=\"elementor-container elementor-column-gap-default\">\n\t\t\t\t\t<div class=\"elementor-column elementor-col-100 elementor-inner-column elementor-element elementor-element-c4a7da1\" data-id=\"c4a7da1\" data-element_type=\"column\" data-e-type=\"column\">\n\t\t\t<div class=\"elementor-widget-wrap elementor-element-populated\">\n\t\t\t\t\t\t<div class=\"elementor-element elementor-element-c894093 title-h3 uae-toc-hide-heading elementor-widget elementor-widget-heading\" data-id=\"c894093\" data-element_type=\"widget\" data-e-type=\"widget\" id=\"nosomm\" data-widget_type=\"heading.default\">\n\t\t\t\t<div class=\"elementor-widget-container\">\n\t\t\t\t\t<h2 class=\"elementor-heading-title elementor-size-default\">D\u00e9couvrez d'autres contenus<br> qui pourraient <strong>vous int\u00e9resser<\/strong><\/h2>\t\t\t\t<\/div>\n\t\t\t\t<\/div>\n\t\t\t\t\t<\/div>\n\t\t<\/div>\n\t\t\t\t\t<\/div>\n\t\t<\/div>\n\t\t\t\t<div class=\"elementor-element elementor-element-b52094d uael-post__link-complete-yes uael-post__arrow-outside elementor-widget elementor-widget-uael-posts\" data-id=\"b52094d\" data-element_type=\"widget\" data-e-type=\"widget\" data-settings=\"{&quot;event_slides_to_show&quot;:3,&quot;event_slides_to_show_tablet&quot;:2,&quot;event_slides_to_show_mobile&quot;:1}\" data-widget_type=\"uael-posts.event\">\n\t\t\t\t<div class=\"elementor-widget-container\">\n\t\t\t\t\t\t\t<div class=\"uael-post__header\">\n\t\t\t\t\t<\/div>\n\t\t<div class=\"uael-post__body\">\n\t\t\t\n\t\t\n\t\t<div class=\"uael-post-grid uael-posts\" data-query-type=\"custom\" data-structure=\"carousel\" data-layout=\"\" data-page=\"12302\" data-skin=\"event\" data-filter-default=\"\" data-offset-top=\"30\" data-post_slider=\"{&quot;slidesToShow&quot;:3,&quot;slidesToScroll&quot;:1,&quot;autoplaySpeed&quot;:5000,&quot;autoplay&quot;:false,&quot;infinite&quot;:true,&quot;pauseOnHover&quot;:false,&quot;speed&quot;:500,&quot;arrows&quot;:true,&quot;dots&quot;:true,&quot;rtl&quot;:false,&quot;prevArrow&quot;:&quot;&lt;button type=\\&quot;button\\&quot; data-role=\\&quot;none\\&quot; class=\\&quot;slick-prev\\&quot; aria-label=\\&quot;Previous\\&quot; tabindex=\\&quot;0\\&quot; role=\\&quot;button\\&quot;&gt;&lt;i class=\\&quot;fa fa-angle-left\\&quot;&gt;&lt;\\\/i&gt;&lt;\\\/button&gt;&quot;,&quot;nextArrow&quot;:&quot;&lt;button type=\\&quot;button\\&quot; data-role=\\&quot;none\\&quot; class=\\&quot;slick-next\\&quot; aria-label=\\&quot;Next\\&quot; tabindex=\\&quot;0\\&quot; role=\\&quot;button\\&quot;&gt;&lt;i class=\\&quot;fa fa-angle-right\\&quot;&gt;&lt;\\\/i&gt;&lt;\\\/button&gt;&quot;,&quot;responsive&quot;:[{&quot;breakpoint&quot;:1024,&quot;settings&quot;:{&quot;slidesToShow&quot;:2,&quot;slidesToScroll&quot;:2}},{&quot;breakpoint&quot;:767,&quot;settings&quot;:{&quot;slidesToShow&quot;:1,&quot;slidesToScroll&quot;:1}}]}\" data-equal-height=\"yes\" data-post-count=\"9\">\n\n\t\t\t\t\t\t\t<div class=\"uael-post-grid__inner uael-post__columns-3 uael-post__columns-tablet-2 uael-post__columns-mobile-1\">\n\t\t\t\n\n<div class=\"uael-post-wrapper   billets-d&#039;experts \">\n\t<div class=\"uael-post__bg-wrap uael-bg-wrap-disabled\">\n\n\t\t\t\t\t<a href=\"https:\/\/www.gerontim.com\/fr\/articles\/experts\/ehpad-lieu-de-vie-avantages\/\" target=\"_self\" class=\"uael-post__complete-box-overlay\" aria-label=\"Link Complete Box\"><\/a>\n\t\t\t\t\n\t\t<div class=\"uael-post__inner-wrap uael-inner-wrap-disabled\">\n\n\t\t\t\t<div class=\"uael-post__thumbnail \">\n\t\t\t\t\t\t<a target=\"_self\" href=\"https:\/\/www.gerontim.com\/fr\/articles\/experts\/ehpad-lieu-de-vie-avantages\/\" title=\"EHPAD lieu de vie\u00a0: quels avantages en mati\u00e8re de RH et de finances\u00a0?\"><img decoding=\"async\" src=\"https:\/\/www.gerontim.com\/wp-content\/uploads\/elementor\/thumbs\/avantages-ehpad-lieu-de-vie-rdl34sw2oqmrxg58zfht1rj0yxqldh8bxs37euhz10.jpg\" title=\"avantages-ehpad-lieu-de-vie\" alt=\"Aide soignante qui discute avec une personne \u00e2g\u00e9e dans un EHPAD lieu de vie\" loading=\"lazy\" \/><\/a>\n\t\t\t\t\t<div class=\"uael-post__datebox \">\n\t\t\t\t<div class=\"uael-post__date-wrap\">\n\t\t\t\t\t\t\t\t\t\t<span class='uael-post__date-month'>Oct<\/span><span class='uael-post__date-day'>27<\/span>\t\t\t\t<\/div>\t\t\t\t\n\t\t\t<\/div>\n\t\t<\/div>\n\t\t\n\t\t\t\n\t\t\t<div class=\"uael-post__content-wrap uael-content-wrap-disabled\">\n\n\t\t\t\t\t<h3 class=\"uael-post__title\">\n\n\t\t\n\t\t\t\t\t\t<a href=\"https:\/\/www.gerontim.com\/fr\/articles\/experts\/ehpad-lieu-de-vie-avantages\/\" target=\"_self\">\n\t\t\t\tEHPAD lieu de vie\u00a0: quels avantages en mati\u00e8re de RH et de finances\u00a0?\t\t\t<\/a>\n\n\t\t\t\t<\/h3>\n\t\t\n\t\t<div class=\"uael-post__excerpt\">\n\t\t\tLa r\u00e9alisation architecturale d\u2019un EHPAD lieu de vie peut soulager certaines difficult\u00e9s, avec de forts avantages potentiels c\u00f4t\u00e9 RH sur la qualit\u00e9 de vie au ...\t\t<\/div>\n\n\t\t\t\t\t<\/div>\n\t\t\t\n\t\t<\/div>\n\t\t\n\n\t<\/div>\n\n<\/div>\n\n\n<div class=\"uael-post-wrapper   actualit\u00e9s gerontim \">\n\t<div class=\"uael-post__bg-wrap uael-bg-wrap-disabled\">\n\n\t\t\t\t\t<a href=\"https:\/\/www.gerontim.com\/fr\/articles\/actus\/approche-domiciliaire-ehpad-article-hospimedia\/\" target=\"_self\" class=\"uael-post__complete-box-overlay\" aria-label=\"Link Complete Box\"><\/a>\n\t\t\t\t\n\t\t<div class=\"uael-post__inner-wrap uael-inner-wrap-disabled\">\n\n\t\t\t\t<div class=\"uael-post__thumbnail \">\n\t\t\t\t\t\t<a target=\"_self\" href=\"https:\/\/www.gerontim.com\/fr\/articles\/actus\/approche-domiciliaire-ehpad-article-hospimedia\/\" title=\"L&rsquo;approche domiciliaire des EHPAD est aussi un enjeu d\u2019attractivit\u00e9 des personnels | HOSPIMEDIA\"><img decoding=\"async\" src=\"https:\/\/www.gerontim.com\/wp-content\/uploads\/elementor\/thumbs\/approche-domiciliaire-ehpad-enjeu-attractivite-personnels-rcibcpt7xoshzgakif308ozh605mu1tc4uj269u45w.jpg\" title=\"MAISON RETRAITE\" alt=\"L&#039;approche domiciliaire des ehpad est aussi un enjeu d&#039;attractivit\u00e9 des personnels.jpg\" loading=\"lazy\" \/><\/a>\n\t\t\t\t\t<div class=\"uael-post__datebox \">\n\t\t\t\t<div class=\"uael-post__date-wrap\">\n\t\t\t\t\t\t\t\t\t\t<span class='uael-post__date-month'>Oct<\/span><span class='uael-post__date-day'>01<\/span>\t\t\t\t<\/div>\t\t\t\t\n\t\t\t<\/div>\n\t\t<\/div>\n\t\t\n\t\t\t\n\t\t\t<div class=\"uael-post__content-wrap uael-content-wrap-disabled\">\n\n\t\t\t\t\t<h3 class=\"uael-post__title\">\n\n\t\t\n\t\t\t\t\t\t<a href=\"https:\/\/www.gerontim.com\/fr\/articles\/actus\/approche-domiciliaire-ehpad-article-hospimedia\/\" target=\"_self\">\n\t\t\t\tL&rsquo;approche domiciliaire des EHPAD est aussi un enjeu d\u2019attractivit\u00e9 des personnels | HOSPIMEDIA\t\t\t<\/a>\n\n\t\t\t\t<\/h3>\n\t\t\n\t\t<div class=\"uael-post__excerpt\">\n\t\t\tHospimedia consacre un article \u00e0 notre vision : transformer les EHPAD en v\u00e9ritables lieux de vie gr\u00e2ce \u00e0 l\u2019approche domiciliaire.\t\t<\/div>\n\n\t\t\t\t\t<\/div>\n\t\t\t\n\t\t<\/div>\n\t\t\n\n\t<\/div>\n\n<\/div>\n\n\n<div class=\"uael-post-wrapper   actualit\u00e9s g\u00e9rontologie \">\n\t<div class=\"uael-post__bg-wrap uael-bg-wrap-disabled\">\n\n\t\t\t\t\t<a href=\"https:\/\/www.gerontim.com\/fr\/articles\/actus\/plan-aide-investissement-2025\/\" target=\"_self\" class=\"uael-post__complete-box-overlay\" aria-label=\"Link Complete Box\"><\/a>\n\t\t\t\t\n\t\t<div class=\"uael-post__inner-wrap uael-inner-wrap-disabled\">\n\n\t\t\t\t<div class=\"uael-post__thumbnail \">\n\t\t\t\t\t\t<a target=\"_self\" href=\"https:\/\/www.gerontim.com\/fr\/articles\/actus\/plan-aide-investissement-2025\/\" title=\"Plan d\u2019Aide \u00e0 l\u2019Investissement 2025 : quelles sont les modalit\u00e9s\u00a0?\"><img decoding=\"async\" src=\"https:\/\/www.gerontim.com\/wp-content\/uploads\/elementor\/thumbs\/plan-aide-investissement-2025-2-r8xtg0be2o2gzccdk8mlp556f0oewri90gz24njjpw.jpg\" title=\"plan-aide-investissement-2025\" alt=\"Plan d&#039;aide \u00e0 l&#039;investissement 2025\" loading=\"lazy\" \/><\/a>\n\t\t\t\t\t<div class=\"uael-post__datebox \">\n\t\t\t\t<div class=\"uael-post__date-wrap\">\n\t\t\t\t\t\t\t\t\t\t<span class='uael-post__date-month'>Juil<\/span><span class='uael-post__date-day'>18<\/span>\t\t\t\t<\/div>\t\t\t\t\n\t\t\t<\/div>\n\t\t<\/div>\n\t\t\n\t\t\t\n\t\t\t<div class=\"uael-post__content-wrap uael-content-wrap-disabled\">\n\n\t\t\t\t\t<h3 class=\"uael-post__title\">\n\n\t\t\n\t\t\t\t\t\t<a href=\"https:\/\/www.gerontim.com\/fr\/articles\/actus\/plan-aide-investissement-2025\/\" target=\"_self\">\n\t\t\t\tPlan d\u2019Aide \u00e0 l\u2019Investissement 2025 : quelles sont les modalit\u00e9s\u00a0?\t\t\t<\/a>\n\n\t\t\t\t<\/h3>\n\t\t\n\t\t<div class=\"uael-post__excerpt\">\n\t\t\tUne nouvelle instruction publi\u00e9e le 9 juillet 2025 vient d\u00e9finir les modalit\u00e9s du Plan d\u2019aide \u00e0 l\u2019investissement (PAI) pour les \u00e9tablissements et services m\u00e9dico-sociaux accueillant ...\t\t<\/div>\n\n\t\t\t\t\t<\/div>\n\t\t\t\n\t\t<\/div>\n\t\t\n\n\t<\/div>\n\n<\/div>\n\n\n<div class=\"uael-post-wrapper   actualit\u00e9s success-story \">\n\t<div class=\"uael-post__bg-wrap uael-bg-wrap-disabled\">\n\n\t\t\t\t\t<a href=\"https:\/\/www.gerontim.com\/fr\/articles\/actus\/temoignage-etude-faisabilite-architecturale-ehpad-ardennes\/\" target=\"_self\" class=\"uael-post__complete-box-overlay\" aria-label=\"Link Complete Box\"><\/a>\n\t\t\t\t\n\t\t<div class=\"uael-post__inner-wrap uael-inner-wrap-disabled\">\n\n\t\t\t\t<div class=\"uael-post__thumbnail \">\n\t\t\t\t\t\t<a target=\"_self\" href=\"https:\/\/www.gerontim.com\/fr\/articles\/actus\/temoignage-etude-faisabilite-architecturale-ehpad-ardennes\/\" title=\"\u00c9tude de faisabilit\u00e9 architecturale de deux EHPAD publics\u00a0: organisation, co\u00fbts et projections concr\u00e8tes\"><img decoding=\"async\" src=\"https:\/\/www.gerontim.com\/wp-content\/uploads\/elementor\/thumbs\/etude-faisabilite-architecturale-financiere-ehpad-ardennes-r8eoaeqayxlhw9o675j8wrbkhw1blx46ocri1ozes4.png\" title=\"etude-faisabilite-architecturale-financiere-ehpad-ardennes\" alt=\"\u00c9tude de faisabilit\u00e9 architecturale et financi\u00e8re pour les EHPAD\" loading=\"lazy\" \/><\/a>\n\t\t\t\t\t<div class=\"uael-post__datebox \">\n\t\t\t\t<div class=\"uael-post__date-wrap\">\n\t\t\t\t\t\t\t\t\t\t<span class='uael-post__date-month'>Juil<\/span><span class='uael-post__date-day'>07<\/span>\t\t\t\t<\/div>\t\t\t\t\n\t\t\t<\/div>\n\t\t<\/div>\n\t\t\n\t\t\t\n\t\t\t<div class=\"uael-post__content-wrap uael-content-wrap-disabled\">\n\n\t\t\t\t\t<h3 class=\"uael-post__title\">\n\n\t\t\n\t\t\t\t\t\t<a href=\"https:\/\/www.gerontim.com\/fr\/articles\/actus\/temoignage-etude-faisabilite-architecturale-ehpad-ardennes\/\" target=\"_self\">\n\t\t\t\t\u00c9tude de faisabilit\u00e9 architecturale de deux EHPAD publics\u00a0: organisation, co\u00fbts et projections concr\u00e8tes\t\t\t<\/a>\n\n\t\t\t\t<\/h3>\n\t\t\n\t\t<div class=\"uael-post__excerpt\">\n\t\t\tUne \u00e9tude de faisabilit\u00e9 architecturale et financi\u00e8re claire, valid\u00e9e par les financeurs publics, pour concr\u00e9tiser l\u2019\u00e9volution de deux EHPAD publics des Ardennes.\t\t<\/div>\n\n\t\t\t\t\t<\/div>\n\t\t\t\n\t\t<\/div>\n\t\t\n\n\t<\/div>\n\n<\/div>\n\n\n<div class=\"uael-post-wrapper   actualit\u00e9s success-story \">\n\t<div class=\"uael-post__bg-wrap uael-bg-wrap-disabled\">\n\n\t\t\t\t\t<a href=\"https:\/\/www.gerontim.com\/fr\/articles\/actus\/projet-architectural-ehpad-ermitage-temoignage\/\" target=\"_self\" class=\"uael-post__complete-box-overlay\" aria-label=\"Link Complete Box\"><\/a>\n\t\t\t\t\n\t\t<div class=\"uael-post__inner-wrap uael-inner-wrap-disabled\">\n\n\t\t\t\t<div class=\"uael-post__thumbnail \">\n\t\t\t\t\t\t<a target=\"_self\" href=\"https:\/\/www.gerontim.com\/fr\/articles\/actus\/projet-architectural-ehpad-ermitage-temoignage\/\" title=\"Projet architectural d\u2019un EHPAD de l\u2019Allier : un accompagnement collaboratif avec Gerontim\"><img decoding=\"async\" src=\"https:\/\/www.gerontim.com\/wp-content\/uploads\/elementor\/thumbs\/photo-lolita-rotureau-directrice-ehpad-ermitage-560x370-1-r0pyrze1zvhdvr4tklf84cyuk2wafzparqskck61lg.jpg\" title=\"photo-lolita-rotureau-directrice-ehpad-ermitage-560&#215;370\" alt=\"Portrait de Lolita Rotureau directrice EHPAD l&#039;Ermitage qui a r\u00e9alis\u00e9 un projet architectural avec Gerontim\" loading=\"lazy\" \/><\/a>\n\t\t\t\t\t<div class=\"uael-post__datebox \">\n\t\t\t\t<div class=\"uael-post__date-wrap\">\n\t\t\t\t\t\t\t\t\t\t<span class='uael-post__date-month'>Jan<\/span><span class='uael-post__date-day'>29<\/span>\t\t\t\t<\/div>\t\t\t\t\n\t\t\t<\/div>\n\t\t<\/div>\n\t\t\n\t\t\t\n\t\t\t<div class=\"uael-post__content-wrap uael-content-wrap-disabled\">\n\n\t\t\t\t\t<h3 class=\"uael-post__title\">\n\n\t\t\n\t\t\t\t\t\t<a href=\"https:\/\/www.gerontim.com\/fr\/articles\/actus\/projet-architectural-ehpad-ermitage-temoignage\/\" target=\"_self\">\n\t\t\t\tProjet architectural d\u2019un EHPAD de l\u2019Allier : un accompagnement collaboratif avec Gerontim\t\t\t<\/a>\n\n\t\t\t\t<\/h3>\n\t\t\n\t\t<div class=\"uael-post__excerpt\">\n\t\t\tGerontim a eu le plaisir d\u2019accompagner l\u2019EHPAD l'Ermitage (Allier - 03) dans leur projet de restructuration architecturale. La directrice t\u00e9moigne des b\u00e9n\u00e9fices de la collaboration ...\t\t<\/div>\n\n\t\t\t\t\t<\/div>\n\t\t\t\n\t\t<\/div>\n\t\t\n\n\t<\/div>\n\n<\/div>\n\n\n<div class=\"uael-post-wrapper   actualit\u00e9s g\u00e9rontologie \">\n\t<div class=\"uael-post__bg-wrap uael-bg-wrap-disabled\">\n\n\t\t\t\t\t<a href=\"https:\/\/www.gerontim.com\/fr\/articles\/actus\/mise-en-oeuvre-plan-aide-investissement-pai-2024\/\" target=\"_self\" class=\"uael-post__complete-box-overlay\" aria-label=\"Link Complete Box\"><\/a>\n\t\t\t\t\n\t\t<div class=\"uael-post__inner-wrap uael-inner-wrap-disabled\">\n\n\t\t\t\t<div class=\"uael-post__thumbnail \">\n\t\t\t\t\t\t<a target=\"_self\" href=\"https:\/\/www.gerontim.com\/fr\/articles\/actus\/mise-en-oeuvre-plan-aide-investissement-pai-2024\/\" title=\"Mise en \u0153uvre du plan d\u2019aide \u00e0 l\u2019investissement 2024\"><img decoding=\"async\" src=\"https:\/\/www.gerontim.com\/wp-content\/uploads\/elementor\/thumbs\/mise-en-oeuvre-plan-aide-investissement-pai-2024-qojgjd075dare1azesn811ve6k1hkrqwt0z6673fro.jpg\" title=\"Mise en \u0153uvre du plan d\u2019aide \u00e0 l\u2019investissement 2024\" alt=\"Mise en \u0153uvre du plan d\u2019aide \u00e0 l\u2019investissement 2024\" loading=\"lazy\" \/><\/a>\n\t\t\t\t\t<div class=\"uael-post__datebox \">\n\t\t\t\t<div class=\"uael-post__date-wrap\">\n\t\t\t\t\t\t\t\t\t\t<span class='uael-post__date-month'>Mai<\/span><span class='uael-post__date-day'>22<\/span>\t\t\t\t<\/div>\t\t\t\t\n\t\t\t<\/div>\n\t\t<\/div>\n\t\t\n\t\t\t\n\t\t\t<div class=\"uael-post__content-wrap uael-content-wrap-disabled\">\n\n\t\t\t\t\t<h3 class=\"uael-post__title\">\n\n\t\t\n\t\t\t\t\t\t<a href=\"https:\/\/www.gerontim.com\/fr\/articles\/actus\/mise-en-oeuvre-plan-aide-investissement-pai-2024\/\" target=\"_self\">\n\t\t\t\tMise en \u0153uvre du plan d\u2019aide \u00e0 l\u2019investissement 2024\t\t\t<\/a>\n\n\t\t\t\t<\/h3>\n\t\t\n\t\t<div class=\"uael-post__excerpt\">\n\t\t\tLa nouvelle instruction datant du 17 avril 2024 vient compl\u00e9ter celle du 23 novembre 2023 relative \u00e0 la mise en \u0153uvre du Plan d\u2019Aide \u00e0 ...\t\t<\/div>\n\n\t\t\t\t\t<\/div>\n\t\t\t\n\t\t<\/div>\n\t\t\n\n\t<\/div>\n\n<\/div>\n\n\n<div class=\"uael-post-wrapper   actualit\u00e9s g\u00e9rontologie \">\n\t<div class=\"uael-post__bg-wrap uael-bg-wrap-disabled\">\n\n\t\t\t\t\t<a href=\"https:\/\/www.gerontim.com\/fr\/articles\/actus\/renovation-residences-autonomie-pai-2024\/\" target=\"_self\" class=\"uael-post__complete-box-overlay\" aria-label=\"Link Complete Box\"><\/a>\n\t\t\t\t\n\t\t<div class=\"uael-post__inner-wrap uael-inner-wrap-disabled\">\n\n\t\t\t\t<div class=\"uael-post__thumbnail \">\n\t\t\t\t\t\t<a target=\"_self\" href=\"https:\/\/www.gerontim.com\/fr\/articles\/actus\/renovation-residences-autonomie-pai-2024\/\" title=\"R\u00e9novation des r\u00e9sidences autonomie : 36 millions d&rsquo;euros d&rsquo;aide \u00e0 l&rsquo;investissement en 2024\"><img decoding=\"async\" src=\"https:\/\/www.gerontim.com\/wp-content\/uploads\/elementor\/thumbs\/renovation-residences-autonomie-plan-aide-investissement-2024-qlvg0nb5vhk1e3o3qpf2r7vab0wn9hk4ydkuu5op04.jpg\" title=\"renovation-residences-autonomie-plan-aide-investissement-2024\" alt=\"R\u00e9novation des r\u00e9sidences autonomie\" loading=\"lazy\" \/><\/a>\n\t\t\t\t\t<div class=\"uael-post__datebox \">\n\t\t\t\t<div class=\"uael-post__date-wrap\">\n\t\t\t\t\t\t\t\t\t\t<span class='uael-post__date-month'>Avr<\/span><span class='uael-post__date-day'>08<\/span>\t\t\t\t<\/div>\t\t\t\t\n\t\t\t<\/div>\n\t\t<\/div>\n\t\t\n\t\t\t\n\t\t\t<div class=\"uael-post__content-wrap uael-content-wrap-disabled\">\n\n\t\t\t\t\t<h3 class=\"uael-post__title\">\n\n\t\t\n\t\t\t\t\t\t<a href=\"https:\/\/www.gerontim.com\/fr\/articles\/actus\/renovation-residences-autonomie-pai-2024\/\" target=\"_self\">\n\t\t\t\tR\u00e9novation des r\u00e9sidences autonomie : 36 millions d&rsquo;euros d&rsquo;aide \u00e0 l&rsquo;investissement en 2024\t\t\t<\/a>\n\n\t\t\t\t<\/h3>\n\t\t\n\t\t<div class=\"uael-post__excerpt\">\n\t\t\tL\u2019appel \u00e0 projet de l\u2019Assurance retraite et la CNSA pr\u00e9voit une enveloppe de 36 millions \u20ac pour financer les travaux de r\u00e9novation des r\u00e9sidences autonomies ...\t\t<\/div>\n\n\t\t\t\t\t<\/div>\n\t\t\t\n\t\t<\/div>\n\t\t\n\n\t<\/div>\n\n<\/div>\n\n\n<div class=\"uael-post-wrapper   billets-d&#039;experts \">\n\t<div class=\"uael-post__bg-wrap uael-bg-wrap-disabled\">\n\n\t\t\t\t\t<a href=\"https:\/\/www.gerontim.com\/fr\/articles\/experts\/assistance-maitrise-usage-en-ehpad\/\" target=\"_self\" class=\"uael-post__complete-box-overlay\" aria-label=\"Link Complete Box\"><\/a>\n\t\t\t\t\n\t\t<div class=\"uael-post__inner-wrap uael-inner-wrap-disabled\">\n\n\t\t\t\t<div class=\"uael-post__thumbnail \">\n\t\t\t\t\t\t<a target=\"_self\" href=\"https:\/\/www.gerontim.com\/fr\/articles\/experts\/assistance-maitrise-usage-en-ehpad\/\" title=\"Assistance \u00e0 Ma\u00eetrise d&rsquo;Usage en EHPAD\u00a0: vers un lieu de vie f\u00e9d\u00e9rateur\"><img decoding=\"async\" src=\"https:\/\/www.gerontim.com\/wp-content\/uploads\/elementor\/thumbs\/assistance-a-maitrise-d-usage-en-ehpad-qkrjlgk544u7qx1yr9dytcu72mrnetq9brg9gadndg.jpg\" title=\"Assistance \u00e0 ma\u00eetrise d&rsquo;usage en EHPAD\" alt=\"Assistance \u00e0 ma\u00eetrise d&#039;usage en EHPAD\" loading=\"lazy\" \/><\/a>\n\t\t\t\t\t<div class=\"uael-post__datebox \">\n\t\t\t\t<div class=\"uael-post__date-wrap\">\n\t\t\t\t\t\t\t\t\t\t<span class='uael-post__date-month'>Mar<\/span><span class='uael-post__date-day'>05<\/span>\t\t\t\t<\/div>\t\t\t\t\n\t\t\t<\/div>\n\t\t<\/div>\n\t\t\n\t\t\t\n\t\t\t<div class=\"uael-post__content-wrap uael-content-wrap-disabled\">\n\n\t\t\t\t\t<h3 class=\"uael-post__title\">\n\n\t\t\n\t\t\t\t\t\t<a href=\"https:\/\/www.gerontim.com\/fr\/articles\/experts\/assistance-maitrise-usage-en-ehpad\/\" target=\"_self\">\n\t\t\t\tAssistance \u00e0 Ma\u00eetrise d&rsquo;Usage en EHPAD\u00a0: vers un lieu de vie f\u00e9d\u00e9rateur\t\t\t<\/a>\n\n\t\t\t\t<\/h3>\n\t\t\n\t\t<div class=\"uael-post__excerpt\">\n\t\t\tQu\u2019est-ce que l\u2019assistance \u00e0 ma\u00eetrise d\u2019usage ? Comment et pourquoi la mettre en \u0153uvre dans son projet architectural ? Notre expert vous explique tout ce ...\t\t<\/div>\n\n\t\t\t\t\t<\/div>\n\t\t\t\n\t\t<\/div>\n\t\t\n\n\t<\/div>\n\n<\/div>\n\n\n<div class=\"uael-post-wrapper   billets-d&#039;experts \">\n\t<div class=\"uael-post__bg-wrap uael-bg-wrap-disabled\">\n\n\t\t\t\t\t<a href=\"https:\/\/www.gerontim.com\/fr\/articles\/experts\/fonctionnement-habitat-inclusif\/\" target=\"_self\" class=\"uael-post__complete-box-overlay\" aria-label=\"Link Complete Box\"><\/a>\n\t\t\t\t\n\t\t<div class=\"uael-post__inner-wrap uael-inner-wrap-disabled\">\n\n\t\t\t\t<div class=\"uael-post__thumbnail \">\n\t\t\t\t\t\t<a target=\"_self\" href=\"https:\/\/www.gerontim.com\/fr\/articles\/experts\/fonctionnement-habitat-inclusif\/\" title=\"Fonctionnement de l\u2019habitat inclusif : les 4 crit\u00e8res incontournables\"><img decoding=\"async\" src=\"https:\/\/www.gerontim.com\/wp-content\/uploads\/elementor\/thumbs\/fete-groupe-personnes-agees-560x370-1-q90j5dyx47ewun3uae0uvshwq5frr65y6jf2cjob6c.jpg\" title=\"Moment de convivialit\u00e9 entre personnes \u00e2g\u00e9es\" alt=\"Moment de convivialit\u00e9 entre personnes \u00e2g\u00e9es\" loading=\"lazy\" \/><\/a>\n\t\t\t\t\t<div class=\"uael-post__datebox \">\n\t\t\t\t<div class=\"uael-post__date-wrap\">\n\t\t\t\t\t\t\t\t\t\t<span class='uael-post__date-month'>Nov<\/span><span class='uael-post__date-day'>04<\/span>\t\t\t\t<\/div>\t\t\t\t\n\t\t\t<\/div>\n\t\t<\/div>\n\t\t\n\t\t\t\n\t\t\t<div class=\"uael-post__content-wrap uael-content-wrap-disabled\">\n\n\t\t\t\t\t<h3 class=\"uael-post__title\">\n\n\t\t\n\t\t\t\t\t\t<a href=\"https:\/\/www.gerontim.com\/fr\/articles\/experts\/fonctionnement-habitat-inclusif\/\" target=\"_self\">\n\t\t\t\tFonctionnement de l\u2019habitat inclusif : les 4 crit\u00e8res incontournables\t\t\t<\/a>\n\n\t\t\t\t<\/h3>\n\t\t\n\t\t<div class=\"uael-post__excerpt\">\n\t\t\tComment concevoir un habitat r\u00e9ellement inclusif et obtenir les financements d\u00e9di\u00e9s ? Notre expert Gerontim vous livre les 4 crit\u00e8res essentiels \u00e0 d\u00e9cliner dans le ...\t\t<\/div>\n\n\t\t\t\t\t<\/div>\n\t\t\t\n\t\t<\/div>\n\t\t\n\n\t<\/div>\n\n<\/div>\n\t\t\t\t<\/div>\n\t\t\t\t\t\t\n\t\t<\/div>\n\n\t\t\t\t\t\t<\/div>\n\t\t<div class=\"uael-post__footer\">\n\t\t\t\t\t<\/div>\n\t\t\t\t\t\t<\/div>\n\t\t\t\t<\/div>\n\t\t\t\t\t<\/div>\n\t\t<\/div>\n\t\t\t\t\t<\/div>\n\t\t<\/aside>\n\t\t\t\t<section class=\"elementor-section elementor-top-section elementor-element elementor-element-6f8b10d elementor-section-boxed elementor-section-height-default elementor-section-height-default\" data-id=\"6f8b10d\" data-element_type=\"section\" data-e-type=\"section\">\n\t\t\t\t\t\t<div class=\"elementor-container elementor-column-gap-default\">\n\t\t\t\t\t<div class=\"elementor-column elementor-col-100 elementor-top-column elementor-element elementor-element-8bfdcde\" data-id=\"8bfdcde\" data-element_type=\"column\" data-e-type=\"column\">\n\t\t\t<div class=\"elementor-widget-wrap\">\n\t\t\t\t\t\t\t<\/div>\n\t\t<\/div>\n\t\t\t\t\t<\/div>\n\t\t<\/section>\n\t\t\t\t<\/div>\n\t\t","protected":false},"excerpt":{"rendered":"<p>L\u2019EHPAD lieu de vie ne se r\u00e9sume pas \u00e0 un lieu de soins : il doit devenir un v\u00e9ritable chez-soi pour les habitants. Malgr\u00e9 les d\u00e9fis humains, financiers et organisationnels, la r\u00e9flexion architecturale et la r\u00e9invention des modes de fonctionnement ouvrent la voie \u00e0 des structures plus accueillantes, adapt\u00e9es aux attentes soci\u00e9tales, et capables de concilier qualit\u00e9 de vie, d\u00e9sirabilit\u00e9 et accompagnement.<\/p>\n","protected":false},"author":11,"featured_media":12525,"comment_status":"closed","ping_status":"closed","sticky":false,"template":"","format":"standard","meta":{"site-sidebar-layout":"default","site-content-layout":"default","ast-site-content-layout":"default","site-content-style":"default","site-sidebar-style":"default","ast-global-header-display":"","ast-banner-title-visibility":"","ast-main-header-display":"","ast-hfb-above-header-display":"","ast-hfb-below-header-display":"","ast-hfb-mobile-header-display":"","site-post-title":"","ast-breadcrumbs-content":"","ast-featured-img":"","footer-sml-layout":"","ast-disable-related-posts":"","theme-transparent-header-meta":"default","adv-header-id-meta":"","stick-header-meta":"default","header-above-stick-meta":"","header-main-stick-meta":"","header-below-stick-meta":"","astra-migrate-meta-layouts":"set","ast-page-background-enabled":"default","ast-page-background-meta":{"desktop":{"background-color":"","background-image":"","background-repeat":"repeat","background-position":"center center","background-size":"auto","background-attachment":"scroll","background-type":"","background-media":"","overlay-type":"","overlay-color":"","overlay-opacity":"","overlay-gradient":""},"tablet":{"background-color":"","background-image":"","background-repeat":"repeat","background-position":"center center","background-size":"auto","background-attachment":"scroll","background-type":"","background-media":"","overlay-type":"","overlay-color":"","overlay-opacity":"","overlay-gradient":""},"mobile":{"background-color":"","background-image":"","background-repeat":"repeat","background-position":"center center","background-size":"auto","background-attachment":"scroll","background-type":"","background-media":"","overlay-type":"","overlay-color":"","overlay-opacity":"","overlay-gradient":""}},"ast-content-background-meta":{"desktop":{"background-color":"var(--ast-global-color-5)","background-image":"","background-repeat":"repeat","background-position":"center center","background-size":"auto","background-attachment":"scroll","background-type":"","background-media":"","overlay-type":"","overlay-color":"","overlay-opacity":"","overlay-gradient":""},"tablet":{"background-color":"var(--ast-global-color-5)","background-image":"","background-repeat":"repeat","background-position":"center center","background-size":"auto","background-attachment":"scroll","background-type":"","background-media":"","overlay-type":"","overlay-color":"","overlay-opacity":"","overlay-gradient":""},"mobile":{"background-color":"var(--ast-global-color-5)","background-image":"","background-repeat":"repeat","background-position":"center center","background-size":"auto","background-attachment":"scroll","background-type":"","background-media":"","overlay-type":"","overlay-color":"","overlay-opacity":"","overlay-gradient":""}},"footnotes":""},"categories":[22],"tags":[99,43,97,44,98,39],"class_list":["post-12302","post","type-post","status-publish","format-standard","has-post-thumbnail","hentry","category-experts","tag-architecte","tag-ars","tag-bailleurs","tag-conseils-departementaux","tag-construction","tag-ehpad"],"yoast_head":"<!-- This site is optimized with the Yoast SEO plugin v27.4 - https:\/\/yoast.com\/product\/yoast-seo-wordpress\/ -->\n<title>L&#039;EHPAD, un lieu de vie par nature qui cherche \u00e0 s&#039;accomplir<\/title>\n<meta name=\"description\" content=\"EHPAD lieu de vie : d\u00e9couvrez comment repenser l\u2019architecture et l\u2019organisation des structures pour en faire des espaces de vie d\u00e9sirables.\" \/>\n<meta name=\"robots\" content=\"index, follow, max-snippet:-1, max-image-preview:large, max-video-preview:-1\" \/>\n<link rel=\"canonical\" href=\"https:\/\/www.gerontim.com\/fr\/articles\/experts\/ehpad-lieu-de-vie-par-nature\/\" \/>\n<meta property=\"og:locale\" content=\"fr_FR\" \/>\n<meta property=\"og:type\" content=\"article\" \/>\n<meta property=\"og:title\" content=\"L&#039;EHPAD, un lieu de vie par nature qui cherche \u00e0 s&#039;accomplir\" \/>\n<meta property=\"og:description\" content=\"EHPAD lieu de vie : d\u00e9couvrez comment repenser l\u2019architecture et l\u2019organisation des structures pour en faire des espaces de vie d\u00e9sirables.\" \/>\n<meta property=\"og:url\" content=\"https:\/\/www.gerontim.com\/fr\/articles\/experts\/ehpad-lieu-de-vie-par-nature\/\" \/>\n<meta property=\"og:site_name\" content=\"Gerontim\" \/>\n<meta property=\"article:published_time\" content=\"2025-10-27T09:30:00+00:00\" \/>\n<meta property=\"article:modified_time\" content=\"2025-12-03T09:08:29+00:00\" \/>\n<meta property=\"og:image\" content=\"https:\/\/www.gerontim.com\/wp-content\/uploads\/2025\/10\/ehpad-lieu-de-vie-par-nature.jpg\" \/>\n\t<meta property=\"og:image:width\" content=\"1920\" \/>\n\t<meta property=\"og:image:height\" content=\"1280\" \/>\n\t<meta property=\"og:image:type\" content=\"image\/jpeg\" \/>\n<meta name=\"author\" content=\"Romane\" \/>\n<meta name=\"twitter:card\" content=\"summary_large_image\" \/>\n<meta name=\"twitter:creator\" content=\"@Gerontim\" \/>\n<meta name=\"twitter:site\" content=\"@Gerontim\" \/>\n<meta name=\"twitter:label1\" content=\"\u00c9crit par\" \/>\n\t<meta name=\"twitter:data1\" content=\"Romane\" \/>\n\t<meta name=\"twitter:label2\" content=\"Dur\u00e9e de lecture estim\u00e9e\" \/>\n\t<meta name=\"twitter:data2\" content=\"28 minutes\" \/>\n<script type=\"application\/ld+json\" class=\"yoast-schema-graph\">{\"@context\":\"https:\\\/\\\/schema.org\",\"@graph\":[{\"@type\":\"Article\",\"@id\":\"https:\\\/\\\/www.gerontim.com\\\/fr\\\/articles\\\/experts\\\/ehpad-lieu-de-vie-par-nature\\\/#article\",\"isPartOf\":{\"@id\":\"https:\\\/\\\/www.gerontim.com\\\/fr\\\/articles\\\/experts\\\/ehpad-lieu-de-vie-par-nature\\\/\"},\"author\":{\"name\":\"Romane\",\"@id\":\"https:\\\/\\\/www.gerontim.com\\\/fr\\\/#\\\/schema\\\/person\\\/6eafd9f7cebdfc20b8bae27deb6d6b6a\"},\"headline\":\"L&rsquo;EHPAD : un lieu de vie par nature qui cherche encore \u00e0 s&rsquo;accomplir\",\"datePublished\":\"2025-10-27T09:30:00+00:00\",\"dateModified\":\"2025-12-03T09:08:29+00:00\",\"mainEntityOfPage\":{\"@id\":\"https:\\\/\\\/www.gerontim.com\\\/fr\\\/articles\\\/experts\\\/ehpad-lieu-de-vie-par-nature\\\/\"},\"wordCount\":4606,\"publisher\":{\"@id\":\"https:\\\/\\\/www.gerontim.com\\\/fr\\\/#organization\"},\"image\":{\"@id\":\"https:\\\/\\\/www.gerontim.com\\\/fr\\\/articles\\\/experts\\\/ehpad-lieu-de-vie-par-nature\\\/#primaryimage\"},\"thumbnailUrl\":\"https:\\\/\\\/www.gerontim.com\\\/wp-content\\\/uploads\\\/2025\\\/10\\\/ehpad-lieu-de-vie-par-nature.jpg\",\"keywords\":[\"Architecte\",\"ARS\",\"Bailleurs\",\"Conseils D\u00e9partementaux\",\"Construction\",\"EHPAD\"],\"articleSection\":[\"Billets d'experts\"],\"inLanguage\":\"fr-FR\"},{\"@type\":\"WebPage\",\"@id\":\"https:\\\/\\\/www.gerontim.com\\\/fr\\\/articles\\\/experts\\\/ehpad-lieu-de-vie-par-nature\\\/\",\"url\":\"https:\\\/\\\/www.gerontim.com\\\/fr\\\/articles\\\/experts\\\/ehpad-lieu-de-vie-par-nature\\\/\",\"name\":\"L'EHPAD, un lieu de vie par nature qui cherche \u00e0 s'accomplir\",\"isPartOf\":{\"@id\":\"https:\\\/\\\/www.gerontim.com\\\/fr\\\/#website\"},\"primaryImageOfPage\":{\"@id\":\"https:\\\/\\\/www.gerontim.com\\\/fr\\\/articles\\\/experts\\\/ehpad-lieu-de-vie-par-nature\\\/#primaryimage\"},\"image\":{\"@id\":\"https:\\\/\\\/www.gerontim.com\\\/fr\\\/articles\\\/experts\\\/ehpad-lieu-de-vie-par-nature\\\/#primaryimage\"},\"thumbnailUrl\":\"https:\\\/\\\/www.gerontim.com\\\/wp-content\\\/uploads\\\/2025\\\/10\\\/ehpad-lieu-de-vie-par-nature.jpg\",\"datePublished\":\"2025-10-27T09:30:00+00:00\",\"dateModified\":\"2025-12-03T09:08:29+00:00\",\"description\":\"EHPAD lieu de vie : d\u00e9couvrez comment repenser l\u2019architecture et l\u2019organisation des structures pour en faire des espaces de vie d\u00e9sirables.\",\"breadcrumb\":{\"@id\":\"https:\\\/\\\/www.gerontim.com\\\/fr\\\/articles\\\/experts\\\/ehpad-lieu-de-vie-par-nature\\\/#breadcrumb\"},\"inLanguage\":\"fr-FR\",\"potentialAction\":[{\"@type\":\"ReadAction\",\"target\":[\"https:\\\/\\\/www.gerontim.com\\\/fr\\\/articles\\\/experts\\\/ehpad-lieu-de-vie-par-nature\\\/\"]}]},{\"@type\":\"ImageObject\",\"inLanguage\":\"fr-FR\",\"@id\":\"https:\\\/\\\/www.gerontim.com\\\/fr\\\/articles\\\/experts\\\/ehpad-lieu-de-vie-par-nature\\\/#primaryimage\",\"url\":\"https:\\\/\\\/www.gerontim.com\\\/wp-content\\\/uploads\\\/2025\\\/10\\\/ehpad-lieu-de-vie-par-nature.jpg\",\"contentUrl\":\"https:\\\/\\\/www.gerontim.com\\\/wp-content\\\/uploads\\\/2025\\\/10\\\/ehpad-lieu-de-vie-par-nature.jpg\",\"width\":1920,\"height\":1280,\"caption\":\"Personnes \u00e2g\u00e9es jardinant dans un EHPAD lieu de vie\"},{\"@type\":\"BreadcrumbList\",\"@id\":\"https:\\\/\\\/www.gerontim.com\\\/fr\\\/articles\\\/experts\\\/ehpad-lieu-de-vie-par-nature\\\/#breadcrumb\",\"itemListElement\":[{\"@type\":\"ListItem\",\"position\":1,\"name\":\"Accueil\",\"item\":\"https:\\\/\\\/www.gerontim.com\\\/fr\\\/\"},{\"@type\":\"ListItem\",\"position\":2,\"name\":\"Billets d'experts\",\"item\":\"https:\\\/\\\/www.gerontim.com\\\/fr\\\/articles\\\/experts\\\/\"},{\"@type\":\"ListItem\",\"position\":3,\"name\":\"L&rsquo;EHPAD : un lieu de vie par nature qui cherche encore \u00e0 s&rsquo;accomplir\"}]},{\"@type\":\"WebSite\",\"@id\":\"https:\\\/\\\/www.gerontim.com\\\/fr\\\/#website\",\"url\":\"https:\\\/\\\/www.gerontim.com\\\/fr\\\/\",\"name\":\"Gerontim\",\"description\":\"L&#039;expertise g\u00e9rontologique\",\"publisher\":{\"@id\":\"https:\\\/\\\/www.gerontim.com\\\/fr\\\/#organization\"},\"potentialAction\":[{\"@type\":\"SearchAction\",\"target\":{\"@type\":\"EntryPoint\",\"urlTemplate\":\"https:\\\/\\\/www.gerontim.com\\\/fr\\\/?s={search_term_string}\"},\"query-input\":{\"@type\":\"PropertyValueSpecification\",\"valueRequired\":true,\"valueName\":\"search_term_string\"}}],\"inLanguage\":\"fr-FR\"},{\"@type\":\"Organization\",\"@id\":\"https:\\\/\\\/www.gerontim.com\\\/fr\\\/#organization\",\"name\":\"Gerontim\",\"url\":\"https:\\\/\\\/www.gerontim.com\\\/fr\\\/\",\"logo\":{\"@type\":\"ImageObject\",\"inLanguage\":\"fr-FR\",\"@id\":\"https:\\\/\\\/www.gerontim.com\\\/fr\\\/#\\\/schema\\\/logo\\\/image\\\/\",\"url\":\"https:\\\/\\\/www.gerontim.com\\\/wp-content\\\/uploads\\\/2019\\\/12\\\/gerontim-logo-sm.png\",\"contentUrl\":\"https:\\\/\\\/www.gerontim.com\\\/wp-content\\\/uploads\\\/2019\\\/12\\\/gerontim-logo-sm.png\",\"width\":140,\"height\":67,\"caption\":\"Gerontim\"},\"image\":{\"@id\":\"https:\\\/\\\/www.gerontim.com\\\/fr\\\/#\\\/schema\\\/logo\\\/image\\\/\"},\"sameAs\":[\"https:\\\/\\\/x.com\\\/Gerontim\",\"https:\\\/\\\/www.linkedin.com\\\/company\\\/gerontim-cabinet-conseil-gerontologie\\\/\"]},{\"@type\":\"Person\",\"@id\":\"https:\\\/\\\/www.gerontim.com\\\/fr\\\/#\\\/schema\\\/person\\\/6eafd9f7cebdfc20b8bae27deb6d6b6a\",\"name\":\"Romane\",\"image\":{\"@type\":\"ImageObject\",\"inLanguage\":\"fr-FR\",\"@id\":\"https:\\\/\\\/secure.gravatar.com\\\/avatar\\\/8ac9200bb3775e3bd3a2f5a85845cfe2716653a29f32bb716d545ada308c9211?s=96&d=mm&r=g\",\"url\":\"https:\\\/\\\/secure.gravatar.com\\\/avatar\\\/8ac9200bb3775e3bd3a2f5a85845cfe2716653a29f32bb716d545ada308c9211?s=96&d=mm&r=g\",\"contentUrl\":\"https:\\\/\\\/secure.gravatar.com\\\/avatar\\\/8ac9200bb3775e3bd3a2f5a85845cfe2716653a29f32bb716d545ada308c9211?s=96&d=mm&r=g\",\"caption\":\"Romane\"}}]}<\/script>\n<!-- \/ Yoast SEO plugin. -->","yoast_head_json":{"title":"L'EHPAD, un lieu de vie par nature qui cherche \u00e0 s'accomplir","description":"EHPAD lieu de vie : d\u00e9couvrez comment repenser l\u2019architecture et l\u2019organisation des structures pour en faire des espaces de vie d\u00e9sirables.","robots":{"index":"index","follow":"follow","max-snippet":"max-snippet:-1","max-image-preview":"max-image-preview:large","max-video-preview":"max-video-preview:-1"},"canonical":"https:\/\/www.gerontim.com\/fr\/articles\/experts\/ehpad-lieu-de-vie-par-nature\/","og_locale":"fr_FR","og_type":"article","og_title":"L'EHPAD, un lieu de vie par nature qui cherche \u00e0 s'accomplir","og_description":"EHPAD lieu de vie : d\u00e9couvrez comment repenser l\u2019architecture et l\u2019organisation des structures pour en faire des espaces de vie d\u00e9sirables.","og_url":"https:\/\/www.gerontim.com\/fr\/articles\/experts\/ehpad-lieu-de-vie-par-nature\/","og_site_name":"Gerontim","article_published_time":"2025-10-27T09:30:00+00:00","article_modified_time":"2025-12-03T09:08:29+00:00","og_image":[{"width":1920,"height":1280,"url":"https:\/\/www.gerontim.com\/wp-content\/uploads\/2025\/10\/ehpad-lieu-de-vie-par-nature.jpg","type":"image\/jpeg"}],"author":"Romane","twitter_card":"summary_large_image","twitter_creator":"@Gerontim","twitter_site":"@Gerontim","twitter_misc":{"\u00c9crit par":"Romane","Dur\u00e9e de lecture estim\u00e9e":"28 minutes"},"schema":{"@context":"https:\/\/schema.org","@graph":[{"@type":"Article","@id":"https:\/\/www.gerontim.com\/fr\/articles\/experts\/ehpad-lieu-de-vie-par-nature\/#article","isPartOf":{"@id":"https:\/\/www.gerontim.com\/fr\/articles\/experts\/ehpad-lieu-de-vie-par-nature\/"},"author":{"name":"Romane","@id":"https:\/\/www.gerontim.com\/fr\/#\/schema\/person\/6eafd9f7cebdfc20b8bae27deb6d6b6a"},"headline":"L&rsquo;EHPAD : un lieu de vie par nature qui cherche encore \u00e0 s&rsquo;accomplir","datePublished":"2025-10-27T09:30:00+00:00","dateModified":"2025-12-03T09:08:29+00:00","mainEntityOfPage":{"@id":"https:\/\/www.gerontim.com\/fr\/articles\/experts\/ehpad-lieu-de-vie-par-nature\/"},"wordCount":4606,"publisher":{"@id":"https:\/\/www.gerontim.com\/fr\/#organization"},"image":{"@id":"https:\/\/www.gerontim.com\/fr\/articles\/experts\/ehpad-lieu-de-vie-par-nature\/#primaryimage"},"thumbnailUrl":"https:\/\/www.gerontim.com\/wp-content\/uploads\/2025\/10\/ehpad-lieu-de-vie-par-nature.jpg","keywords":["Architecte","ARS","Bailleurs","Conseils D\u00e9partementaux","Construction","EHPAD"],"articleSection":["Billets d'experts"],"inLanguage":"fr-FR"},{"@type":"WebPage","@id":"https:\/\/www.gerontim.com\/fr\/articles\/experts\/ehpad-lieu-de-vie-par-nature\/","url":"https:\/\/www.gerontim.com\/fr\/articles\/experts\/ehpad-lieu-de-vie-par-nature\/","name":"L'EHPAD, un lieu de vie par nature qui cherche \u00e0 s'accomplir","isPartOf":{"@id":"https:\/\/www.gerontim.com\/fr\/#website"},"primaryImageOfPage":{"@id":"https:\/\/www.gerontim.com\/fr\/articles\/experts\/ehpad-lieu-de-vie-par-nature\/#primaryimage"},"image":{"@id":"https:\/\/www.gerontim.com\/fr\/articles\/experts\/ehpad-lieu-de-vie-par-nature\/#primaryimage"},"thumbnailUrl":"https:\/\/www.gerontim.com\/wp-content\/uploads\/2025\/10\/ehpad-lieu-de-vie-par-nature.jpg","datePublished":"2025-10-27T09:30:00+00:00","dateModified":"2025-12-03T09:08:29+00:00","description":"EHPAD lieu de vie : d\u00e9couvrez comment repenser l\u2019architecture et l\u2019organisation des structures pour en faire des espaces de vie d\u00e9sirables.","breadcrumb":{"@id":"https:\/\/www.gerontim.com\/fr\/articles\/experts\/ehpad-lieu-de-vie-par-nature\/#breadcrumb"},"inLanguage":"fr-FR","potentialAction":[{"@type":"ReadAction","target":["https:\/\/www.gerontim.com\/fr\/articles\/experts\/ehpad-lieu-de-vie-par-nature\/"]}]},{"@type":"ImageObject","inLanguage":"fr-FR","@id":"https:\/\/www.gerontim.com\/fr\/articles\/experts\/ehpad-lieu-de-vie-par-nature\/#primaryimage","url":"https:\/\/www.gerontim.com\/wp-content\/uploads\/2025\/10\/ehpad-lieu-de-vie-par-nature.jpg","contentUrl":"https:\/\/www.gerontim.com\/wp-content\/uploads\/2025\/10\/ehpad-lieu-de-vie-par-nature.jpg","width":1920,"height":1280,"caption":"Personnes \u00e2g\u00e9es jardinant dans un EHPAD lieu de vie"},{"@type":"BreadcrumbList","@id":"https:\/\/www.gerontim.com\/fr\/articles\/experts\/ehpad-lieu-de-vie-par-nature\/#breadcrumb","itemListElement":[{"@type":"ListItem","position":1,"name":"Accueil","item":"https:\/\/www.gerontim.com\/fr\/"},{"@type":"ListItem","position":2,"name":"Billets d'experts","item":"https:\/\/www.gerontim.com\/fr\/articles\/experts\/"},{"@type":"ListItem","position":3,"name":"L&rsquo;EHPAD : un lieu de vie par nature qui cherche encore \u00e0 s&rsquo;accomplir"}]},{"@type":"WebSite","@id":"https:\/\/www.gerontim.com\/fr\/#website","url":"https:\/\/www.gerontim.com\/fr\/","name":"Gerontim","description":"L&#039;expertise g\u00e9rontologique","publisher":{"@id":"https:\/\/www.gerontim.com\/fr\/#organization"},"potentialAction":[{"@type":"SearchAction","target":{"@type":"EntryPoint","urlTemplate":"https:\/\/www.gerontim.com\/fr\/?s={search_term_string}"},"query-input":{"@type":"PropertyValueSpecification","valueRequired":true,"valueName":"search_term_string"}}],"inLanguage":"fr-FR"},{"@type":"Organization","@id":"https:\/\/www.gerontim.com\/fr\/#organization","name":"Gerontim","url":"https:\/\/www.gerontim.com\/fr\/","logo":{"@type":"ImageObject","inLanguage":"fr-FR","@id":"https:\/\/www.gerontim.com\/fr\/#\/schema\/logo\/image\/","url":"https:\/\/www.gerontim.com\/wp-content\/uploads\/2019\/12\/gerontim-logo-sm.png","contentUrl":"https:\/\/www.gerontim.com\/wp-content\/uploads\/2019\/12\/gerontim-logo-sm.png","width":140,"height":67,"caption":"Gerontim"},"image":{"@id":"https:\/\/www.gerontim.com\/fr\/#\/schema\/logo\/image\/"},"sameAs":["https:\/\/x.com\/Gerontim","https:\/\/www.linkedin.com\/company\/gerontim-cabinet-conseil-gerontologie\/"]},{"@type":"Person","@id":"https:\/\/www.gerontim.com\/fr\/#\/schema\/person\/6eafd9f7cebdfc20b8bae27deb6d6b6a","name":"Romane","image":{"@type":"ImageObject","inLanguage":"fr-FR","@id":"https:\/\/secure.gravatar.com\/avatar\/8ac9200bb3775e3bd3a2f5a85845cfe2716653a29f32bb716d545ada308c9211?s=96&d=mm&r=g","url":"https:\/\/secure.gravatar.com\/avatar\/8ac9200bb3775e3bd3a2f5a85845cfe2716653a29f32bb716d545ada308c9211?s=96&d=mm&r=g","contentUrl":"https:\/\/secure.gravatar.com\/avatar\/8ac9200bb3775e3bd3a2f5a85845cfe2716653a29f32bb716d545ada308c9211?s=96&d=mm&r=g","caption":"Romane"}}]}},"_links":{"self":[{"href":"https:\/\/www.gerontim.com\/fr\/wp-json\/wp\/v2\/posts\/12302","targetHints":{"allow":["GET"]}}],"collection":[{"href":"https:\/\/www.gerontim.com\/fr\/wp-json\/wp\/v2\/posts"}],"about":[{"href":"https:\/\/www.gerontim.com\/fr\/wp-json\/wp\/v2\/types\/post"}],"author":[{"embeddable":true,"href":"https:\/\/www.gerontim.com\/fr\/wp-json\/wp\/v2\/users\/11"}],"replies":[{"embeddable":true,"href":"https:\/\/www.gerontim.com\/fr\/wp-json\/wp\/v2\/comments?post=12302"}],"version-history":[{"count":69,"href":"https:\/\/www.gerontim.com\/fr\/wp-json\/wp\/v2\/posts\/12302\/revisions"}],"predecessor-version":[{"id":12665,"href":"https:\/\/www.gerontim.com\/fr\/wp-json\/wp\/v2\/posts\/12302\/revisions\/12665"}],"wp:featuredmedia":[{"embeddable":true,"href":"https:\/\/www.gerontim.com\/fr\/wp-json\/wp\/v2\/media\/12525"}],"wp:attachment":[{"href":"https:\/\/www.gerontim.com\/fr\/wp-json\/wp\/v2\/media?parent=12302"}],"wp:term":[{"taxonomy":"category","embeddable":true,"href":"https:\/\/www.gerontim.com\/fr\/wp-json\/wp\/v2\/categories?post=12302"},{"taxonomy":"post_tag","embeddable":true,"href":"https:\/\/www.gerontim.com\/fr\/wp-json\/wp\/v2\/tags?post=12302"}],"curies":[{"name":"wp","href":"https:\/\/api.w.org\/{rel}","templated":true}]}}