{"id":12230,"date":"2025-07-18T12:55:39","date_gmt":"2025-07-18T11:55:39","guid":{"rendered":"https:\/\/www.gerontim.com\/?p=12230"},"modified":"2025-10-27T11:57:16","modified_gmt":"2025-10-27T10:57:16","slug":"plan-daide-a-linvestissement-2025","status":"publish","type":"post","link":"https:\/\/www.gerontim.com\/fr\/articles\/actus\/plan-aide-investissement-2025\/","title":{"rendered":"Plan d\u2019Aide \u00e0 l\u2019Investissement 2025 : quelles sont les modalit\u00e9s\u00a0?"},"content":{"rendered":"\t\t<div data-elementor-type=\"wp-post\" data-elementor-id=\"12230\" class=\"elementor elementor-12230\" data-elementor-post-type=\"post\">\n\t\t\t\t\t\t<section class=\"elementor-section elementor-top-section elementor-element elementor-element-fdaa537 elementor-section-boxed elementor-section-height-default elementor-section-height-default\" data-id=\"fdaa537\" data-element_type=\"section\" data-e-type=\"section\">\n\t\t\t\t\t\t<div class=\"elementor-container elementor-column-gap-default\">\n\t\t\t\t\t<div class=\"elementor-column elementor-col-100 elementor-top-column elementor-element elementor-element-09000c4\" data-id=\"09000c4\" data-element_type=\"column\" data-e-type=\"column\">\n\t\t\t<div class=\"elementor-widget-wrap elementor-element-populated\">\n\t\t\t\t\t\t<div class=\"elementor-element elementor-element-dfa410c elementor-widget elementor-widget-post-info\" data-id=\"dfa410c\" data-element_type=\"widget\" data-e-type=\"widget\" data-widget_type=\"post-info.default\">\n\t\t\t\t<div class=\"elementor-widget-container\">\n\t\t\t\t\t\t\t<ul class=\"elementor-inline-items elementor-icon-list-items elementor-post-info\">\n\t\t\t\t\t\t\t\t<li class=\"elementor-icon-list-item elementor-repeater-item-7eb2150 elementor-inline-item\" itemprop=\"datePublished\">\n\t\t\t\t\t\t<a href=\"https:\/\/www.gerontim.com\/fr\/2025\/07\/18\/\">\n\t\t\t\t\t\t\t\t\t\t\t<span class=\"elementor-icon-list-icon\">\n\t\t\t\t\t\t\t\t<i aria-hidden=\"true\" class=\"fas fa-calendar\"><\/i>\t\t\t\t\t\t\t<\/span>\n\t\t\t\t\t\t\t\t\t<span class=\"elementor-icon-list-text elementor-post-info__item elementor-post-info__item--type-date\">\n\t\t\t\t\t\t\t<span class=\"elementor-post-info__item-prefix\">Publi\u00e9 le <\/span>\n\t\t\t\t\t\t\t\t\t\t<time>18 juillet 2025<\/time>\t\t\t\t\t<\/span>\n\t\t\t\t\t\t\t\t\t<\/a>\n\t\t\t\t<\/li>\n\t\t\t\t<\/ul>\n\t\t\t\t\t\t<\/div>\n\t\t\t\t<\/div>\n\t\t\t\t\t<\/div>\n\t\t<\/div>\n\t\t\t\t\t<\/div>\n\t\t<\/section>\n\t\t\t\t<section class=\"elementor-section elementor-top-section elementor-element elementor-element-1e60a47 elementor-section-stretched elementor-section-content-middle elementor-section-boxed elementor-section-height-default elementor-section-height-default\" data-id=\"1e60a47\" data-element_type=\"section\" data-e-type=\"section\" data-settings=\"{&quot;stretch_section&quot;:&quot;section-stretched&quot;,&quot;background_background&quot;:&quot;classic&quot;}\">\n\t\t\t\t\t\t<div class=\"elementor-container elementor-column-gap-wider\">\n\t\t\t\t\t<div class=\"elementor-column elementor-col-33 elementor-top-column elementor-element elementor-element-032a6a4\" data-id=\"032a6a4\" data-element_type=\"column\" data-e-type=\"column\">\n\t\t\t<div class=\"elementor-widget-wrap elementor-element-populated\">\n\t\t\t\t\t\t<div class=\"elementor-element elementor-element-b2620b7 img-legende elementor-widget elementor-widget-image\" data-id=\"b2620b7\" data-element_type=\"widget\" data-e-type=\"widget\" data-widget_type=\"image.default\">\n\t\t\t\t<div class=\"elementor-widget-container\">\n\t\t\t\t\t\t\t\t\t\t\t\t\t\t\t\t<a rel=\"noreferrer noopener\" href=\"https:\/\/www.gerontim.com\/wp-content\/uploads\/2025\/07\/plan-aide-investissement-2025-1.jpg\" data-elementor-open-lightbox=\"yes\" data-e-action-hash=\"#elementor-action%3Aaction%3Dlightbox%26settings%3DeyJpZCI6MTIyNDQsInVybCI6ZmFsc2V9\">\n\t\t\t\t\t\t\t<img decoding=\"async\" src=\"https:\/\/www.gerontim.com\/wp-content\/uploads\/2025\/07\/plan-aide-investissement-2025-1.jpg\" title=\"\" alt=\"\" loading=\"lazy\" \/>\t\t\t\t\t\t\t\t<\/a>\n\t\t\t\t\t\t\t\t\t\t\t\t\t\t\t<\/div>\n\t\t\t\t<\/div>\n\t\t\t\t\t<\/div>\n\t\t<\/div>\n\t\t\t\t<div class=\"elementor-column elementor-col-66 elementor-top-column elementor-element elementor-element-9307bc2\" data-id=\"9307bc2\" data-element_type=\"column\" data-e-type=\"column\">\n\t\t\t<div class=\"elementor-widget-wrap elementor-element-populated\">\n\t\t\t\t\t\t<div class=\"elementor-element elementor-element-9fdd148 elementor-widget elementor-widget-text-editor\" data-id=\"9fdd148\" data-element_type=\"widget\" data-e-type=\"widget\" data-widget_type=\"text-editor.default\">\n\t\t\t\t<div class=\"elementor-widget-container\">\n\t\t\t\t\t\t\t\t\t<p>Une <a rel=\"noreferrer noopener\" href=\"https:\/\/fnaqpa.fr\/fr\/espace-documentaire\/circulaires-et-instructions\/1063-instruction-du-1er-juillet-2025-relative-a-la-mise-en-oeuvre-du-plan-d-aide-a-l-investissement-des-etablissements-et-services-pour-personnes-agees-pour-2025\/file\">nouvelle instruction publi\u00e9e le 9 juillet 2025<\/a> vient d\u00e9finir les modalit\u00e9s du <strong>Plan d\u2019aide \u00e0 l\u2019investissement (PAI)<\/strong> <strong>pour les \u00e9tablissements et services m\u00e9dico-sociaux accueillant des personnes \u00e2g\u00e9es<\/strong>. Ce nouveau plan d\u2019aide \u00e0 l\u2019investissement mobilise 83 millions d\u2019euros pour la p\u00e9riode 2025-2027.<\/p>\t\t\t\t\t\t\t\t<\/div>\n\t\t\t\t<\/div>\n\t\t\t\t\t<\/div>\n\t\t<\/div>\n\t\t\t\t\t<\/div>\n\t\t<\/section>\n\t\t\t\t<section class=\"elementor-section elementor-top-section elementor-element elementor-element-1e2b59f elementor-section-boxed elementor-section-height-default elementor-section-height-default\" data-id=\"1e2b59f\" data-element_type=\"section\" data-e-type=\"section\">\n\t\t\t\t\t\t<div class=\"elementor-container elementor-column-gap-default\">\n\t\t\t\t\t<div class=\"elementor-column elementor-col-100 elementor-top-column elementor-element elementor-element-fb139de\" data-id=\"fb139de\" data-element_type=\"column\" data-e-type=\"column\">\n\t\t\t<div class=\"elementor-widget-wrap elementor-element-populated\">\n\t\t\t\t\t\t<div class=\"elementor-element elementor-element-c5ba3e9 elementor-widget elementor-widget-heading\" data-id=\"c5ba3e9\" data-element_type=\"widget\" data-e-type=\"widget\" data-widget_type=\"heading.default\">\n\t\t\t\t<div class=\"elementor-widget-container\">\n\t\t\t\t\t<h2 class=\"elementor-heading-title elementor-size-default\">Une suite logique au S\u00e9gur, dans une ann\u00e9e charni\u00e8re<\/h2>\t\t\t\t<\/div>\n\t\t\t\t<\/div>\n\t\t\t\t<div class=\"elementor-element elementor-element-db6f174 elementor-widget elementor-widget-text-editor\" data-id=\"db6f174\" data-element_type=\"widget\" data-e-type=\"widget\" data-widget_type=\"text-editor.default\">\n\t\t\t\t<div class=\"elementor-widget-container\">\n\t\t\t\t\t\t\t\t\t<p>Ce PAI s\u2019inscrit dans la <strong>continuit\u00e9 du S\u00e9gur de la sant\u00e9<\/strong>, dont les cr\u00e9dits sp\u00e9cifiques s\u2019ach\u00e8vent en 2025 apr\u00e8s avoir <a href=\"https:\/\/www.gerontim.com\/fr\/articles\/actus\/plan-aide-investissement-pai-2021\/\">financ\u00e9 1,5 milliard d\u2019euros d\u2019investissements depuis 2021<\/a>. L\u2019ann\u00e9e en cours marque donc un tournant : les financements se poursuivent, mais avec de nouveaux objectifs et un recentrage sur les projets \u00e0 fort impact local.<\/p><p>Ainsi, les priorit\u00e9s de ce Plan d\u2019Aide \u00e0 l\u2019Investissement 2025 sont :<\/p><ul><li><strong>Finaliser les projets en cours<\/strong> engag\u00e9s dans le cadre du S\u00e9gur mais non achev\u00e9s,<\/li><li>Soutenir des projets r\u00e9pondant \u00e0 des<strong> <a href=\"https:\/\/www.gerontim.com\/fr\/prestations\/etude-besoins-opportunites\/\">besoins identifi\u00e9s au niveau territorial<\/a><\/strong>,<\/li><li>Encourager des <strong>approches innovantes<\/strong>, en phase avec la transition d\u00e9mographique et les nouveaux mod\u00e8les d\u2019accueil.<\/li><\/ul>\t\t\t\t\t\t\t\t<\/div>\n\t\t\t\t<\/div>\n\t\t\t\t\t<\/div>\n\t\t<\/div>\n\t\t\t\t\t<\/div>\n\t\t<\/section>\n\t\t\t\t<section class=\"elementor-section elementor-top-section elementor-element elementor-element-7384558 elementor-section-boxed elementor-section-height-default elementor-section-height-default\" data-id=\"7384558\" data-element_type=\"section\" data-e-type=\"section\">\n\t\t\t\t\t\t<div class=\"elementor-container elementor-column-gap-default\">\n\t\t\t\t\t<div class=\"elementor-column elementor-col-100 elementor-top-column elementor-element elementor-element-ff7a5fa\" data-id=\"ff7a5fa\" data-element_type=\"column\" data-e-type=\"column\">\n\t\t\t<div class=\"elementor-widget-wrap elementor-element-populated\">\n\t\t\t\t\t\t<div class=\"elementor-element elementor-element-300a62d elementor-widget elementor-widget-heading\" data-id=\"300a62d\" data-element_type=\"widget\" data-e-type=\"widget\" data-widget_type=\"heading.default\">\n\t\t\t\t<div class=\"elementor-widget-container\">\n\t\t\t\t\t<h2 class=\"elementor-heading-title elementor-size-default\">Une approche orient\u00e9e usagers et territoire<\/h2>\t\t\t\t<\/div>\n\t\t\t\t<\/div>\n\t\t\t\t<div class=\"elementor-element elementor-element-f576cba elementor-widget elementor-widget-text-editor\" data-id=\"f576cba\" data-element_type=\"widget\" data-e-type=\"widget\" data-widget_type=\"text-editor.default\">\n\t\t\t\t<div class=\"elementor-widget-container\">\n\t\t\t\t\t\t\t\t\t<p>Les projets d\u00e9pos\u00e9s seront s\u00e9lectionn\u00e9s par les ARS selon plusieurs crit\u00e8res, incluant :<\/p><ul><li>Une <strong>transformation qualitative de l\u2019offre<\/strong>, tout en respectant les <a href=\"https:\/\/www.gerontim.com\/fr\/articles\/actus\/plan-aide-investissement-pai-2022-2023\/\">5 piliers d\u00e9finis par le S\u00e9gur<\/a>,<\/li><li>Une meilleure <strong>ouverture des \u00e9tablissements vers l\u2019ext\u00e9rieur<\/strong>,<\/li><li>La viabilit\u00e9 \u00e9conomique et la <a href=\"https:\/\/www.gerontim.com\/fr\/prestations\/projets-architecturaux\/\">qualit\u00e9 architecturale<\/a>.<\/li><\/ul><p>D&rsquo;autre part, une attention particuli\u00e8re est port\u00e9e \u00e0 l\u2019int\u00e9gration d\u2019une <strong><a href=\"https:\/\/www.gerontim.com\/fr\/articles\/experts\/assistance-maitrise-usage-en-ehpad\/\">assistance \u00e0 ma\u00eetrise d\u2019usage (AMU)<\/a><\/strong>, permettant <strong>d\u2019impliquer activement les r\u00e9sidents, les familles et les professionnels dans la d\u00e9finition des projets<\/strong>. Cette approche est de plus en plus valoris\u00e9e dans les appels \u00e0 projets. Elle garantit notamment des <a href=\"https:\/\/www.gerontim.com\/fr\/articles\/experts\/ehpad-lieu-de-vie-avantages\/\"><strong>r\u00e9alisations mieux adapt\u00e9es aux usages et aux attentes<\/strong><\/a>.<\/p>\t\t\t\t\t\t\t\t<\/div>\n\t\t\t\t<\/div>\n\t\t\t\t\t<\/div>\n\t\t<\/div>\n\t\t\t\t\t<\/div>\n\t\t<\/section>\n\t\t\t\t<section class=\"elementor-section elementor-top-section elementor-element elementor-element-0954a24 elementor-section-boxed elementor-section-height-default elementor-section-height-default\" data-id=\"0954a24\" data-element_type=\"section\" data-e-type=\"section\">\n\t\t\t\t\t\t<div class=\"elementor-container elementor-column-gap-default\">\n\t\t\t\t\t<div class=\"elementor-column elementor-col-100 elementor-top-column elementor-element elementor-element-022e350\" data-id=\"022e350\" data-element_type=\"column\" data-e-type=\"column\">\n\t\t\t<div class=\"elementor-widget-wrap elementor-element-populated\">\n\t\t\t\t\t\t<div class=\"elementor-element elementor-element-d0603ef elementor-widget elementor-widget-heading\" data-id=\"d0603ef\" data-element_type=\"widget\" data-e-type=\"widget\" data-widget_type=\"heading.default\">\n\t\t\t\t<div class=\"elementor-widget-container\">\n\t\t\t\t\t<h2 class=\"elementor-heading-title elementor-size-default\">Allocation de fonds de lutte contre la sinistralit\u00e9<\/h2>\t\t\t\t<\/div>\n\t\t\t\t<\/div>\n\t\t\t\t<div class=\"elementor-element elementor-element-4635cbe elementor-widget elementor-widget-text-editor\" data-id=\"4635cbe\" data-element_type=\"widget\" data-e-type=\"widget\" data-widget_type=\"text-editor.default\">\n\t\t\t\t<div class=\"elementor-widget-container\">\n\t\t\t\t\t\t\t\t\t<p>Une <a rel=\"noreferrer noopener\" href=\"https:\/\/fnaqpa.fr\/fr\/espace-documentaire\/circulaires-et-instructions\/1064-instruction-du-1er-juillet-2025-fonds-de-lutte-contre-la-sinistralite\/file\">seconde instruction du 1er juillet 2025 relative au fonds de lutte contre la sinistralit\u00e9<\/a>, pr\u00e9cise les conditions dans lesquelles les \u00e9tablissements pour personnes \u00e2g\u00e9es pourront \u00eatre <strong>\u00e9ligibles \u00e0 ces financements compl\u00e9mentaires<\/strong>.<\/p><p>L\u2019objectif affich\u00e9 de cette allocation compl\u00e9mentaire : r\u00e9duire les accidents du travail en co-finan\u00e7ant des \u00e9quipements co\u00fbteux pour les \u00e9tablissements, avec une enveloppe de 14,5 M\u20ac.<\/p>\t\t\t\t\t\t\t\t<\/div>\n\t\t\t\t<\/div>\n\t\t\t\t\t<\/div>\n\t\t<\/div>\n\t\t\t\t\t<\/div>\n\t\t<\/section>\n\t\t\t\t<section class=\"elementor-section elementor-top-section elementor-element elementor-element-f4faffe elementor-section-boxed elementor-section-height-default elementor-section-height-default\" data-id=\"f4faffe\" data-element_type=\"section\" data-e-type=\"section\">\n\t\t\t\t\t\t<div class=\"elementor-container elementor-column-gap-default\">\n\t\t\t\t\t<div class=\"elementor-column elementor-col-100 elementor-top-column elementor-element elementor-element-4b36aa5\" data-id=\"4b36aa5\" data-element_type=\"column\" data-e-type=\"column\">\n\t\t\t<div class=\"elementor-widget-wrap elementor-element-populated\">\n\t\t\t\t\t\t<div class=\"elementor-element elementor-element-6f8f7e5 elementor-cta--skin-classic elementor-animated-content elementor-bg-transform elementor-bg-transform-zoom-in elementor-widget elementor-widget-call-to-action\" data-id=\"6f8f7e5\" data-element_type=\"widget\" data-e-type=\"widget\" data-widget_type=\"call-to-action.default\">\n\t\t\t\t<div class=\"elementor-widget-container\">\n\t\t\t\t\t\t\t<div class=\"elementor-cta\">\n\t\t\t\t\t\t\t<div class=\"elementor-cta__content\">\n\t\t\t\t\t\t\t\t\t<div class=\"elementor-content-item elementor-cta__content-item elementor-icon-wrapper elementor-cta__icon elementor-view-default\">\n\t\t\t\t\t\t<div class=\"elementor-icon\">\n\t\t\t\t\t\t\t<i aria-hidden=\"true\" class=\"fas fa-trophy\"><\/i>\t\t\t\t\t\t<\/div>\n\t\t\t\t\t<\/div>\n\t\t\t\t\n\t\t\t\t\t\t\t\t\t<h3 class=\"elementor-cta__title elementor-cta__content-item elementor-content-item\">\n\t\t\t\t\t\tVous avez besoin d'un expert pour vous accompagner <b><span style=\"font-size:11.0pt;line-height:107%;,sans-serif\"><\/span><\/b>?\t\t\t\t\t<\/h3>\n\t\t\t\t\n\t\t\t\t\t\t\t\t\t<div class=\"elementor-cta__description elementor-cta__content-item elementor-content-item\">\n\t\t\t\t\t\tContactez-nous pour d\u00e9finir ensemble le projet qui r\u00e9ponde \u00e0 vos besoins.\t\t\t\t\t<\/div>\n\t\t\t\t\n\t\t\t\t\t\t\t\t\t<div class=\"elementor-cta__button-wrapper elementor-cta__content-item elementor-content-item \">\n\t\t\t\t\t<a class=\"elementor-cta__button elementor-button elementor-size-\" href=\"https:\/\/www.gerontim.com\/fr\/contact\/\">\n\t\t\t\t\t\tDEMARRER L'AVENTURE !\t\t\t\t\t<\/a>\n\t\t\t\t\t<\/div>\n\t\t\t\t\t\t\t<\/div>\n\t\t\t\t\t\t<\/div>\n\t\t\t\t\t\t<\/div>\n\t\t\t\t<\/div>\n\t\t\t\t\t<\/div>\n\t\t<\/div>\n\t\t\t\t\t<\/div>\n\t\t<\/section>\n\t\t\t\t<section class=\"elementor-section elementor-top-section elementor-element elementor-element-7bf3091 elementor-section-boxed elementor-section-height-default elementor-section-height-default\" data-id=\"7bf3091\" data-element_type=\"section\" data-e-type=\"section\">\n\t\t\t\t\t\t<div class=\"elementor-container elementor-column-gap-default\">\n\t\t\t\t\t<div class=\"elementor-column elementor-col-100 elementor-top-column elementor-element elementor-element-7dc5c73\" data-id=\"7dc5c73\" data-element_type=\"column\" data-e-type=\"column\">\n\t\t\t<div class=\"elementor-widget-wrap elementor-element-populated\">\n\t\t\t\t\t\t<div class=\"elementor-element elementor-element-7d14f52 uael-dual-heading-align-center elementor-invisible elementor-widget elementor-widget-uael-dual-color-heading\" data-id=\"7d14f52\" data-element_type=\"widget\" data-e-type=\"widget\" data-settings=\"{&quot;_animation&quot;:&quot;fadeIn&quot;}\" data-widget_type=\"uael-dual-color-heading.default\">\n\t\t\t\t<div class=\"elementor-widget-container\">\n\t\t\t\t\t\t\t\t\t<div class=\"uael-module-content uael-dual-color-heading uael-stack-desktop-yes uael-heading-stack-\">\n\t\t\t<h2>\n\t\t\t\t\t\t\t\t\t\t\t\t\t\t\t\t<span class=\"uael-before-heading\"><span class=\"elementor-inline-editing uael-dual-heading-text uael-first-text\" data-elementor-setting-key=\"before_heading_text\" data-elementor-inline-editing-toolbar=\"basic\">En savoir plus sur nos <\/span><\/span><span class=\"uael-adv-heading-stack\"><span class=\"elementor-inline-editing uael-dual-heading-text uael-highlight-text\" data-elementor-setting-key=\"second_heading_text\" data-elementor-inline-editing-toolbar=\"basic\">prestations d\u00e9di\u00e9es \u00e0 vos projets architecturaux<\/span><\/span>\t\t\t\t\t\t\t\t\t\t\t\t\t<\/h2>\n\t\t<\/div>\n\t\t\t\t\t\t<\/div>\n\t\t\t\t<\/div>\n\t\t\t\t<section class=\"elementor-section elementor-inner-section elementor-element elementor-element-73c3fb4 elementor-section-content-middle elementor-section-boxed elementor-section-height-default elementor-section-height-default\" data-id=\"73c3fb4\" data-element_type=\"section\" data-e-type=\"section\">\n\t\t\t\t\t\t<div class=\"elementor-container elementor-column-gap-default\">\n\t\t\t\t\t<div class=\"elementor-column elementor-col-66 elementor-inner-column elementor-element elementor-element-8aca80e\" data-id=\"8aca80e\" data-element_type=\"column\" data-e-type=\"column\">\n\t\t\t<div class=\"elementor-widget-wrap elementor-element-populated\">\n\t\t\t\t\t\t<div class=\"elementor-element elementor-element-606c304 elementor-widget elementor-widget-text-editor\" data-id=\"606c304\" data-element_type=\"widget\" data-e-type=\"widget\" data-widget_type=\"text-editor.default\">\n\t\t\t\t<div class=\"elementor-widget-container\">\n\t\t\t\t\t\t\t\t\t<p style=\"text-align: left;\">Restructuration, extension, reconstruction ; Gerontim accompagne les gestionnaires d&rsquo;\u00e9tablissements sur l\u2019ensemble du projet, depuis les premiers choix strat\u00e9giques jusqu\u2019\u00e0 la formalisation architecturale d\u00e9taill\u00e9e.<\/p>\t\t\t\t\t\t\t\t<\/div>\n\t\t\t\t<\/div>\n\t\t\t\t\t<\/div>\n\t\t<\/div>\n\t\t\t\t<div class=\"elementor-column elementor-col-33 elementor-inner-column elementor-element elementor-element-5dd6c2b\" data-id=\"5dd6c2b\" data-element_type=\"column\" data-e-type=\"column\">\n\t\t\t<div class=\"elementor-widget-wrap elementor-element-populated\">\n\t\t\t\t\t\t<div class=\"elementor-element elementor-element-9fa1e3a elementor-widget elementor-widget-image\" data-id=\"9fa1e3a\" data-element_type=\"widget\" data-e-type=\"widget\" data-widget_type=\"image.default\">\n\t\t\t\t<div class=\"elementor-widget-container\">\n\t\t\t\t\t\t\t\t\t\t\t\t<figure class=\"wp-caption\">\n\t\t\t\t\t\t\t\t\t\t<img decoding=\"async\" src=\"https:\/\/www.gerontim.com\/wp-content\/uploads\/elementor\/thumbs\/plan-projet-architectural-ehpad-q90kl4109wqsu9kprqldbb4s1ln7dx4w2fzorc7zyo.jpg\" title=\"Guider les EHPAD dans leurs projets de construction et restructuration architecturale\" alt=\"Guider les EHPAD dans leurs projets de construction et restructuration architecturale\" loading=\"lazy\" \/>\t\t\t\t\t\t\t\t\t\t\t<figcaption class=\"widget-image-caption wp-caption-text\"><\/figcaption>\n\t\t\t\t\t\t\t\t\t\t<\/figure>\n\t\t\t\t\t\t\t\t\t<\/div>\n\t\t\t\t<\/div>\n\t\t\t\t\t<\/div>\n\t\t<\/div>\n\t\t\t\t\t<\/div>\n\t\t<\/section>\n\t\t\t\t<div class=\"elementor-element elementor-element-66215cc elementor-align-center elementor-widget elementor-widget-button\" data-id=\"66215cc\" data-element_type=\"widget\" data-e-type=\"widget\" data-widget_type=\"button.default\">\n\t\t\t\t<div class=\"elementor-widget-container\">\n\t\t\t\t\t\t\t\t\t<div class=\"elementor-button-wrapper\">\n\t\t\t\t\t<a class=\"elementor-button elementor-button-link elementor-size-md\" href=\"https:\/\/www.gerontim.com\/fr\/prestations\/projets-architecturaux\/\">\n\t\t\t\t\t\t<span class=\"elementor-button-content-wrapper\">\n\t\t\t\t\t\t\t\t\t<span class=\"elementor-button-text\">Plus d'informations<\/span>\n\t\t\t\t\t<\/span>\n\t\t\t\t\t<\/a>\n\t\t\t\t<\/div>\n\t\t\t\t\t\t\t\t<\/div>\n\t\t\t\t<\/div>\n\t\t\t\t\t<\/div>\n\t\t<\/div>\n\t\t\t\t\t<\/div>\n\t\t<\/section>\n\t\t\t\t<section class=\"elementor-section elementor-top-section elementor-element elementor-element-60d0c80 elementor-section-boxed elementor-section-height-default elementor-section-height-default\" data-id=\"60d0c80\" data-element_type=\"section\" data-e-type=\"section\">\n\t\t\t\t\t\t<div class=\"elementor-container elementor-column-gap-default\">\n\t\t\t\t\t<div class=\"elementor-column elementor-col-100 elementor-top-column elementor-element elementor-element-2ea1c34\" data-id=\"2ea1c34\" data-element_type=\"column\" data-e-type=\"column\">\n\t\t\t<div class=\"elementor-widget-wrap elementor-element-populated\">\n\t\t\t\t\t\t<div class=\"elementor-element elementor-element-7ec0079 elementor-widget elementor-widget-global elementor-global-4226 elementor-widget-html\" data-id=\"7ec0079\" data-element_type=\"widget\" data-e-type=\"widget\" data-widget_type=\"html.default\">\n\t\t\t\t<div class=\"elementor-widget-container\">\n\t\t\t\t\t\t\t\t\t<\/div>\n\t\t\t\t<\/div>\n\t\t\t\t\t<\/div>\n\t\t<\/div>\n\t\t\t\t\t<\/div>\n\t\t<\/section>\n\t\t\t\t<aside class=\"elementor-section elementor-top-section elementor-element elementor-element-cc07643 elementor-section-height-min-height noprint elementor-section-boxed elementor-section-height-default elementor-section-items-middle\" data-id=\"cc07643\" data-element_type=\"section\" data-e-type=\"section\">\n\t\t\t\t\t\t\t<div class=\"elementor-background-overlay\"><\/div>\n\t\t\t\t\t\t\t<div class=\"elementor-container elementor-column-gap-default\">\n\t\t\t\t\t<div class=\"elementor-column elementor-col-100 elementor-top-column elementor-element elementor-element-9ddc456\" data-id=\"9ddc456\" data-element_type=\"column\" data-e-type=\"column\">\n\t\t\t<div class=\"elementor-widget-wrap elementor-element-populated\">\n\t\t\t\t\t\t<div class=\"elementor-section elementor-inner-section elementor-element elementor-element-757e54c elementor-section-boxed elementor-section-height-default elementor-section-height-default\" data-id=\"757e54c\" data-element_type=\"section\" data-e-type=\"section\">\n\t\t\t\t\t\t<div class=\"elementor-container elementor-column-gap-default\">\n\t\t\t\t\t<div class=\"elementor-column elementor-col-100 elementor-inner-column elementor-element elementor-element-26554e1\" data-id=\"26554e1\" data-element_type=\"column\" data-e-type=\"column\">\n\t\t\t<div class=\"elementor-widget-wrap elementor-element-populated\">\n\t\t\t\t\t\t<div class=\"elementor-element elementor-element-579d7bd title-h3 elementor-widget elementor-widget-heading\" data-id=\"579d7bd\" data-element_type=\"widget\" data-e-type=\"widget\" data-widget_type=\"heading.default\">\n\t\t\t\t<div class=\"elementor-widget-container\">\n\t\t\t\t\t<h2 class=\"elementor-heading-title elementor-size-default\">D\u00e9couvrez d'autres contenus<br> qui pourraient <strong>vous int\u00e9resser<\/strong><\/h2>\t\t\t\t<\/div>\n\t\t\t\t<\/div>\n\t\t\t\t\t<\/div>\n\t\t<\/div>\n\t\t\t\t\t<\/div>\n\t\t<\/div>\n\t\t\t\t<div class=\"elementor-element elementor-element-24ae272 uael-post__link-complete-yes uael-post__arrow-outside elementor-widget elementor-widget-uael-posts\" data-id=\"24ae272\" data-element_type=\"widget\" data-e-type=\"widget\" data-settings=\"{&quot;event_slides_to_show&quot;:3,&quot;event_slides_to_show_tablet&quot;:2,&quot;event_slides_to_show_mobile&quot;:1}\" data-widget_type=\"uael-posts.event\">\n\t\t\t\t<div class=\"elementor-widget-container\">\n\t\t\t\t\t\t\t<div class=\"uael-post__header\">\n\t\t\t\t\t<\/div>\n\t\t<div class=\"uael-post__body\">\n\t\t\t\n\t\t\n\t\t<div class=\"uael-post-grid uael-posts\" data-query-type=\"custom\" data-structure=\"carousel\" data-layout=\"\" data-page=\"12230\" data-skin=\"event\" data-filter-default=\"\" data-offset-top=\"30\" data-post_slider=\"{&quot;slidesToShow&quot;:3,&quot;slidesToScroll&quot;:1,&quot;autoplaySpeed&quot;:5000,&quot;autoplay&quot;:false,&quot;infinite&quot;:true,&quot;pauseOnHover&quot;:false,&quot;speed&quot;:500,&quot;arrows&quot;:true,&quot;dots&quot;:true,&quot;rtl&quot;:false,&quot;prevArrow&quot;:&quot;&lt;button type=\\&quot;button\\&quot; data-role=\\&quot;none\\&quot; class=\\&quot;slick-prev\\&quot; aria-label=\\&quot;Previous\\&quot; tabindex=\\&quot;0\\&quot; role=\\&quot;button\\&quot;&gt;&lt;i class=\\&quot;fa fa-angle-left\\&quot;&gt;&lt;\\\/i&gt;&lt;\\\/button&gt;&quot;,&quot;nextArrow&quot;:&quot;&lt;button type=\\&quot;button\\&quot; data-role=\\&quot;none\\&quot; class=\\&quot;slick-next\\&quot; aria-label=\\&quot;Next\\&quot; tabindex=\\&quot;0\\&quot; role=\\&quot;button\\&quot;&gt;&lt;i class=\\&quot;fa fa-angle-right\\&quot;&gt;&lt;\\\/i&gt;&lt;\\\/button&gt;&quot;,&quot;responsive&quot;:[{&quot;breakpoint&quot;:1024,&quot;settings&quot;:{&quot;slidesToShow&quot;:2,&quot;slidesToScroll&quot;:2}},{&quot;breakpoint&quot;:767,&quot;settings&quot;:{&quot;slidesToShow&quot;:1,&quot;slidesToScroll&quot;:1}}]}\" data-equal-height=\"yes\" data-post-count=\"9\">\n\n\t\t\t\t\t\t\t<div class=\"uael-post-grid__inner uael-post__columns-3 uael-post__columns-tablet-2 uael-post__columns-mobile-1\">\n\t\t\t\n\n<div class=\"uael-post-wrapper   \">\n\t<div class=\"uael-post__bg-wrap uael-bg-wrap-disabled\">\n\n\t\t\t\t\t<a href=\"https:\/\/www.gerontim.com\/fr\/realisations\/restructuration-extension-ehpad-85-lits\/\" target=\"_self\" class=\"uael-post__complete-box-overlay\" aria-label=\"Link Complete Box\"><\/a>\n\t\t\t\t\n\t\t<div class=\"uael-post__inner-wrap uael-inner-wrap-disabled\">\n\n\t\t\t\t<div class=\"uael-post__thumbnail \">\n\t\t\t\t\t\t<a target=\"_self\" href=\"https:\/\/www.gerontim.com\/fr\/realisations\/restructuration-extension-ehpad-85-lits\/\" title=\"Restructuration EHPAD Les Bords de Loire \u00e0 Retournac (43) \u2013 85 lits\"><img decoding=\"async\" src=\"https:\/\/www.gerontim.com\/wp-content\/uploads\/elementor\/thumbs\/ehpad-bords-de-loire-extension-fleurs-q90kstbl74riv4sba2rqisn0r4j6ea310o86mbk9sk.jpg\" title=\"Fa\u00e7ade ext\u00e9rieure fleurie EHPAD Bords de Loire Retournac\" alt=\"Fa\u00e7ade ext\u00e9rieure fleurie EHPAD Bords de Loire Retournac\" loading=\"lazy\" \/><\/a>\n\t\t\t\t\t<div class=\"uael-post__datebox \">\n\t\t\t\t<div class=\"uael-post__date-wrap\">\n\t\t\t\t\t\t\t\t\t\t<span class='uael-post__date-month'>Juil<\/span><span class='uael-post__date-day'>25<\/span>\t\t\t\t<\/div>\t\t\t\t\n\t\t\t<\/div>\n\t\t<\/div>\n\t\t\n\t\t\t\n\t\t\t<div class=\"uael-post__content-wrap uael-content-wrap-disabled\">\n\n\t\t\t\t\t<h3 class=\"uael-post__title\">\n\n\t\t\n\t\t\t\t\t\t<a href=\"https:\/\/www.gerontim.com\/fr\/realisations\/restructuration-extension-ehpad-85-lits\/\" target=\"_self\">\n\t\t\t\tRestructuration EHPAD Les Bords de Loire \u00e0 Retournac (43) \u2013 85 lits\t\t\t<\/a>\n\n\t\t\t\t<\/h3>\n\t\t\t\t\t<div class=\"uael-post__meta-data\">\n\t\t\t\t\t<\/div>\n\t\t\n\t\t<div class=\"uael-post__excerpt\">\n\t\t\tD\u00e9couvrez le projet de restructuration partielle de cet EHPAD priv\u00e9 associatif de 85 places. Les \u00e9tudes pr\u00e9alables men\u00e9es par Gerontim pr\u00e9voyaient notamment la cr\u00e9ation de 12 chambres privatives ainsi qu\u2019un projet de PASA particuli\u00e8rement riche, avec un lieu de vie d\u00e9clin\u00e9 en multiples \u00ab coins \u00bb pour diff\u00e9rentes activit\u00e9s et ...\t\t<\/div>\n\n\t\t\t\t\t<\/div>\n\t\t\t\n\t\t<\/div>\n\t\t\n\n\t<\/div>\n\n<\/div>\n\n\n<div class=\"uael-post-wrapper   \">\n\t<div class=\"uael-post__bg-wrap uael-bg-wrap-disabled\">\n\n\t\t\t\t\t<a href=\"https:\/\/www.gerontim.com\/fr\/realisations\/reconstruction-ehpad-108-places\/\" target=\"_self\" class=\"uael-post__complete-box-overlay\" aria-label=\"Link Complete Box\"><\/a>\n\t\t\t\t\n\t\t<div class=\"uael-post__inner-wrap uael-inner-wrap-disabled\">\n\n\t\t\t\t<div class=\"uael-post__thumbnail \">\n\t\t\t\t\t\t<a target=\"_self\" href=\"https:\/\/www.gerontim.com\/fr\/realisations\/reconstruction-ehpad-108-places\/\" title=\"Reconstruction EHPAD La Gentilhommi\u00e8re \u00e0 Boussy-Saint-Antoine (91) \u2013 108 places\"><img decoding=\"async\" src=\"https:\/\/www.gerontim.com\/wp-content\/uploads\/elementor\/thumbs\/ehpad-gentilhommiere-accueil-q90ldc4qewuwcmz5fy4hym7bnzdogdk1u8zttt4txw.jpg\" title=\"Hall d&rsquo;entr\u00e9e et accueil de l&rsquo;EHPAD La Gentilhommi\u00e8re\" alt=\"Hall d&#039;entr\u00e9e et accueil de l&#039;EHPAD La Gentilhommi\u00e8re\" loading=\"lazy\" \/><\/a>\n\t\t\t\t\t<div class=\"uael-post__datebox \">\n\t\t\t\t<div class=\"uael-post__date-wrap\">\n\t\t\t\t\t\t\t\t\t\t<span class='uael-post__date-month'>Avr<\/span><span class='uael-post__date-day'>14<\/span>\t\t\t\t<\/div>\t\t\t\t\n\t\t\t<\/div>\n\t\t<\/div>\n\t\t\n\t\t\t\n\t\t\t<div class=\"uael-post__content-wrap uael-content-wrap-disabled\">\n\n\t\t\t\t\t<h3 class=\"uael-post__title\">\n\n\t\t\n\t\t\t\t\t\t<a href=\"https:\/\/www.gerontim.com\/fr\/realisations\/reconstruction-ehpad-108-places\/\" target=\"_self\">\n\t\t\t\tReconstruction EHPAD La Gentilhommi\u00e8re \u00e0 Boussy-Saint-Antoine (91) \u2013 108 places\t\t\t<\/a>\n\n\t\t\t\t<\/h3>\n\t\t\t\t\t<div class=\"uael-post__meta-data\">\n\t\t\t\t\t<\/div>\n\t\t\n\t\t<div class=\"uael-post__excerpt\">\n\t\t\tGerontim a accompagn\u00e9 de bout en bout la reconstruction totale de cet EHPAD, avec une capacit\u00e9 de 100 lits d\u2019h\u00e9bergement et 8 places d\u2019accueil de jour. L\u2019op\u00e9ration pr\u00e9voyait notamment la cr\u00e9ation de 2 unit\u00e9s Alzheimer, 6 unit\u00e9s traditionnelles, 1 PASA et 1 p\u00f4le de vie sociale, le tout sur un ...\t\t<\/div>\n\n\t\t\t\t\t<\/div>\n\t\t\t\n\t\t<\/div>\n\t\t\n\n\t<\/div>\n\n<\/div>\n\n\n<div class=\"uael-post-wrapper   \">\n\t<div class=\"uael-post__bg-wrap uael-bg-wrap-disabled\">\n\n\t\t\t\t\t<a href=\"https:\/\/www.gerontim.com\/fr\/realisations\/reconstruction-ehpad-100-places\/\" target=\"_self\" class=\"uael-post__complete-box-overlay\" aria-label=\"Link Complete Box\"><\/a>\n\t\t\t\t\n\t\t<div class=\"uael-post__inner-wrap uael-inner-wrap-disabled\">\n\n\t\t\t\t<div class=\"uael-post__thumbnail \">\n\t\t\t\t\t\t<a target=\"_self\" href=\"https:\/\/www.gerontim.com\/fr\/realisations\/reconstruction-ehpad-100-places\/\" title=\"Reconstruction EHPAD des Pr\u00e8s de Ch\u00e2tillon-sur-Loire (45) \u2013 100 places\"><img decoding=\"async\" src=\"https:\/\/www.gerontim.com\/wp-content\/uploads\/elementor\/thumbs\/ehpad-des-pres-poulailler-q90lj4swk4sjy2k1lgboc5jnjit5x6kgmxtmd8jfkk.jpg\" title=\"Poulailler en bois de l&rsquo;EHPAD des Pr\u00e8s \u00e0 Ch\u00e2tillon sur Loire\" alt=\"Poulailler en bois de l&#039;EHPAD des Pr\u00e8s \u00e0 Ch\u00e2tillon sur Loire\" loading=\"lazy\" \/><\/a>\n\t\t\t\t\t<div class=\"uael-post__datebox \">\n\t\t\t\t<div class=\"uael-post__date-wrap\">\n\t\t\t\t\t\t\t\t\t\t<span class='uael-post__date-month'>Avr<\/span><span class='uael-post__date-day'>14<\/span>\t\t\t\t<\/div>\t\t\t\t\n\t\t\t<\/div>\n\t\t<\/div>\n\t\t\n\t\t\t\n\t\t\t<div class=\"uael-post__content-wrap uael-content-wrap-disabled\">\n\n\t\t\t\t\t<h3 class=\"uael-post__title\">\n\n\t\t\n\t\t\t\t\t\t<a href=\"https:\/\/www.gerontim.com\/fr\/realisations\/reconstruction-ehpad-100-places\/\" target=\"_self\">\n\t\t\t\tReconstruction EHPAD des Pr\u00e8s de Ch\u00e2tillon-sur-Loire (45) \u2013 100 places\t\t\t<\/a>\n\n\t\t\t\t<\/h3>\n\t\t\t\t\t<div class=\"uael-post__meta-data\">\n\t\t\t\t\t<\/div>\n\t\t\n\t\t<div class=\"uael-post__excerpt\">\n\t\t\tD\u00e9couvrez le projet de reconstruction totale de cet EHPAD public de 100 places avec 86 lits d\u2019h\u00e9bergement permanent et 14 places d\u2019accueil s\u00e9quentiel. Les \u00e9tudes pr\u00e9alables men\u00e9es par Gerontim pr\u00e9voyaient notamment la cr\u00e9ation de 4 unit\u00e9s de vie traditionnelles, 1 PASA et 2 unit\u00e9s Alzheimer, avec l\u2019int\u00e9gration d\u2019un v\u00e9ritable projet ...\t\t<\/div>\n\n\t\t\t\t\t<\/div>\n\t\t\t\n\t\t<\/div>\n\t\t\n\n\t<\/div>\n\n<\/div>\n\n\n<div class=\"uael-post-wrapper   \">\n\t<div class=\"uael-post__bg-wrap uael-bg-wrap-disabled\">\n\n\t\t\t\t\t<a href=\"https:\/\/www.gerontim.com\/fr\/realisations\/extension-ehpad-103-places\/\" target=\"_self\" class=\"uael-post__complete-box-overlay\" aria-label=\"Link Complete Box\"><\/a>\n\t\t\t\t\n\t\t<div class=\"uael-post__inner-wrap uael-inner-wrap-disabled\">\n\n\t\t\t\t<div class=\"uael-post__thumbnail \">\n\t\t\t\t\t\t<a target=\"_self\" href=\"https:\/\/www.gerontim.com\/fr\/realisations\/extension-ehpad-103-places\/\" title=\"Extension EHPAD La Grange \u00e0 Cou\u00ebron (44) \u2013 103 places\"><img decoding=\"async\" src=\"https:\/\/www.gerontim.com\/wp-content\/uploads\/elementor\/thumbs\/ehpad-grange-vue-exterieur-extension-q90l6lmdfnmx58res1ar3beeekkzagtawwok0f4ej8.jpg\" title=\"Vue ext\u00e9rieure de l\u2019extension de l&rsquo;EHPAD La Grange \u00e0 Cou\u00ebron\" alt=\"Vue ext\u00e9rieure de l\u2019extension de l&#039;EHPAD La Grange \u00e0 Cou\u00ebron\" loading=\"lazy\" \/><\/a>\n\t\t\t\t\t<div class=\"uael-post__datebox \">\n\t\t\t\t<div class=\"uael-post__date-wrap\">\n\t\t\t\t\t\t\t\t\t\t<span class='uael-post__date-month'>Avr<\/span><span class='uael-post__date-day'>10<\/span>\t\t\t\t<\/div>\t\t\t\t\n\t\t\t<\/div>\n\t\t<\/div>\n\t\t\n\t\t\t\n\t\t\t<div class=\"uael-post__content-wrap uael-content-wrap-disabled\">\n\n\t\t\t\t\t<h3 class=\"uael-post__title\">\n\n\t\t\n\t\t\t\t\t\t<a href=\"https:\/\/www.gerontim.com\/fr\/realisations\/extension-ehpad-103-places\/\" target=\"_self\">\n\t\t\t\tExtension EHPAD La Grange \u00e0 Cou\u00ebron (44) \u2013 103 places\t\t\t<\/a>\n\n\t\t\t\t<\/h3>\n\t\t\t\t\t<div class=\"uael-post__meta-data\">\n\t\t\t\t\t<\/div>\n\t\t\n\t\t<div class=\"uael-post__excerpt\">\n\t\t\tGerontim a accompagn\u00e9 cet EHPAD priv\u00e9 dans l\u2019\u00e9tude de faisabilit\u00e9 architecturale de son projet d\u2019extension pour la construction d\u2019une unit\u00e9 Alzheimer de 15 places. Outre le fait d\u2019assurer une continuit\u00e9 architecturale entre l\u2019existant et l\u2019extension, Gerontim a plac\u00e9 au c\u0153ur de son projet l\u2019\u00e9quit\u00e9 de traitement entre tous les r\u00e9sidents.\t\t<\/div>\n\n\t\t\t\t\t<\/div>\n\t\t\t\n\t\t<\/div>\n\t\t\n\n\t<\/div>\n\n<\/div>\n\n\n<div class=\"uael-post-wrapper   \">\n\t<div class=\"uael-post__bg-wrap uael-bg-wrap-disabled\">\n\n\t\t\t\t\t<a href=\"https:\/\/www.gerontim.com\/fr\/realisations\/reconstruction-ehpad-74-lits\/\" target=\"_self\" class=\"uael-post__complete-box-overlay\" aria-label=\"Link Complete Box\"><\/a>\n\t\t\t\t\n\t\t<div class=\"uael-post__inner-wrap uael-inner-wrap-disabled\">\n\n\t\t\t\t<div class=\"uael-post__thumbnail \">\n\t\t\t\t\t\t<a target=\"_self\" href=\"https:\/\/www.gerontim.com\/fr\/realisations\/reconstruction-ehpad-74-lits\/\" title=\"Reconstruction EHPAD Les Girondines \u00e0 Lyon (69) \u2013 74 lits\"><img decoding=\"async\" src=\"https:\/\/www.gerontim.com\/wp-content\/uploads\/elementor\/thumbs\/ehpad-girondines-parcours-sante-q90lcizqj1r0cq5h63j2bbk191datrcde8rry8c1as.jpg\" title=\"Parcours de sant\u00e9 ext\u00e9rieur au sein de l\u2019EHPAD Les Girondines\" alt=\"Parcours de sant\u00e9 ext\u00e9rieur au sein de l\u2019EHPAD Les Girondines\" loading=\"lazy\" \/><\/a>\n\t\t\t\t\t<div class=\"uael-post__datebox \">\n\t\t\t\t<div class=\"uael-post__date-wrap\">\n\t\t\t\t\t\t\t\t\t\t<span class='uael-post__date-month'>Avr<\/span><span class='uael-post__date-day'>10<\/span>\t\t\t\t<\/div>\t\t\t\t\n\t\t\t<\/div>\n\t\t<\/div>\n\t\t\n\t\t\t\n\t\t\t<div class=\"uael-post__content-wrap uael-content-wrap-disabled\">\n\n\t\t\t\t\t<h3 class=\"uael-post__title\">\n\n\t\t\n\t\t\t\t\t\t<a href=\"https:\/\/www.gerontim.com\/fr\/realisations\/reconstruction-ehpad-74-lits\/\" target=\"_self\">\n\t\t\t\tReconstruction EHPAD Les Girondines \u00e0 Lyon (69) \u2013 74 lits\t\t\t<\/a>\n\n\t\t\t\t<\/h3>\n\t\t\t\t\t<div class=\"uael-post__meta-data\">\n\t\t\t\t\t<\/div>\n\t\t\n\t\t<div class=\"uael-post__excerpt\">\n\t\t\tGerontim a accompagn\u00e9 cet EHPAD priv\u00e9 associatif tout au long de son op\u00e9ration de reconstruction sur un nouveau terrain. L\u2019op\u00e9ration a permis \u00e0 l\u2019\u00e9tablissement d\u2019augmenter sa capacit\u00e9 d\u2019accueil et de diversifier son offre avec, notamment, la cr\u00e9ation de 14 places de r\u00e9pit en accueil de jour, 14 places en PASA ...\t\t<\/div>\n\n\t\t\t\t\t<\/div>\n\t\t\t\n\t\t<\/div>\n\t\t\n\n\t<\/div>\n\n<\/div>\n\n\n<div class=\"uael-post-wrapper   \">\n\t<div class=\"uael-post__bg-wrap uael-bg-wrap-disabled\">\n\n\t\t\t\t\t<a href=\"https:\/\/www.gerontim.com\/fr\/realisations\/restructuration-extension-ehpad-65-lits\/\" target=\"_self\" class=\"uael-post__complete-box-overlay\" aria-label=\"Link Complete Box\"><\/a>\n\t\t\t\t\n\t\t<div class=\"uael-post__inner-wrap uael-inner-wrap-disabled\">\n\n\t\t\t\t<div class=\"uael-post__thumbnail \">\n\t\t\t\t\t\t<a target=\"_self\" href=\"https:\/\/www.gerontim.com\/fr\/realisations\/restructuration-extension-ehpad-65-lits\/\" title=\"Restructuration EHPAD Champrouge \u00e0 Mazille (71) \u2013 65 lits\"><img decoding=\"async\" src=\"https:\/\/www.gerontim.com\/wp-content\/uploads\/elementor\/thumbs\/ehpad-champrouge-jardin-fleuri-q90lc6ru27aa5sn85g8wwwn1j11j1ozv0kagpmu5jo.jpg\" title=\"Jardin fleuri de l\u2019EHPAD Champrouge \u00e0 Mazille\" alt=\"Jardin fleuri de l\u2019EHPAD Champrouge \u00e0 Mazille\" loading=\"lazy\" \/><\/a>\n\t\t\t\t\t<div class=\"uael-post__datebox \">\n\t\t\t\t<div class=\"uael-post__date-wrap\">\n\t\t\t\t\t\t\t\t\t\t<span class='uael-post__date-month'>Avr<\/span><span class='uael-post__date-day'>10<\/span>\t\t\t\t<\/div>\t\t\t\t\n\t\t\t<\/div>\n\t\t<\/div>\n\t\t\n\t\t\t\n\t\t\t<div class=\"uael-post__content-wrap uael-content-wrap-disabled\">\n\n\t\t\t\t\t<h3 class=\"uael-post__title\">\n\n\t\t\n\t\t\t\t\t\t<a href=\"https:\/\/www.gerontim.com\/fr\/realisations\/restructuration-extension-ehpad-65-lits\/\" target=\"_self\">\n\t\t\t\tRestructuration EHPAD Champrouge \u00e0 Mazille (71) \u2013 65 lits\t\t\t<\/a>\n\n\t\t\t\t<\/h3>\n\t\t\t\t\t<div class=\"uael-post__meta-data\">\n\t\t\t\t\t<\/div>\n\t\t\n\t\t<div class=\"uael-post__excerpt\">\n\t\t\tD\u00e9couvrez le projet de r\u00e9habilitation et extension de cet EHPAD priv\u00e9 associatif de 65 places. L\u2019accompagnement de Gerontim jusqu\u2019au d\u00e9but des travaux pr\u00e9voyait notamment la cr\u00e9ation d\u2019un PASA, d\u2019une unit\u00e9 Alzheimer, d\u2019un p\u00f4le de vie sociale ainsi que la construction d\u2019un g\u00eete d\u2019accueil pour les familles, stagiaires, salari\u00e9s ou personnes ...\t\t<\/div>\n\n\t\t\t\t\t<\/div>\n\t\t\t\n\t\t<\/div>\n\t\t\n\n\t<\/div>\n\n<\/div>\n\n\n<div class=\"uael-post-wrapper   \">\n\t<div class=\"uael-post__bg-wrap uael-bg-wrap-disabled\">\n\n\t\t\t\t\t<a href=\"https:\/\/www.gerontim.com\/fr\/realisations\/restructuration-extension-ehpad-160-lits\/\" target=\"_self\" class=\"uael-post__complete-box-overlay\" aria-label=\"Link Complete Box\"><\/a>\n\t\t\t\t\n\t\t<div class=\"uael-post__inner-wrap uael-inner-wrap-disabled\">\n\n\t\t\t\t<div class=\"uael-post__thumbnail \">\n\t\t\t\t\t\t<a target=\"_self\" href=\"https:\/\/www.gerontim.com\/fr\/realisations\/restructuration-extension-ehpad-160-lits\/\" title=\"Restructuration EHPAD Le Home de Pr\u00e9ville \u00e0 Moulins-L\u00e8s-Metz (57) \u2013 160 lits\"><img decoding=\"async\" src=\"https:\/\/www.gerontim.com\/wp-content\/uploads\/elementor\/thumbs\/ehpad-home-preville-facade-q90lbso97oqzbn7pfs5idi74m8z0u8fvymi6ihf250.jpg\" title=\"Fa\u00e7ade arbor\u00e9e de l&rsquo;EHPAD Le Home de Pr\u00e9ville \u00e0 Moulins-L\u00e8s-Metz\" alt=\"Fa\u00e7ade arbor\u00e9e de l&#039;EHPAD Le Home de Pr\u00e9ville \u00e0 Moulins-L\u00e8s-Metz\" loading=\"lazy\" \/><\/a>\n\t\t\t\t\t<div class=\"uael-post__datebox \">\n\t\t\t\t<div class=\"uael-post__date-wrap\">\n\t\t\t\t\t\t\t\t\t\t<span class='uael-post__date-month'>Avr<\/span><span class='uael-post__date-day'>10<\/span>\t\t\t\t<\/div>\t\t\t\t\n\t\t\t<\/div>\n\t\t<\/div>\n\t\t\n\t\t\t\n\t\t\t<div class=\"uael-post__content-wrap uael-content-wrap-disabled\">\n\n\t\t\t\t\t<h3 class=\"uael-post__title\">\n\n\t\t\n\t\t\t\t\t\t<a href=\"https:\/\/www.gerontim.com\/fr\/realisations\/restructuration-extension-ehpad-160-lits\/\" target=\"_self\">\n\t\t\t\tRestructuration EHPAD Le Home de Pr\u00e9ville \u00e0 Moulins-L\u00e8s-Metz (57) \u2013 160 lits\t\t\t<\/a>\n\n\t\t\t\t<\/h3>\n\t\t\t\t\t<div class=\"uael-post__meta-data\">\n\t\t\t\t\t<\/div>\n\t\t\n\t\t<div class=\"uael-post__excerpt\">\n\t\t\tPour le projet de restructuration de cet EHPAD associatif, notamment d\u2019une partie construite en 1984 et devenue inadapt\u00e9e, Gerontim a notamment conseill\u00e9 au client une extension sur 3 niveaux pour cr\u00e9er un service autonome bien que connect\u00e9 aux autres services de l\u2019EHPAD qui, \u00e0 la fin de l\u2019op\u00e9ration, pr\u00e9voyait une ...\t\t<\/div>\n\n\t\t\t\t\t<\/div>\n\t\t\t\n\t\t<\/div>\n\t\t\n\n\t<\/div>\n\n<\/div>\n\n\n<div class=\"uael-post-wrapper   \">\n\t<div class=\"uael-post__bg-wrap uael-bg-wrap-disabled\">\n\n\t\t\t\t\t<a href=\"https:\/\/www.gerontim.com\/fr\/realisations\/restructuration-extension-ehpad-203-places\/\" target=\"_self\" class=\"uael-post__complete-box-overlay\" aria-label=\"Link Complete Box\"><\/a>\n\t\t\t\t\n\t\t<div class=\"uael-post__inner-wrap uael-inner-wrap-disabled\">\n\n\t\t\t\t<div class=\"uael-post__thumbnail \">\n\t\t\t\t\t\t<a target=\"_self\" href=\"https:\/\/www.gerontim.com\/fr\/realisations\/restructuration-extension-ehpad-203-places\/\" title=\"Restructuration EHPAD Le Patio \u00e0 &lt;span&gt;Roissy-en-Brie&lt;\/span&gt; (77) \u2013 203 places\"><img decoding=\"async\" src=\"https:\/\/www.gerontim.com\/wp-content\/uploads\/elementor\/thumbs\/ehpad-patio-facade-exterieure-q90jo21iuqyxftzm9yj3wkwhgnf7mra12xv8hdztlg.jpg\" title=\"Fa\u00e7ade color\u00e9e de l&rsquo;EHPAD Le Patio \u00e0 Roissy en Brie\" alt=\"Fa\u00e7ade color\u00e9e de l&#039;EHPAD Le Patio \u00e0 Roissy en Brie\" loading=\"lazy\" \/><\/a>\n\t\t\t\t\t<div class=\"uael-post__datebox \">\n\t\t\t\t<div class=\"uael-post__date-wrap\">\n\t\t\t\t\t\t\t\t\t\t<span class='uael-post__date-month'>Avr<\/span><span class='uael-post__date-day'>09<\/span>\t\t\t\t<\/div>\t\t\t\t\n\t\t\t<\/div>\n\t\t<\/div>\n\t\t\n\t\t\t\n\t\t\t<div class=\"uael-post__content-wrap uael-content-wrap-disabled\">\n\n\t\t\t\t\t<h3 class=\"uael-post__title\">\n\n\t\t\n\t\t\t\t\t\t<a href=\"https:\/\/www.gerontim.com\/fr\/realisations\/restructuration-extension-ehpad-203-places\/\" target=\"_self\">\n\t\t\t\tRestructuration EHPAD Le Patio \u00e0 <span>Roissy-en-Brie<\/span> (77) \u2013 203 places\t\t\t<\/a>\n\n\t\t\t\t<\/h3>\n\t\t\t\t\t<div class=\"uael-post__meta-data\">\n\t\t\t\t\t<\/div>\n\t\t\n\t\t<div class=\"uael-post__excerpt\">\n\t\t\tL\u2019assistance \u00e0 maitrise d\u2019ouvrage compl\u00e8te de Gerontim a notamment permis \u00e0 cet EHPAD associatif de construire 9 unit\u00e9s Alzheimer de 123 places au total, dont 1 Unit\u00e9 d\u2019H\u00e9bergement Renforc\u00e9e, s\u2019ajoutant aux 70 lits d\u2019h\u00e9bergement permanent traditionnel et aux 10 places d\u2019accueil de jour, le tout dans une d\u00e9marche de haute ...\t\t<\/div>\n\n\t\t\t\t\t<\/div>\n\t\t\t\n\t\t<\/div>\n\t\t\n\n\t<\/div>\n\n<\/div>\n\n\n<div class=\"uael-post-wrapper   \">\n\t<div class=\"uael-post__bg-wrap uael-bg-wrap-disabled\">\n\n\t\t\t\t\t<a href=\"https:\/\/www.gerontim.com\/fr\/realisations\/restructuration-residence-autonomie-69-places\/\" target=\"_self\" class=\"uael-post__complete-box-overlay\" aria-label=\"Link Complete Box\"><\/a>\n\t\t\t\t\n\t\t<div class=\"uael-post__inner-wrap uael-inner-wrap-disabled\">\n\n\t\t\t\t<div class=\"uael-post__thumbnail \">\n\t\t\t\t\t\t<a target=\"_self\" href=\"https:\/\/www.gerontim.com\/fr\/realisations\/restructuration-residence-autonomie-69-places\/\" title=\"Restructuration R\u00e9sidence Autonomie Notre-Dame \u00e0 Besan\u00e7on (25) \u2013 69 places\"><img decoding=\"async\" src=\"https:\/\/www.gerontim.com\/wp-content\/uploads\/elementor\/thumbs\/residence-autonomie-notre-dame-coin-nuit-q90lrdtwjs35uuklf0ps82lb9a55hjbn3rz20ob0yc.jpg\" title=\"Coin nuit d\u2019une chambre individuelle de la r\u00e9sidence autonomie Notre Dame \u00e0 Besan\u00e7on\" alt=\"Coin nuit d\u2019une chambre individuelle de la r\u00e9sidence autonomie Notre Dame \u00e0 Besan\u00e7on\" loading=\"lazy\" \/><\/a>\n\t\t\t\t\t<div class=\"uael-post__datebox \">\n\t\t\t\t<div class=\"uael-post__date-wrap\">\n\t\t\t\t\t\t\t\t\t\t<span class='uael-post__date-month'>Jan<\/span><span class='uael-post__date-day'>31<\/span>\t\t\t\t<\/div>\t\t\t\t\n\t\t\t<\/div>\n\t\t<\/div>\n\t\t\n\t\t\t\n\t\t\t<div class=\"uael-post__content-wrap uael-content-wrap-disabled\">\n\n\t\t\t\t\t<h3 class=\"uael-post__title\">\n\n\t\t\n\t\t\t\t\t\t<a href=\"https:\/\/www.gerontim.com\/fr\/realisations\/restructuration-residence-autonomie-69-places\/\" target=\"_self\">\n\t\t\t\tRestructuration R\u00e9sidence Autonomie Notre-Dame \u00e0 Besan\u00e7on (25) \u2013 69 places\t\t\t<\/a>\n\n\t\t\t\t<\/h3>\n\t\t\t\t\t<div class=\"uael-post__meta-data\">\n\t\t\t\t\t<\/div>\n\t\t\n\t\t<div class=\"uael-post__excerpt\">\n\t\t\tPour renforcer l\u2019attractivit\u00e9 aupr\u00e8s des personnes \u00e2g\u00e9es autonomes dans un contexte local concurrentiel, Gerontim a accompagn\u00e9 de A \u00e0 Z la restructuration globale de cette r\u00e9sidence autonomie de 69 places comprenant 60 places d\u2019h\u00e9bergement permanent en studio de 20 m\u00b2 et en T2 pour les couples, et 9 chambres d\u2019h\u00e9bergement ...\t\t<\/div>\n\n\t\t\t\t\t<\/div>\n\t\t\t\n\t\t<\/div>\n\t\t\n\n\t<\/div>\n\n<\/div>\n\t\t\t\t<\/div>\n\t\t\t\t\t\t\n\t\t<\/div>\n\n\t\t\t\t\t\t<\/div>\n\t\t<div class=\"uael-post__footer\">\n\t\t\t\t\t<\/div>\n\t\t\t\t\t\t<\/div>\n\t\t\t\t<\/div>\n\t\t\t\t\t<\/div>\n\t\t<\/div>\n\t\t\t\t\t<\/div>\n\t\t<\/aside>\n\t\t\t\t<\/div>\n\t\t","protected":false},"excerpt":{"rendered":"<p>Une nouvelle instruction publi\u00e9e le 9 juillet 2025 vient d\u00e9finir les modalit\u00e9s du Plan d\u2019aide \u00e0 l\u2019investissement (PAI) pour les \u00e9tablissements et services m\u00e9dico-sociaux accueillant des personnes \u00e2g\u00e9es. Ce nouveau plan d\u2019aide \u00e0 l\u2019investissement mobilise 83 millions d\u2019euros pour la p\u00e9riode 2025-2027.<\/p>\n","protected":false},"author":11,"featured_media":12249,"comment_status":"closed","ping_status":"closed","sticky":false,"template":"","format":"standard","meta":{"site-sidebar-layout":"default","site-content-layout":"","ast-site-content-layout":"default","site-content-style":"default","site-sidebar-style":"default","ast-global-header-display":"","ast-banner-title-visibility":"","ast-main-header-display":"","ast-hfb-above-header-display":"","ast-hfb-below-header-display":"","ast-hfb-mobile-header-display":"","site-post-title":"","ast-breadcrumbs-content":"","ast-featured-img":"","footer-sml-layout":"","ast-disable-related-posts":"","theme-transparent-header-meta":"","adv-header-id-meta":"","stick-header-meta":"","header-above-stick-meta":"","header-main-stick-meta":"","header-below-stick-meta":"","astra-migrate-meta-layouts":"set","ast-page-background-enabled":"default","ast-page-background-meta":{"desktop":{"background-color":"","background-image":"","background-repeat":"repeat","background-position":"center center","background-size":"auto","background-attachment":"scroll","background-type":"","background-media":"","overlay-type":"","overlay-color":"","overlay-opacity":"","overlay-gradient":""},"tablet":{"background-color":"","background-image":"","background-repeat":"repeat","background-position":"center center","background-size":"auto","background-attachment":"scroll","background-type":"","background-media":"","overlay-type":"","overlay-color":"","overlay-opacity":"","overlay-gradient":""},"mobile":{"background-color":"","background-image":"","background-repeat":"repeat","background-position":"center center","background-size":"auto","background-attachment":"scroll","background-type":"","background-media":"","overlay-type":"","overlay-color":"","overlay-opacity":"","overlay-gradient":""}},"ast-content-background-meta":{"desktop":{"background-color":"var(--ast-global-color-5)","background-image":"","background-repeat":"repeat","background-position":"center center","background-size":"auto","background-attachment":"scroll","background-type":"","background-media":"","overlay-type":"","overlay-color":"","overlay-opacity":"","overlay-gradient":""},"tablet":{"background-color":"var(--ast-global-color-5)","background-image":"","background-repeat":"repeat","background-position":"center center","background-size":"auto","background-attachment":"scroll","background-type":"","background-media":"","overlay-type":"","overlay-color":"","overlay-opacity":"","overlay-gradient":""},"mobile":{"background-color":"var(--ast-global-color-5)","background-image":"","background-repeat":"repeat","background-position":"center center","background-size":"auto","background-attachment":"scroll","background-type":"","background-media":"","overlay-type":"","overlay-color":"","overlay-opacity":"","overlay-gradient":""}},"footnotes":""},"categories":[23,78],"tags":[99,43,98,39],"class_list":["post-12230","post","type-post","status-publish","format-standard","has-post-thumbnail","hentry","category-actus","category-gerontologie","tag-architecte","tag-ars","tag-construction","tag-ehpad"],"yoast_head":"<!-- This site is optimized with the Yoast SEO plugin v27.4 - https:\/\/yoast.com\/product\/yoast-seo-wordpress\/ -->\n<title>plan d\u2019aide \u00e0 l\u2019investissement 2025 : quelles sont les modalit\u00e9s ?<\/title>\n<meta name=\"description\" content=\"Une nouvelle instruction vient d\u00e9finir les modalit\u00e9s du Plan d\u2019aide \u00e0 l\u2019investissement (PAI) 2025. D\u00e9couvrez-en les points principaux.\" \/>\n<meta name=\"robots\" content=\"index, follow, max-snippet:-1, max-image-preview:large, max-video-preview:-1\" \/>\n<link rel=\"canonical\" href=\"https:\/\/www.gerontim.com\/fr\/articles\/actus\/plan-aide-investissement-2025\/\" \/>\n<meta property=\"og:locale\" content=\"fr_FR\" \/>\n<meta property=\"og:type\" content=\"article\" \/>\n<meta property=\"og:title\" content=\"plan d\u2019aide \u00e0 l\u2019investissement 2025 : quelles sont les modalit\u00e9s ?\" \/>\n<meta property=\"og:description\" content=\"Une nouvelle instruction vient d\u00e9finir les modalit\u00e9s du Plan d\u2019aide \u00e0 l\u2019investissement (PAI) 2025. D\u00e9couvrez-en les points principaux.\" \/>\n<meta property=\"og:url\" content=\"https:\/\/www.gerontim.com\/fr\/articles\/actus\/plan-aide-investissement-2025\/\" \/>\n<meta property=\"og:site_name\" content=\"Gerontim\" \/>\n<meta property=\"article:published_time\" content=\"2025-07-18T11:55:39+00:00\" \/>\n<meta property=\"article:modified_time\" content=\"2025-10-27T10:57:16+00:00\" \/>\n<meta property=\"og:image\" content=\"https:\/\/www.gerontim.com\/wp-content\/uploads\/2025\/07\/plan-aide-investissement-2025-2.jpg\" \/>\n\t<meta property=\"og:image:width\" content=\"1920\" \/>\n\t<meta property=\"og:image:height\" content=\"1281\" \/>\n\t<meta property=\"og:image:type\" content=\"image\/jpeg\" \/>\n<meta name=\"author\" content=\"Romane\" \/>\n<meta name=\"twitter:card\" content=\"summary_large_image\" \/>\n<meta name=\"twitter:creator\" content=\"@Gerontim\" \/>\n<meta name=\"twitter:site\" content=\"@Gerontim\" \/>\n<meta name=\"twitter:label1\" content=\"\u00c9crit par\" \/>\n\t<meta name=\"twitter:data1\" content=\"Romane\" \/>\n\t<meta name=\"twitter:label2\" content=\"Dur\u00e9e de lecture estim\u00e9e\" \/>\n\t<meta name=\"twitter:data2\" content=\"14 minutes\" \/>\n<script type=\"application\/ld+json\" class=\"yoast-schema-graph\">{\"@context\":\"https:\\\/\\\/schema.org\",\"@graph\":[{\"@type\":\"Article\",\"@id\":\"https:\\\/\\\/www.gerontim.com\\\/fr\\\/articles\\\/actus\\\/plan-aide-investissement-2025\\\/#article\",\"isPartOf\":{\"@id\":\"https:\\\/\\\/www.gerontim.com\\\/fr\\\/articles\\\/actus\\\/plan-aide-investissement-2025\\\/\"},\"author\":{\"name\":\"Romane\",\"@id\":\"https:\\\/\\\/www.gerontim.com\\\/fr\\\/#\\\/schema\\\/person\\\/6eafd9f7cebdfc20b8bae27deb6d6b6a\"},\"headline\":\"Plan d\u2019Aide \u00e0 l\u2019Investissement 2025 : quelles sont les modalit\u00e9s\u00a0?\",\"datePublished\":\"2025-07-18T11:55:39+00:00\",\"dateModified\":\"2025-10-27T10:57:16+00:00\",\"mainEntityOfPage\":{\"@id\":\"https:\\\/\\\/www.gerontim.com\\\/fr\\\/articles\\\/actus\\\/plan-aide-investissement-2025\\\/\"},\"wordCount\":1044,\"publisher\":{\"@id\":\"https:\\\/\\\/www.gerontim.com\\\/fr\\\/#organization\"},\"image\":{\"@id\":\"https:\\\/\\\/www.gerontim.com\\\/fr\\\/articles\\\/actus\\\/plan-aide-investissement-2025\\\/#primaryimage\"},\"thumbnailUrl\":\"https:\\\/\\\/www.gerontim.com\\\/wp-content\\\/uploads\\\/2025\\\/07\\\/plan-aide-investissement-2025-2.jpg\",\"keywords\":[\"Architecte\",\"ARS\",\"Construction\",\"EHPAD\"],\"articleSection\":[\"Actualit\u00e9s\",\"G\u00e9rontologie\"],\"inLanguage\":\"fr-FR\"},{\"@type\":\"WebPage\",\"@id\":\"https:\\\/\\\/www.gerontim.com\\\/fr\\\/articles\\\/actus\\\/plan-aide-investissement-2025\\\/\",\"url\":\"https:\\\/\\\/www.gerontim.com\\\/fr\\\/articles\\\/actus\\\/plan-aide-investissement-2025\\\/\",\"name\":\"plan d\u2019aide \u00e0 l\u2019investissement 2025 : quelles sont les modalit\u00e9s ?\",\"isPartOf\":{\"@id\":\"https:\\\/\\\/www.gerontim.com\\\/fr\\\/#website\"},\"primaryImageOfPage\":{\"@id\":\"https:\\\/\\\/www.gerontim.com\\\/fr\\\/articles\\\/actus\\\/plan-aide-investissement-2025\\\/#primaryimage\"},\"image\":{\"@id\":\"https:\\\/\\\/www.gerontim.com\\\/fr\\\/articles\\\/actus\\\/plan-aide-investissement-2025\\\/#primaryimage\"},\"thumbnailUrl\":\"https:\\\/\\\/www.gerontim.com\\\/wp-content\\\/uploads\\\/2025\\\/07\\\/plan-aide-investissement-2025-2.jpg\",\"datePublished\":\"2025-07-18T11:55:39+00:00\",\"dateModified\":\"2025-10-27T10:57:16+00:00\",\"description\":\"Une nouvelle instruction vient d\u00e9finir les modalit\u00e9s du Plan d\u2019aide \u00e0 l\u2019investissement (PAI) 2025. D\u00e9couvrez-en les points principaux.\",\"breadcrumb\":{\"@id\":\"https:\\\/\\\/www.gerontim.com\\\/fr\\\/articles\\\/actus\\\/plan-aide-investissement-2025\\\/#breadcrumb\"},\"inLanguage\":\"fr-FR\",\"potentialAction\":[{\"@type\":\"ReadAction\",\"target\":[\"https:\\\/\\\/www.gerontim.com\\\/fr\\\/articles\\\/actus\\\/plan-aide-investissement-2025\\\/\"]}]},{\"@type\":\"ImageObject\",\"inLanguage\":\"fr-FR\",\"@id\":\"https:\\\/\\\/www.gerontim.com\\\/fr\\\/articles\\\/actus\\\/plan-aide-investissement-2025\\\/#primaryimage\",\"url\":\"https:\\\/\\\/www.gerontim.com\\\/wp-content\\\/uploads\\\/2025\\\/07\\\/plan-aide-investissement-2025-2.jpg\",\"contentUrl\":\"https:\\\/\\\/www.gerontim.com\\\/wp-content\\\/uploads\\\/2025\\\/07\\\/plan-aide-investissement-2025-2.jpg\",\"width\":1920,\"height\":1281,\"caption\":\"Plan d'aide \u00e0 l'investissement 2025\"},{\"@type\":\"BreadcrumbList\",\"@id\":\"https:\\\/\\\/www.gerontim.com\\\/fr\\\/articles\\\/actus\\\/plan-aide-investissement-2025\\\/#breadcrumb\",\"itemListElement\":[{\"@type\":\"ListItem\",\"position\":1,\"name\":\"Accueil\",\"item\":\"https:\\\/\\\/www.gerontim.com\\\/fr\\\/\"},{\"@type\":\"ListItem\",\"position\":2,\"name\":\"Actualit\u00e9s\",\"item\":\"https:\\\/\\\/www.gerontim.com\\\/fr\\\/articles\\\/actus\\\/\"},{\"@type\":\"ListItem\",\"position\":3,\"name\":\"Plan d\u2019Aide \u00e0 l\u2019Investissement 2025 : quelles sont les modalit\u00e9s\u00a0?\"}]},{\"@type\":\"WebSite\",\"@id\":\"https:\\\/\\\/www.gerontim.com\\\/fr\\\/#website\",\"url\":\"https:\\\/\\\/www.gerontim.com\\\/fr\\\/\",\"name\":\"Gerontim\",\"description\":\"L&#039;expertise g\u00e9rontologique\",\"publisher\":{\"@id\":\"https:\\\/\\\/www.gerontim.com\\\/fr\\\/#organization\"},\"potentialAction\":[{\"@type\":\"SearchAction\",\"target\":{\"@type\":\"EntryPoint\",\"urlTemplate\":\"https:\\\/\\\/www.gerontim.com\\\/fr\\\/?s={search_term_string}\"},\"query-input\":{\"@type\":\"PropertyValueSpecification\",\"valueRequired\":true,\"valueName\":\"search_term_string\"}}],\"inLanguage\":\"fr-FR\"},{\"@type\":\"Organization\",\"@id\":\"https:\\\/\\\/www.gerontim.com\\\/fr\\\/#organization\",\"name\":\"Gerontim\",\"url\":\"https:\\\/\\\/www.gerontim.com\\\/fr\\\/\",\"logo\":{\"@type\":\"ImageObject\",\"inLanguage\":\"fr-FR\",\"@id\":\"https:\\\/\\\/www.gerontim.com\\\/fr\\\/#\\\/schema\\\/logo\\\/image\\\/\",\"url\":\"https:\\\/\\\/www.gerontim.com\\\/wp-content\\\/uploads\\\/2019\\\/12\\\/gerontim-logo-sm.png\",\"contentUrl\":\"https:\\\/\\\/www.gerontim.com\\\/wp-content\\\/uploads\\\/2019\\\/12\\\/gerontim-logo-sm.png\",\"width\":140,\"height\":67,\"caption\":\"Gerontim\"},\"image\":{\"@id\":\"https:\\\/\\\/www.gerontim.com\\\/fr\\\/#\\\/schema\\\/logo\\\/image\\\/\"},\"sameAs\":[\"https:\\\/\\\/x.com\\\/Gerontim\",\"https:\\\/\\\/www.linkedin.com\\\/company\\\/gerontim-cabinet-conseil-gerontologie\\\/\"]},{\"@type\":\"Person\",\"@id\":\"https:\\\/\\\/www.gerontim.com\\\/fr\\\/#\\\/schema\\\/person\\\/6eafd9f7cebdfc20b8bae27deb6d6b6a\",\"name\":\"Romane\",\"image\":{\"@type\":\"ImageObject\",\"inLanguage\":\"fr-FR\",\"@id\":\"https:\\\/\\\/secure.gravatar.com\\\/avatar\\\/8ac9200bb3775e3bd3a2f5a85845cfe2716653a29f32bb716d545ada308c9211?s=96&d=mm&r=g\",\"url\":\"https:\\\/\\\/secure.gravatar.com\\\/avatar\\\/8ac9200bb3775e3bd3a2f5a85845cfe2716653a29f32bb716d545ada308c9211?s=96&d=mm&r=g\",\"contentUrl\":\"https:\\\/\\\/secure.gravatar.com\\\/avatar\\\/8ac9200bb3775e3bd3a2f5a85845cfe2716653a29f32bb716d545ada308c9211?s=96&d=mm&r=g\",\"caption\":\"Romane\"}}]}<\/script>\n<!-- \/ Yoast SEO plugin. -->","yoast_head_json":{"title":"plan d\u2019aide \u00e0 l\u2019investissement 2025 : quelles sont les modalit\u00e9s ?","description":"Une nouvelle instruction vient d\u00e9finir les modalit\u00e9s du Plan d\u2019aide \u00e0 l\u2019investissement (PAI) 2025. D\u00e9couvrez-en les points principaux.","robots":{"index":"index","follow":"follow","max-snippet":"max-snippet:-1","max-image-preview":"max-image-preview:large","max-video-preview":"max-video-preview:-1"},"canonical":"https:\/\/www.gerontim.com\/fr\/articles\/actus\/plan-aide-investissement-2025\/","og_locale":"fr_FR","og_type":"article","og_title":"plan d\u2019aide \u00e0 l\u2019investissement 2025 : quelles sont les modalit\u00e9s ?","og_description":"Une nouvelle instruction vient d\u00e9finir les modalit\u00e9s du Plan d\u2019aide \u00e0 l\u2019investissement (PAI) 2025. D\u00e9couvrez-en les points principaux.","og_url":"https:\/\/www.gerontim.com\/fr\/articles\/actus\/plan-aide-investissement-2025\/","og_site_name":"Gerontim","article_published_time":"2025-07-18T11:55:39+00:00","article_modified_time":"2025-10-27T10:57:16+00:00","og_image":[{"width":1920,"height":1281,"url":"https:\/\/www.gerontim.com\/wp-content\/uploads\/2025\/07\/plan-aide-investissement-2025-2.jpg","type":"image\/jpeg"}],"author":"Romane","twitter_card":"summary_large_image","twitter_creator":"@Gerontim","twitter_site":"@Gerontim","twitter_misc":{"\u00c9crit par":"Romane","Dur\u00e9e de lecture estim\u00e9e":"14 minutes"},"schema":{"@context":"https:\/\/schema.org","@graph":[{"@type":"Article","@id":"https:\/\/www.gerontim.com\/fr\/articles\/actus\/plan-aide-investissement-2025\/#article","isPartOf":{"@id":"https:\/\/www.gerontim.com\/fr\/articles\/actus\/plan-aide-investissement-2025\/"},"author":{"name":"Romane","@id":"https:\/\/www.gerontim.com\/fr\/#\/schema\/person\/6eafd9f7cebdfc20b8bae27deb6d6b6a"},"headline":"Plan d\u2019Aide \u00e0 l\u2019Investissement 2025 : quelles sont les modalit\u00e9s\u00a0?","datePublished":"2025-07-18T11:55:39+00:00","dateModified":"2025-10-27T10:57:16+00:00","mainEntityOfPage":{"@id":"https:\/\/www.gerontim.com\/fr\/articles\/actus\/plan-aide-investissement-2025\/"},"wordCount":1044,"publisher":{"@id":"https:\/\/www.gerontim.com\/fr\/#organization"},"image":{"@id":"https:\/\/www.gerontim.com\/fr\/articles\/actus\/plan-aide-investissement-2025\/#primaryimage"},"thumbnailUrl":"https:\/\/www.gerontim.com\/wp-content\/uploads\/2025\/07\/plan-aide-investissement-2025-2.jpg","keywords":["Architecte","ARS","Construction","EHPAD"],"articleSection":["Actualit\u00e9s","G\u00e9rontologie"],"inLanguage":"fr-FR"},{"@type":"WebPage","@id":"https:\/\/www.gerontim.com\/fr\/articles\/actus\/plan-aide-investissement-2025\/","url":"https:\/\/www.gerontim.com\/fr\/articles\/actus\/plan-aide-investissement-2025\/","name":"plan d\u2019aide \u00e0 l\u2019investissement 2025 : quelles sont les modalit\u00e9s ?","isPartOf":{"@id":"https:\/\/www.gerontim.com\/fr\/#website"},"primaryImageOfPage":{"@id":"https:\/\/www.gerontim.com\/fr\/articles\/actus\/plan-aide-investissement-2025\/#primaryimage"},"image":{"@id":"https:\/\/www.gerontim.com\/fr\/articles\/actus\/plan-aide-investissement-2025\/#primaryimage"},"thumbnailUrl":"https:\/\/www.gerontim.com\/wp-content\/uploads\/2025\/07\/plan-aide-investissement-2025-2.jpg","datePublished":"2025-07-18T11:55:39+00:00","dateModified":"2025-10-27T10:57:16+00:00","description":"Une nouvelle instruction vient d\u00e9finir les modalit\u00e9s du Plan d\u2019aide \u00e0 l\u2019investissement (PAI) 2025. D\u00e9couvrez-en les points principaux.","breadcrumb":{"@id":"https:\/\/www.gerontim.com\/fr\/articles\/actus\/plan-aide-investissement-2025\/#breadcrumb"},"inLanguage":"fr-FR","potentialAction":[{"@type":"ReadAction","target":["https:\/\/www.gerontim.com\/fr\/articles\/actus\/plan-aide-investissement-2025\/"]}]},{"@type":"ImageObject","inLanguage":"fr-FR","@id":"https:\/\/www.gerontim.com\/fr\/articles\/actus\/plan-aide-investissement-2025\/#primaryimage","url":"https:\/\/www.gerontim.com\/wp-content\/uploads\/2025\/07\/plan-aide-investissement-2025-2.jpg","contentUrl":"https:\/\/www.gerontim.com\/wp-content\/uploads\/2025\/07\/plan-aide-investissement-2025-2.jpg","width":1920,"height":1281,"caption":"Plan d'aide \u00e0 l'investissement 2025"},{"@type":"BreadcrumbList","@id":"https:\/\/www.gerontim.com\/fr\/articles\/actus\/plan-aide-investissement-2025\/#breadcrumb","itemListElement":[{"@type":"ListItem","position":1,"name":"Accueil","item":"https:\/\/www.gerontim.com\/fr\/"},{"@type":"ListItem","position":2,"name":"Actualit\u00e9s","item":"https:\/\/www.gerontim.com\/fr\/articles\/actus\/"},{"@type":"ListItem","position":3,"name":"Plan d\u2019Aide \u00e0 l\u2019Investissement 2025 : quelles sont les modalit\u00e9s\u00a0?"}]},{"@type":"WebSite","@id":"https:\/\/www.gerontim.com\/fr\/#website","url":"https:\/\/www.gerontim.com\/fr\/","name":"Gerontim","description":"L&#039;expertise g\u00e9rontologique","publisher":{"@id":"https:\/\/www.gerontim.com\/fr\/#organization"},"potentialAction":[{"@type":"SearchAction","target":{"@type":"EntryPoint","urlTemplate":"https:\/\/www.gerontim.com\/fr\/?s={search_term_string}"},"query-input":{"@type":"PropertyValueSpecification","valueRequired":true,"valueName":"search_term_string"}}],"inLanguage":"fr-FR"},{"@type":"Organization","@id":"https:\/\/www.gerontim.com\/fr\/#organization","name":"Gerontim","url":"https:\/\/www.gerontim.com\/fr\/","logo":{"@type":"ImageObject","inLanguage":"fr-FR","@id":"https:\/\/www.gerontim.com\/fr\/#\/schema\/logo\/image\/","url":"https:\/\/www.gerontim.com\/wp-content\/uploads\/2019\/12\/gerontim-logo-sm.png","contentUrl":"https:\/\/www.gerontim.com\/wp-content\/uploads\/2019\/12\/gerontim-logo-sm.png","width":140,"height":67,"caption":"Gerontim"},"image":{"@id":"https:\/\/www.gerontim.com\/fr\/#\/schema\/logo\/image\/"},"sameAs":["https:\/\/x.com\/Gerontim","https:\/\/www.linkedin.com\/company\/gerontim-cabinet-conseil-gerontologie\/"]},{"@type":"Person","@id":"https:\/\/www.gerontim.com\/fr\/#\/schema\/person\/6eafd9f7cebdfc20b8bae27deb6d6b6a","name":"Romane","image":{"@type":"ImageObject","inLanguage":"fr-FR","@id":"https:\/\/secure.gravatar.com\/avatar\/8ac9200bb3775e3bd3a2f5a85845cfe2716653a29f32bb716d545ada308c9211?s=96&d=mm&r=g","url":"https:\/\/secure.gravatar.com\/avatar\/8ac9200bb3775e3bd3a2f5a85845cfe2716653a29f32bb716d545ada308c9211?s=96&d=mm&r=g","contentUrl":"https:\/\/secure.gravatar.com\/avatar\/8ac9200bb3775e3bd3a2f5a85845cfe2716653a29f32bb716d545ada308c9211?s=96&d=mm&r=g","caption":"Romane"}}]}},"_links":{"self":[{"href":"https:\/\/www.gerontim.com\/fr\/wp-json\/wp\/v2\/posts\/12230","targetHints":{"allow":["GET"]}}],"collection":[{"href":"https:\/\/www.gerontim.com\/fr\/wp-json\/wp\/v2\/posts"}],"about":[{"href":"https:\/\/www.gerontim.com\/fr\/wp-json\/wp\/v2\/types\/post"}],"author":[{"embeddable":true,"href":"https:\/\/www.gerontim.com\/fr\/wp-json\/wp\/v2\/users\/11"}],"replies":[{"embeddable":true,"href":"https:\/\/www.gerontim.com\/fr\/wp-json\/wp\/v2\/comments?post=12230"}],"version-history":[{"count":21,"href":"https:\/\/www.gerontim.com\/fr\/wp-json\/wp\/v2\/posts\/12230\/revisions"}],"predecessor-version":[{"id":12611,"href":"https:\/\/www.gerontim.com\/fr\/wp-json\/wp\/v2\/posts\/12230\/revisions\/12611"}],"wp:featuredmedia":[{"embeddable":true,"href":"https:\/\/www.gerontim.com\/fr\/wp-json\/wp\/v2\/media\/12249"}],"wp:attachment":[{"href":"https:\/\/www.gerontim.com\/fr\/wp-json\/wp\/v2\/media?parent=12230"}],"wp:term":[{"taxonomy":"category","embeddable":true,"href":"https:\/\/www.gerontim.com\/fr\/wp-json\/wp\/v2\/categories?post=12230"},{"taxonomy":"post_tag","embeddable":true,"href":"https:\/\/www.gerontim.com\/fr\/wp-json\/wp\/v2\/tags?post=12230"}],"curies":[{"name":"wp","href":"https:\/\/api.w.org\/{rel}","templated":true}]}}