{"id":12078,"date":"2025-04-08T13:43:21","date_gmt":"2025-04-08T12:43:21","guid":{"rendered":"https:\/\/www.gerontim.com\/?p=12078"},"modified":"2026-04-13T08:30:24","modified_gmt":"2026-04-13T07:30:24","slug":"agora-grand-age-2025","status":"publish","type":"post","link":"https:\/\/www.gerontim.com\/fr\/articles\/actus\/agora-grand-age-2025\/","title":{"rendered":"Gerontim est partenaire de l&rsquo;Agora du Grand \u00c2ge 2025"},"content":{"rendered":"\t\t<div data-elementor-type=\"wp-post\" data-elementor-id=\"12078\" class=\"elementor elementor-12078\" data-elementor-post-type=\"post\">\n\t\t\t\t\t\t<section class=\"elementor-section elementor-top-section elementor-element elementor-element-b1e819e elementor-section-boxed elementor-section-height-default elementor-section-height-default\" data-id=\"b1e819e\" data-element_type=\"section\" data-e-type=\"section\">\n\t\t\t\t\t\t<div class=\"elementor-container elementor-column-gap-default\">\n\t\t\t\t\t<div class=\"elementor-column elementor-col-100 elementor-top-column elementor-element elementor-element-ab2878c\" data-id=\"ab2878c\" data-element_type=\"column\" data-e-type=\"column\">\n\t\t\t<div class=\"elementor-widget-wrap elementor-element-populated\">\n\t\t\t\t\t\t<div class=\"elementor-element elementor-element-b024c5d elementor-widget elementor-widget-post-info\" data-id=\"b024c5d\" data-element_type=\"widget\" data-e-type=\"widget\" data-widget_type=\"post-info.default\">\n\t\t\t\t<div class=\"elementor-widget-container\">\n\t\t\t\t\t\t\t<ul class=\"elementor-inline-items elementor-icon-list-items elementor-post-info\">\n\t\t\t\t\t\t\t\t<li class=\"elementor-icon-list-item elementor-repeater-item-d0f3940 elementor-inline-item\" itemprop=\"datePublished\">\n\t\t\t\t\t\t\t\t\t\t<span class=\"elementor-icon-list-icon\">\n\t\t\t\t\t\t\t\t<i aria-hidden=\"true\" class=\"fas fa-calendar\"><\/i>\t\t\t\t\t\t\t<\/span>\n\t\t\t\t\t\t\t\t\t<span class=\"elementor-icon-list-text elementor-post-info__item elementor-post-info__item--type-date\">\n\t\t\t\t\t\t\t<span class=\"elementor-post-info__item-prefix\">Publi\u00e9 le<\/span>\n\t\t\t\t\t\t\t\t\t\t<time>8 avril 2025<\/time>\t\t\t\t\t<\/span>\n\t\t\t\t\t\t\t\t<\/li>\n\t\t\t\t<\/ul>\n\t\t\t\t\t\t<\/div>\n\t\t\t\t<\/div>\n\t\t\t\t\t<\/div>\n\t\t<\/div>\n\t\t\t\t\t<\/div>\n\t\t<\/section>\n\t\t\t\t<section class=\"elementor-section elementor-top-section elementor-element elementor-element-5bff6ea elementor-section-stretched elementor-section-content-middle elementor-section-boxed elementor-section-height-default elementor-section-height-default\" data-id=\"5bff6ea\" data-element_type=\"section\" data-e-type=\"section\" data-settings=\"{&quot;stretch_section&quot;:&quot;section-stretched&quot;,&quot;background_background&quot;:&quot;classic&quot;}\">\n\t\t\t\t\t\t<div class=\"elementor-container elementor-column-gap-wider\">\n\t\t\t\t\t<div class=\"elementor-column elementor-col-33 elementor-top-column elementor-element elementor-element-5c7a0cb\" data-id=\"5c7a0cb\" data-element_type=\"column\" data-e-type=\"column\">\n\t\t\t<div class=\"elementor-widget-wrap elementor-element-populated\">\n\t\t\t\t\t\t<div class=\"elementor-element elementor-element-6f53765 img-legende elementor-widget elementor-widget-image\" data-id=\"6f53765\" data-element_type=\"widget\" data-e-type=\"widget\" data-widget_type=\"image.default\">\n\t\t\t\t<div class=\"elementor-widget-container\">\n\t\t\t\t\t\t\t\t\t\t\t\t<figure class=\"wp-caption\">\n\t\t\t\t\t\t\t\t\t\t<img fetchpriority=\"high\" decoding=\"async\" width=\"300\" height=\"184\" src=\"https:\/\/www.gerontim.com\/wp-content\/uploads\/2025\/04\/agora-du-grand-age-2025-1920x1180-1-300x184.jpg\" class=\"attachment-medium size-medium wp-image-12080\" alt=\"Banni\u00e8re Agora du Grand \u00c2ge 2025\" srcset=\"https:\/\/www.gerontim.com\/wp-content\/uploads\/2025\/04\/agora-du-grand-age-2025-1920x1180-1-300x184.jpg 300w, https:\/\/www.gerontim.com\/wp-content\/uploads\/2025\/04\/agora-du-grand-age-2025-1920x1180-1-1024x629.jpg 1024w, https:\/\/www.gerontim.com\/wp-content\/uploads\/2025\/04\/agora-du-grand-age-2025-1920x1180-1-768x472.jpg 768w, https:\/\/www.gerontim.com\/wp-content\/uploads\/2025\/04\/agora-du-grand-age-2025-1920x1180-1-1536x944.jpg 1536w, https:\/\/www.gerontim.com\/wp-content\/uploads\/2025\/04\/agora-du-grand-age-2025-1920x1180-1.jpg 1920w\" sizes=\"(max-width: 300px) 100vw, 300px\" \/>\t\t\t\t\t\t\t\t\t\t\t<figcaption class=\"widget-image-caption wp-caption-text\"><\/figcaption>\n\t\t\t\t\t\t\t\t\t\t<\/figure>\n\t\t\t\t\t\t\t\t\t<\/div>\n\t\t\t\t<\/div>\n\t\t\t\t\t<\/div>\n\t\t<\/div>\n\t\t\t\t<div class=\"elementor-column elementor-col-66 elementor-top-column elementor-element elementor-element-7b02fa6\" data-id=\"7b02fa6\" data-element_type=\"column\" data-e-type=\"column\">\n\t\t\t<div class=\"elementor-widget-wrap elementor-element-populated\">\n\t\t\t\t\t\t<div class=\"elementor-element elementor-element-038c760 elementor-widget__width-initial elementor-widget elementor-widget-text-editor\" data-id=\"038c760\" data-element_type=\"widget\" data-e-type=\"widget\" data-widget_type=\"text-editor.default\">\n\t\t\t\t<div class=\"elementor-widget-container\">\n\t\t\t\t\t\t\t\t\t<p>Le cabinet Gerontim est <strong>partenaire de l&rsquo;Agora du Grand \u00c2ge qui se d\u00e9roule les 18, 19 et 20 juin 2025<\/strong> au cin\u00e9ma CGR Les Cordeliers \u00e0 Albi. Nous vous donnons rendez-vous sur notre stand pour rencontrer nos experts et \u00e9changer sur vos besoins d&rsquo;accompagnement !<\/p>\t\t\t\t\t\t\t\t<\/div>\n\t\t\t\t<\/div>\n\t\t\t\t\t<\/div>\n\t\t<\/div>\n\t\t\t\t\t<\/div>\n\t\t<\/section>\n\t\t\t\t<section class=\"elementor-section elementor-top-section elementor-element elementor-element-baf7bc4 elementor-section-stretched actu-texte elementor-section-boxed elementor-section-height-default elementor-section-height-default\" data-id=\"baf7bc4\" data-element_type=\"section\" data-e-type=\"section\" data-settings=\"{&quot;stretch_section&quot;:&quot;section-stretched&quot;}\">\n\t\t\t\t\t\t<div class=\"elementor-container elementor-column-gap-default\">\n\t\t\t\t\t<div class=\"elementor-column elementor-col-100 elementor-top-column elementor-element elementor-element-c916c31\" data-id=\"c916c31\" data-element_type=\"column\" data-e-type=\"column\">\n\t\t\t<div class=\"elementor-widget-wrap elementor-element-populated\">\n\t\t\t\t\t\t<div class=\"elementor-element elementor-element-d731eb5 elementor-widget elementor-widget-heading\" data-id=\"d731eb5\" data-element_type=\"widget\" data-e-type=\"widget\" data-widget_type=\"heading.default\">\n\t\t\t\t<div class=\"elementor-widget-container\">\n\t\t\t\t\t<h2 class=\"elementor-heading-title elementor-size-default\">L'Agora du Grand \u00c2ge : le nouvel \u00e9v\u00e8nement des D\u00e9cideurs<\/h2>\t\t\t\t<\/div>\n\t\t\t\t<\/div>\n\t\t\t\t<div class=\"elementor-element elementor-element-d920e75 elementor-widget elementor-widget-text-editor\" data-id=\"d920e75\" data-element_type=\"widget\" data-e-type=\"widget\" data-widget_type=\"text-editor.default\">\n\t\t\t\t<div class=\"elementor-widget-container\">\n\t\t\t\t\t\t\t\t\t<p>L&rsquo;<strong>Agora du Grand \u00c2ge<\/strong> c&rsquo;est le nouveau rendez-vous des dirigeants du Grand \u00c2ge cr\u00e9\u00e9 par la <a rel=\"noreferrer noopener\" href=\"https:\/\/fnaqpa.fr\/fr\/evenements\/3087-l-agora-du-grand-age-2025-par-la-fnaqpa-et-l-ad-pa\" target=\"_blank\" rel=\"noopener\">FNAQPA<\/a> et l&rsquo;<a rel=\"noreferrer noopener\" href=\"https:\/\/ad-pa.fr\/communique-2024-11-28-lagora-du-grand-age-le-rendez-vous-des-decideurs-a-albi-du-18-au-20-juin-2025\" target=\"_blank\" rel=\"noopener\">AD-PA<\/a><strong>.\u00a0<\/strong>Un <strong>\u00e9v\u00e9nement citoyen, participatif et national<\/strong>, qui vise \u00e0 placer les pr\u00e9sidents, directeurs g\u00e9n\u00e9raux et directeurs en <strong>v\u00e9ritables D\u00e9cideurs<\/strong>.<\/p><p><span class=\"break-words tvm-parent-container\"><span dir=\"ltr\">D\u00e9bats citoyens, retours d&rsquo;exp\u00e9rience, r\u00e9flexions \u00e9thiques, innovations sociales&#8230; chaque participant sera acteur d\u2019une transformation profonde dans lieu privil\u00e9gi\u00e9 de rencontres et d&rsquo;ouverture o\u00f9 l\u2019on place <strong>la voix des personnes \u00e2g\u00e9es<\/strong> au centre du d\u00e9bat.<\/span><\/span><\/p><p><span class=\"break-words tvm-parent-container\"><span dir=\"ltr\">Au programme :\u00a0<\/span><\/span><\/p><ul><li>Visite d&rsquo;\u00e9tablissements r\u00e9gionaux,<\/li><li>L&rsquo;Agora du futur : de la d\u00e9mocratie antique \u00e0 l\u2019\u00e9mancipation du grand \u00e2ge,<\/li><li>Grand oral : les politiques \u00e0 l&rsquo;\u00e9preuve des actes,<\/li><li>Alzheimer autrement : se r\u00e9inventer, pas se red\u00e9finir,<\/li><li>S\u00e9quence respiration : pour marquer une pause au c\u0153ur de l&rsquo;Agora,<\/li><li>D\u00e9cider pour changer : l&rsquo;audace d&rsquo;agir,<\/li><li>S\u00e9quence \u00ab\u00a0pas de c\u00f4t\u00e9\u00a0\u00bb sur l&rsquo;IA.<\/li><\/ul>\t\t\t\t\t\t\t\t<\/div>\n\t\t\t\t<\/div>\n\t\t\t\t\t<\/div>\n\t\t<\/div>\n\t\t\t\t\t<\/div>\n\t\t<\/section>\n\t\t\t\t<section class=\"elementor-section elementor-top-section elementor-element elementor-element-ebab0fc elementor-section-boxed elementor-section-height-default elementor-section-height-default\" data-id=\"ebab0fc\" data-element_type=\"section\" data-e-type=\"section\">\n\t\t\t\t\t\t<div class=\"elementor-container elementor-column-gap-default\">\n\t\t\t\t\t<div class=\"elementor-column elementor-col-100 elementor-top-column elementor-element elementor-element-45ae63e\" data-id=\"45ae63e\" data-element_type=\"column\" data-e-type=\"column\">\n\t\t\t<div class=\"elementor-widget-wrap elementor-element-populated\">\n\t\t\t\t\t\t<div class=\"elementor-element elementor-element-f1d9f65 elementor-widget elementor-widget-spacer\" data-id=\"f1d9f65\" data-element_type=\"widget\" data-e-type=\"widget\" data-widget_type=\"spacer.default\">\n\t\t\t\t<div class=\"elementor-widget-container\">\n\t\t\t\t\t\t\t<div class=\"elementor-spacer\">\n\t\t\t<div class=\"elementor-spacer-inner\"><\/div>\n\t\t<\/div>\n\t\t\t\t\t\t<\/div>\n\t\t\t\t<\/div>\n\t\t\t\t<div class=\"elementor-element elementor-element-ed464fc elementor-widget elementor-widget-heading\" data-id=\"ed464fc\" data-element_type=\"widget\" data-e-type=\"widget\" data-widget_type=\"heading.default\">\n\t\t\t\t<div class=\"elementor-widget-container\">\n\t\t\t\t\t<h2 class=\"elementor-heading-title elementor-size-default\">L'expertise Gerontim \u00e0 votre \u00e9coute<\/h2>\t\t\t\t<\/div>\n\t\t\t\t<\/div>\n\t\t\t\t<div class=\"elementor-element elementor-element-283433a elementor-widget elementor-widget-text-editor\" data-id=\"283433a\" data-element_type=\"widget\" data-e-type=\"widget\" data-widget_type=\"text-editor.default\">\n\t\t\t\t<div class=\"elementor-widget-container\">\n\t\t\t\t\t\t\t\t\t<p>Gerontim, c&rsquo;est une \u00e9quipe d&rsquo;experts du Grand \u00c2ge qui vous accompagne dans toutes les dimensions de vos projets.<\/p><ul><li><a href=\"https:\/\/www.gerontim.com\/fr\/prestations\/\">Accompagnement<\/a> : Mettre \u00e0 votre service notre exp\u00e9rience et nos m\u00e9tiers pour la r\u00e9ussite de vos projets,<\/li><li>Qualit\u00e9 : <a href=\"https:\/\/www.gerontim.com\/fr\/articles\/experts\/ameliorer-demarche-qualite-en-ehpad\/\">Agir pour la qualit\u00e9 et la conduite du changement<\/a> dans vos \u00e9tablissements et services,<\/li><li><a href=\"https:\/\/www.gerontim.com\/fr\/prestations\/projets-architecturaux\/\">Architecture<\/a> : transformer votre \u00e9tablissement en un lieu de vie par une approche centr\u00e9e sur les attentes de ses habitants et des autres usagers.<\/li><\/ul><p>Vous souhaitez \u00e9changer sur vos projets avec nos experts ? Nous vous donnons rendez-vous \u00e0 l&rsquo;Agora du Grand \u00c2ge :<\/p><p><strong>Les 18, 19 et 20 juin 2025<\/strong><br \/><strong>Albi \u2013 Cin\u00e9ma CGR Les Cordeliers<\/strong><\/p>\t\t\t\t\t\t\t\t<\/div>\n\t\t\t\t<\/div>\n\t\t\t\t\t<\/div>\n\t\t<\/div>\n\t\t\t\t\t<\/div>\n\t\t<\/section>\n\t\t\t\t<section class=\"elementor-section elementor-top-section elementor-element elementor-element-9ad4da8 elementor-section-stretched elementor-section-full_width noprint elementor-section-height-default elementor-section-height-default\" data-id=\"9ad4da8\" data-element_type=\"section\" data-e-type=\"section\" id=\"cta-demarrer\" data-settings=\"{&quot;stretch_section&quot;:&quot;section-stretched&quot;}\">\n\t\t\t\t\t\t<div class=\"elementor-container elementor-column-gap-no\">\n\t\t\t\t\t<div class=\"elementor-column elementor-col-100 elementor-top-column elementor-element elementor-element-3b28be0\" data-id=\"3b28be0\" data-element_type=\"column\" data-e-type=\"column\">\n\t\t\t<div class=\"elementor-widget-wrap elementor-element-populated\">\n\t\t\t\t\t\t<div class=\"elementor-element elementor-element-e40d15f elementor-cta--skin-classic elementor-animated-content elementor-bg-transform elementor-bg-transform-zoom-in elementor-widget elementor-widget-call-to-action\" data-id=\"e40d15f\" data-element_type=\"widget\" data-e-type=\"widget\" data-widget_type=\"call-to-action.default\">\n\t\t\t\t<div class=\"elementor-widget-container\">\n\t\t\t\t\t\t\t<div class=\"elementor-cta\">\n\t\t\t\t\t\t\t<div class=\"elementor-cta__content\">\n\t\t\t\t\t\t\t\t\t<div class=\"elementor-content-item elementor-cta__content-item elementor-icon-wrapper elementor-cta__icon elementor-view-default\">\n\t\t\t\t\t\t<div class=\"elementor-icon\">\n\t\t\t\t\t\t\t<i aria-hidden=\"true\" class=\"fas fa-barcode\"><\/i>\t\t\t\t\t\t<\/div>\n\t\t\t\t\t<\/div>\n\t\t\t\t\n\t\t\t\t\t\t\t\t\t<h3 class=\"elementor-cta__title elementor-cta__content-item elementor-content-item\">\n\t\t\t\t\t\tToutes les infos sur l'Agora du Grand \u00c2ge 2025\t\t\t\t\t<\/h3>\n\t\t\t\t\n\t\t\t\t\t\t\t\t\t<div class=\"elementor-cta__description elementor-cta__content-item elementor-content-item\">\n\t\t\t\t\t\tInscrivez-vous sans plus attendre\t\t\t\t\t<\/div>\n\t\t\t\t\n\t\t\t\t\t\t\t\t\t<div class=\"elementor-cta__button-wrapper elementor-cta__content-item elementor-content-item \">\n\t\t\t\t\t<a class=\"elementor-cta__button elementor-button elementor-size-\" rel=\"noreferrer noopener\" href=\"https:\/\/fnaqpa.fr\/agora-du-grand-age\/\" target=\"_blank\">\n\t\t\t\t\t\tD\u00e9couvrez l'\u00e9v\u00e8nement\t\t\t\t\t<\/a>\n\t\t\t\t\t<\/div>\n\t\t\t\t\t\t\t<\/div>\n\t\t\t\t\t\t<\/div>\n\t\t\t\t\t\t<\/div>\n\t\t\t\t<\/div>\n\t\t\t\t\t<\/div>\n\t\t<\/div>\n\t\t\t\t\t<\/div>\n\t\t<\/section>\n\t\t\t\t<section class=\"elementor-section elementor-top-section elementor-element elementor-element-7a212c5 elementor-section-boxed elementor-section-height-default elementor-section-height-default\" data-id=\"7a212c5\" data-element_type=\"section\" data-e-type=\"section\">\n\t\t\t\t\t\t<div class=\"elementor-container elementor-column-gap-default\">\n\t\t\t\t\t<div class=\"elementor-column elementor-col-100 elementor-top-column elementor-element elementor-element-898e872\" data-id=\"898e872\" data-element_type=\"column\" data-e-type=\"column\">\n\t\t\t<div class=\"elementor-widget-wrap elementor-element-populated\">\n\t\t\t\t\t\t<div class=\"elementor-element elementor-element-ff25613 elementor-widget elementor-widget-global elementor-global-4226 elementor-widget-html\" data-id=\"ff25613\" data-element_type=\"widget\" data-e-type=\"widget\" data-widget_type=\"html.default\">\n\t\t\t\t<div class=\"elementor-widget-container\">\n\t\t\t\t\t\t\t\t\t<\/div>\n\t\t\t\t<\/div>\n\t\t\t\t\t<\/div>\n\t\t<\/div>\n\t\t\t\t\t<\/div>\n\t\t<\/section>\n\t\t\t\t<\/div>\n\t\t","protected":false},"excerpt":{"rendered":"<p>Le cabinet Gerontim est partenaire de l\u2019Agora du Grand \u00c2ge qui se d\u00e9roule les 18, 19 et 20 juin 2025 \u00e0 Albi. Nous vous donnons rendez-vous sur notre stand pour rencontrer nos experts et \u00e9changer sur vos besoins d\u2019accompagnement !<\/p>\n","protected":false},"author":11,"featured_media":12080,"comment_status":"closed","ping_status":"closed","sticky":false,"template":"","format":"standard","meta":{"site-sidebar-layout":"default","site-content-layout":"default","ast-site-content-layout":"default","site-content-style":"default","site-sidebar-style":"default","ast-global-header-display":"","ast-banner-title-visibility":"","ast-main-header-display":"","ast-hfb-above-header-display":"","ast-hfb-below-header-display":"","ast-hfb-mobile-header-display":"","site-post-title":"","ast-breadcrumbs-content":"","ast-featured-img":"","footer-sml-layout":"","ast-disable-related-posts":"","theme-transparent-header-meta":"default","adv-header-id-meta":"","stick-header-meta":"default","header-above-stick-meta":"","header-main-stick-meta":"","header-below-stick-meta":"","astra-migrate-meta-layouts":"set","ast-page-background-enabled":"default","ast-page-background-meta":{"desktop":{"background-color":"","background-image":"","background-repeat":"repeat","background-position":"center center","background-size":"auto","background-attachment":"scroll","background-type":"","background-media":"","overlay-type":"","overlay-color":"","overlay-opacity":"","overlay-gradient":""},"tablet":{"background-color":"","background-image":"","background-repeat":"repeat","background-position":"center center","background-size":"auto","background-attachment":"scroll","background-type":"","background-media":"","overlay-type":"","overlay-color":"","overlay-opacity":"","overlay-gradient":""},"mobile":{"background-color":"","background-image":"","background-repeat":"repeat","background-position":"center center","background-size":"auto","background-attachment":"scroll","background-type":"","background-media":"","overlay-type":"","overlay-color":"","overlay-opacity":"","overlay-gradient":""}},"ast-content-background-meta":{"desktop":{"background-color":"var(--ast-global-color-5)","background-image":"","background-repeat":"repeat","background-position":"center center","background-size":"auto","background-attachment":"scroll","background-type":"","background-media":"","overlay-type":"","overlay-color":"","overlay-opacity":"","overlay-gradient":""},"tablet":{"background-color":"var(--ast-global-color-5)","background-image":"","background-repeat":"repeat","background-position":"center center","background-size":"auto","background-attachment":"scroll","background-type":"","background-media":"","overlay-type":"","overlay-color":"","overlay-opacity":"","overlay-gradient":""},"mobile":{"background-color":"var(--ast-global-color-5)","background-image":"","background-repeat":"repeat","background-position":"center center","background-size":"auto","background-attachment":"scroll","background-type":"","background-media":"","overlay-type":"","overlay-color":"","overlay-opacity":"","overlay-gradient":""}},"footnotes":""},"categories":[23,77],"tags":[43,44,70,39,95,71,72,42,41],"class_list":["post-12078","post","type-post","status-publish","format-standard","has-post-thumbnail","hentry","category-actus","category-gerontim","tag-ars","tag-conseils-departementaux","tag-ehpa","tag-ehpad","tag-residence-services","tag-residences-autonomie","tag-saad","tag-spasad","tag-ssiad"],"yoast_head":"<!-- This site is optimized with the Yoast SEO plugin v27.5 - https:\/\/yoast.com\/product\/yoast-seo-wordpress\/ -->\n<title>Gerontim est partenaire de l&#039;Agora du Grand \u00c2ge 2025 | Actualit\u00e9<\/title>\n<meta name=\"description\" content=\"Gerontim est partenaire de l&#039;Agora du Grand \u00c2ge 2025 : le nouveau rendez-vous des d\u00e9cideurs du secteur cr\u00e9\u00e9 par la FNAQPA et l&#039;AD-PA.\" \/>\n<meta name=\"robots\" content=\"index, follow, max-snippet:-1, max-image-preview:large, max-video-preview:-1\" \/>\n<link rel=\"canonical\" href=\"https:\/\/www.gerontim.com\/fr\/articles\/actus\/agora-grand-age-2025\/\" \/>\n<meta property=\"og:locale\" content=\"fr_FR\" \/>\n<meta property=\"og:type\" content=\"article\" \/>\n<meta property=\"og:title\" content=\"Gerontim est partenaire de l&#039;Agora du Grand \u00c2ge 2025 | Actualit\u00e9\" \/>\n<meta property=\"og:description\" content=\"Gerontim est partenaire de l&#039;Agora du Grand \u00c2ge 2025 : le nouveau rendez-vous des d\u00e9cideurs du secteur cr\u00e9\u00e9 par la FNAQPA et l&#039;AD-PA.\" \/>\n<meta property=\"og:url\" content=\"https:\/\/www.gerontim.com\/fr\/articles\/actus\/agora-grand-age-2025\/\" \/>\n<meta property=\"og:site_name\" content=\"Gerontim\" \/>\n<meta property=\"article:published_time\" content=\"2025-04-08T12:43:21+00:00\" \/>\n<meta property=\"article:modified_time\" content=\"2026-04-13T07:30:24+00:00\" \/>\n<meta property=\"og:image\" content=\"https:\/\/www.gerontim.com\/wp-content\/uploads\/2025\/04\/agora-du-grand-age-2025-1920x1180-1.jpg\" \/>\n\t<meta property=\"og:image:width\" content=\"1920\" \/>\n\t<meta property=\"og:image:height\" content=\"1180\" \/>\n\t<meta property=\"og:image:type\" content=\"image\/jpeg\" \/>\n<meta name=\"author\" content=\"Romane\" \/>\n<meta name=\"twitter:card\" content=\"summary_large_image\" \/>\n<meta name=\"twitter:creator\" content=\"@Gerontim\" \/>\n<meta name=\"twitter:site\" content=\"@Gerontim\" \/>\n<meta name=\"twitter:label1\" content=\"\u00c9crit par\" \/>\n\t<meta name=\"twitter:data1\" content=\"Romane\" \/>\n\t<meta name=\"twitter:label2\" content=\"Dur\u00e9e de lecture estim\u00e9e\" \/>\n\t<meta name=\"twitter:data2\" content=\"2 minutes\" \/>\n<script type=\"application\/ld+json\" class=\"yoast-schema-graph\">{\"@context\":\"https:\\\/\\\/schema.org\",\"@graph\":[{\"@type\":\"Article\",\"@id\":\"https:\\\/\\\/www.gerontim.com\\\/fr\\\/articles\\\/actus\\\/agora-grand-age-2025\\\/#article\",\"isPartOf\":{\"@id\":\"https:\\\/\\\/www.gerontim.com\\\/fr\\\/articles\\\/actus\\\/agora-grand-age-2025\\\/\"},\"author\":{\"name\":\"Romane\",\"@id\":\"https:\\\/\\\/www.gerontim.com\\\/fr\\\/#\\\/schema\\\/person\\\/6eafd9f7cebdfc20b8bae27deb6d6b6a\"},\"headline\":\"Gerontim est partenaire de l&rsquo;Agora du Grand \u00c2ge 2025\",\"datePublished\":\"2025-04-08T12:43:21+00:00\",\"dateModified\":\"2026-04-13T07:30:24+00:00\",\"mainEntityOfPage\":{\"@id\":\"https:\\\/\\\/www.gerontim.com\\\/fr\\\/articles\\\/actus\\\/agora-grand-age-2025\\\/\"},\"wordCount\":352,\"publisher\":{\"@id\":\"https:\\\/\\\/www.gerontim.com\\\/fr\\\/#organization\"},\"image\":{\"@id\":\"https:\\\/\\\/www.gerontim.com\\\/fr\\\/articles\\\/actus\\\/agora-grand-age-2025\\\/#primaryimage\"},\"thumbnailUrl\":\"https:\\\/\\\/www.gerontim.com\\\/wp-content\\\/uploads\\\/2025\\\/04\\\/agora-du-grand-age-2025-1920x1180-1.jpg\",\"keywords\":[\"ARS\",\"Conseils D\u00e9partementaux\",\"EHPA\",\"EHPAD\",\"R\u00e9sidence Services\",\"R\u00e9sidences Autonomie\",\"SAAD\",\"SPASAD\",\"SSIAD\"],\"articleSection\":[\"Actualit\u00e9s\",\"Gerontim\"],\"inLanguage\":\"fr-FR\"},{\"@type\":\"WebPage\",\"@id\":\"https:\\\/\\\/www.gerontim.com\\\/fr\\\/articles\\\/actus\\\/agora-grand-age-2025\\\/\",\"url\":\"https:\\\/\\\/www.gerontim.com\\\/fr\\\/articles\\\/actus\\\/agora-grand-age-2025\\\/\",\"name\":\"Gerontim est partenaire de l'Agora du Grand \u00c2ge 2025 | Actualit\u00e9\",\"isPartOf\":{\"@id\":\"https:\\\/\\\/www.gerontim.com\\\/fr\\\/#website\"},\"primaryImageOfPage\":{\"@id\":\"https:\\\/\\\/www.gerontim.com\\\/fr\\\/articles\\\/actus\\\/agora-grand-age-2025\\\/#primaryimage\"},\"image\":{\"@id\":\"https:\\\/\\\/www.gerontim.com\\\/fr\\\/articles\\\/actus\\\/agora-grand-age-2025\\\/#primaryimage\"},\"thumbnailUrl\":\"https:\\\/\\\/www.gerontim.com\\\/wp-content\\\/uploads\\\/2025\\\/04\\\/agora-du-grand-age-2025-1920x1180-1.jpg\",\"datePublished\":\"2025-04-08T12:43:21+00:00\",\"dateModified\":\"2026-04-13T07:30:24+00:00\",\"description\":\"Gerontim est partenaire de l'Agora du Grand \u00c2ge 2025 : le nouveau rendez-vous des d\u00e9cideurs du secteur cr\u00e9\u00e9 par la FNAQPA et l'AD-PA.\",\"breadcrumb\":{\"@id\":\"https:\\\/\\\/www.gerontim.com\\\/fr\\\/articles\\\/actus\\\/agora-grand-age-2025\\\/#breadcrumb\"},\"inLanguage\":\"fr-FR\",\"potentialAction\":[{\"@type\":\"ReadAction\",\"target\":[\"https:\\\/\\\/www.gerontim.com\\\/fr\\\/articles\\\/actus\\\/agora-grand-age-2025\\\/\"]}]},{\"@type\":\"ImageObject\",\"inLanguage\":\"fr-FR\",\"@id\":\"https:\\\/\\\/www.gerontim.com\\\/fr\\\/articles\\\/actus\\\/agora-grand-age-2025\\\/#primaryimage\",\"url\":\"https:\\\/\\\/www.gerontim.com\\\/wp-content\\\/uploads\\\/2025\\\/04\\\/agora-du-grand-age-2025-1920x1180-1.jpg\",\"contentUrl\":\"https:\\\/\\\/www.gerontim.com\\\/wp-content\\\/uploads\\\/2025\\\/04\\\/agora-du-grand-age-2025-1920x1180-1.jpg\",\"width\":1920,\"height\":1180,\"caption\":\"Banni\u00e8re Agora du Grand \u00c2ge 2025\"},{\"@type\":\"BreadcrumbList\",\"@id\":\"https:\\\/\\\/www.gerontim.com\\\/fr\\\/articles\\\/actus\\\/agora-grand-age-2025\\\/#breadcrumb\",\"itemListElement\":[{\"@type\":\"ListItem\",\"position\":1,\"name\":\"Accueil\",\"item\":\"https:\\\/\\\/www.gerontim.com\\\/fr\\\/\"},{\"@type\":\"ListItem\",\"position\":2,\"name\":\"Actualit\u00e9s\",\"item\":\"https:\\\/\\\/www.gerontim.com\\\/fr\\\/articles\\\/actus\\\/\"},{\"@type\":\"ListItem\",\"position\":3,\"name\":\"Gerontim est partenaire de l&rsquo;Agora du Grand \u00c2ge 2025\"}]},{\"@type\":\"WebSite\",\"@id\":\"https:\\\/\\\/www.gerontim.com\\\/fr\\\/#website\",\"url\":\"https:\\\/\\\/www.gerontim.com\\\/fr\\\/\",\"name\":\"Gerontim\",\"description\":\"L&#039;expertise g\u00e9rontologique\",\"publisher\":{\"@id\":\"https:\\\/\\\/www.gerontim.com\\\/fr\\\/#organization\"},\"potentialAction\":[{\"@type\":\"SearchAction\",\"target\":{\"@type\":\"EntryPoint\",\"urlTemplate\":\"https:\\\/\\\/www.gerontim.com\\\/fr\\\/?s={search_term_string}\"},\"query-input\":{\"@type\":\"PropertyValueSpecification\",\"valueRequired\":true,\"valueName\":\"search_term_string\"}}],\"inLanguage\":\"fr-FR\"},{\"@type\":\"Organization\",\"@id\":\"https:\\\/\\\/www.gerontim.com\\\/fr\\\/#organization\",\"name\":\"Gerontim\",\"url\":\"https:\\\/\\\/www.gerontim.com\\\/fr\\\/\",\"logo\":{\"@type\":\"ImageObject\",\"inLanguage\":\"fr-FR\",\"@id\":\"https:\\\/\\\/www.gerontim.com\\\/fr\\\/#\\\/schema\\\/logo\\\/image\\\/\",\"url\":\"https:\\\/\\\/www.gerontim.com\\\/wp-content\\\/uploads\\\/2019\\\/12\\\/gerontim-logo-sm.png\",\"contentUrl\":\"https:\\\/\\\/www.gerontim.com\\\/wp-content\\\/uploads\\\/2019\\\/12\\\/gerontim-logo-sm.png\",\"width\":140,\"height\":67,\"caption\":\"Gerontim\"},\"image\":{\"@id\":\"https:\\\/\\\/www.gerontim.com\\\/fr\\\/#\\\/schema\\\/logo\\\/image\\\/\"},\"sameAs\":[\"https:\\\/\\\/x.com\\\/Gerontim\",\"https:\\\/\\\/www.linkedin.com\\\/company\\\/gerontim-cabinet-conseil-gerontologie\\\/\"]},{\"@type\":\"Person\",\"@id\":\"https:\\\/\\\/www.gerontim.com\\\/fr\\\/#\\\/schema\\\/person\\\/6eafd9f7cebdfc20b8bae27deb6d6b6a\",\"name\":\"Romane\",\"image\":{\"@type\":\"ImageObject\",\"inLanguage\":\"fr-FR\",\"@id\":\"https:\\\/\\\/secure.gravatar.com\\\/avatar\\\/8ac9200bb3775e3bd3a2f5a85845cfe2716653a29f32bb716d545ada308c9211?s=96&d=mm&r=g\",\"url\":\"https:\\\/\\\/secure.gravatar.com\\\/avatar\\\/8ac9200bb3775e3bd3a2f5a85845cfe2716653a29f32bb716d545ada308c9211?s=96&d=mm&r=g\",\"contentUrl\":\"https:\\\/\\\/secure.gravatar.com\\\/avatar\\\/8ac9200bb3775e3bd3a2f5a85845cfe2716653a29f32bb716d545ada308c9211?s=96&d=mm&r=g\",\"caption\":\"Romane\"}}]}<\/script>\n<!-- \/ Yoast SEO plugin. -->","yoast_head_json":{"title":"Gerontim est partenaire de l'Agora du Grand \u00c2ge 2025 | Actualit\u00e9","description":"Gerontim est partenaire de l'Agora du Grand \u00c2ge 2025 : le nouveau rendez-vous des d\u00e9cideurs du secteur cr\u00e9\u00e9 par la FNAQPA et l'AD-PA.","robots":{"index":"index","follow":"follow","max-snippet":"max-snippet:-1","max-image-preview":"max-image-preview:large","max-video-preview":"max-video-preview:-1"},"canonical":"https:\/\/www.gerontim.com\/fr\/articles\/actus\/agora-grand-age-2025\/","og_locale":"fr_FR","og_type":"article","og_title":"Gerontim est partenaire de l'Agora du Grand \u00c2ge 2025 | Actualit\u00e9","og_description":"Gerontim est partenaire de l'Agora du Grand \u00c2ge 2025 : le nouveau rendez-vous des d\u00e9cideurs du secteur cr\u00e9\u00e9 par la FNAQPA et l'AD-PA.","og_url":"https:\/\/www.gerontim.com\/fr\/articles\/actus\/agora-grand-age-2025\/","og_site_name":"Gerontim","article_published_time":"2025-04-08T12:43:21+00:00","article_modified_time":"2026-04-13T07:30:24+00:00","og_image":[{"width":1920,"height":1180,"url":"https:\/\/www.gerontim.com\/wp-content\/uploads\/2025\/04\/agora-du-grand-age-2025-1920x1180-1.jpg","type":"image\/jpeg"}],"author":"Romane","twitter_card":"summary_large_image","twitter_creator":"@Gerontim","twitter_site":"@Gerontim","twitter_misc":{"\u00c9crit par":"Romane","Dur\u00e9e de lecture estim\u00e9e":"2 minutes"},"schema":{"@context":"https:\/\/schema.org","@graph":[{"@type":"Article","@id":"https:\/\/www.gerontim.com\/fr\/articles\/actus\/agora-grand-age-2025\/#article","isPartOf":{"@id":"https:\/\/www.gerontim.com\/fr\/articles\/actus\/agora-grand-age-2025\/"},"author":{"name":"Romane","@id":"https:\/\/www.gerontim.com\/fr\/#\/schema\/person\/6eafd9f7cebdfc20b8bae27deb6d6b6a"},"headline":"Gerontim est partenaire de l&rsquo;Agora du Grand \u00c2ge 2025","datePublished":"2025-04-08T12:43:21+00:00","dateModified":"2026-04-13T07:30:24+00:00","mainEntityOfPage":{"@id":"https:\/\/www.gerontim.com\/fr\/articles\/actus\/agora-grand-age-2025\/"},"wordCount":352,"publisher":{"@id":"https:\/\/www.gerontim.com\/fr\/#organization"},"image":{"@id":"https:\/\/www.gerontim.com\/fr\/articles\/actus\/agora-grand-age-2025\/#primaryimage"},"thumbnailUrl":"https:\/\/www.gerontim.com\/wp-content\/uploads\/2025\/04\/agora-du-grand-age-2025-1920x1180-1.jpg","keywords":["ARS","Conseils D\u00e9partementaux","EHPA","EHPAD","R\u00e9sidence Services","R\u00e9sidences Autonomie","SAAD","SPASAD","SSIAD"],"articleSection":["Actualit\u00e9s","Gerontim"],"inLanguage":"fr-FR"},{"@type":"WebPage","@id":"https:\/\/www.gerontim.com\/fr\/articles\/actus\/agora-grand-age-2025\/","url":"https:\/\/www.gerontim.com\/fr\/articles\/actus\/agora-grand-age-2025\/","name":"Gerontim est partenaire de l'Agora du Grand \u00c2ge 2025 | Actualit\u00e9","isPartOf":{"@id":"https:\/\/www.gerontim.com\/fr\/#website"},"primaryImageOfPage":{"@id":"https:\/\/www.gerontim.com\/fr\/articles\/actus\/agora-grand-age-2025\/#primaryimage"},"image":{"@id":"https:\/\/www.gerontim.com\/fr\/articles\/actus\/agora-grand-age-2025\/#primaryimage"},"thumbnailUrl":"https:\/\/www.gerontim.com\/wp-content\/uploads\/2025\/04\/agora-du-grand-age-2025-1920x1180-1.jpg","datePublished":"2025-04-08T12:43:21+00:00","dateModified":"2026-04-13T07:30:24+00:00","description":"Gerontim est partenaire de l'Agora du Grand \u00c2ge 2025 : le nouveau rendez-vous des d\u00e9cideurs du secteur cr\u00e9\u00e9 par la FNAQPA et l'AD-PA.","breadcrumb":{"@id":"https:\/\/www.gerontim.com\/fr\/articles\/actus\/agora-grand-age-2025\/#breadcrumb"},"inLanguage":"fr-FR","potentialAction":[{"@type":"ReadAction","target":["https:\/\/www.gerontim.com\/fr\/articles\/actus\/agora-grand-age-2025\/"]}]},{"@type":"ImageObject","inLanguage":"fr-FR","@id":"https:\/\/www.gerontim.com\/fr\/articles\/actus\/agora-grand-age-2025\/#primaryimage","url":"https:\/\/www.gerontim.com\/wp-content\/uploads\/2025\/04\/agora-du-grand-age-2025-1920x1180-1.jpg","contentUrl":"https:\/\/www.gerontim.com\/wp-content\/uploads\/2025\/04\/agora-du-grand-age-2025-1920x1180-1.jpg","width":1920,"height":1180,"caption":"Banni\u00e8re Agora du Grand \u00c2ge 2025"},{"@type":"BreadcrumbList","@id":"https:\/\/www.gerontim.com\/fr\/articles\/actus\/agora-grand-age-2025\/#breadcrumb","itemListElement":[{"@type":"ListItem","position":1,"name":"Accueil","item":"https:\/\/www.gerontim.com\/fr\/"},{"@type":"ListItem","position":2,"name":"Actualit\u00e9s","item":"https:\/\/www.gerontim.com\/fr\/articles\/actus\/"},{"@type":"ListItem","position":3,"name":"Gerontim est partenaire de l&rsquo;Agora du Grand \u00c2ge 2025"}]},{"@type":"WebSite","@id":"https:\/\/www.gerontim.com\/fr\/#website","url":"https:\/\/www.gerontim.com\/fr\/","name":"Gerontim","description":"L&#039;expertise g\u00e9rontologique","publisher":{"@id":"https:\/\/www.gerontim.com\/fr\/#organization"},"potentialAction":[{"@type":"SearchAction","target":{"@type":"EntryPoint","urlTemplate":"https:\/\/www.gerontim.com\/fr\/?s={search_term_string}"},"query-input":{"@type":"PropertyValueSpecification","valueRequired":true,"valueName":"search_term_string"}}],"inLanguage":"fr-FR"},{"@type":"Organization","@id":"https:\/\/www.gerontim.com\/fr\/#organization","name":"Gerontim","url":"https:\/\/www.gerontim.com\/fr\/","logo":{"@type":"ImageObject","inLanguage":"fr-FR","@id":"https:\/\/www.gerontim.com\/fr\/#\/schema\/logo\/image\/","url":"https:\/\/www.gerontim.com\/wp-content\/uploads\/2019\/12\/gerontim-logo-sm.png","contentUrl":"https:\/\/www.gerontim.com\/wp-content\/uploads\/2019\/12\/gerontim-logo-sm.png","width":140,"height":67,"caption":"Gerontim"},"image":{"@id":"https:\/\/www.gerontim.com\/fr\/#\/schema\/logo\/image\/"},"sameAs":["https:\/\/x.com\/Gerontim","https:\/\/www.linkedin.com\/company\/gerontim-cabinet-conseil-gerontologie\/"]},{"@type":"Person","@id":"https:\/\/www.gerontim.com\/fr\/#\/schema\/person\/6eafd9f7cebdfc20b8bae27deb6d6b6a","name":"Romane","image":{"@type":"ImageObject","inLanguage":"fr-FR","@id":"https:\/\/secure.gravatar.com\/avatar\/8ac9200bb3775e3bd3a2f5a85845cfe2716653a29f32bb716d545ada308c9211?s=96&d=mm&r=g","url":"https:\/\/secure.gravatar.com\/avatar\/8ac9200bb3775e3bd3a2f5a85845cfe2716653a29f32bb716d545ada308c9211?s=96&d=mm&r=g","contentUrl":"https:\/\/secure.gravatar.com\/avatar\/8ac9200bb3775e3bd3a2f5a85845cfe2716653a29f32bb716d545ada308c9211?s=96&d=mm&r=g","caption":"Romane"}}]}},"_links":{"self":[{"href":"https:\/\/www.gerontim.com\/fr\/wp-json\/wp\/v2\/posts\/12078","targetHints":{"allow":["GET"]}}],"collection":[{"href":"https:\/\/www.gerontim.com\/fr\/wp-json\/wp\/v2\/posts"}],"about":[{"href":"https:\/\/www.gerontim.com\/fr\/wp-json\/wp\/v2\/types\/post"}],"author":[{"embeddable":true,"href":"https:\/\/www.gerontim.com\/fr\/wp-json\/wp\/v2\/users\/11"}],"replies":[{"embeddable":true,"href":"https:\/\/www.gerontim.com\/fr\/wp-json\/wp\/v2\/comments?post=12078"}],"version-history":[{"count":18,"href":"https:\/\/www.gerontim.com\/fr\/wp-json\/wp\/v2\/posts\/12078\/revisions"}],"predecessor-version":[{"id":12875,"href":"https:\/\/www.gerontim.com\/fr\/wp-json\/wp\/v2\/posts\/12078\/revisions\/12875"}],"wp:featuredmedia":[{"embeddable":true,"href":"https:\/\/www.gerontim.com\/fr\/wp-json\/wp\/v2\/media\/12080"}],"wp:attachment":[{"href":"https:\/\/www.gerontim.com\/fr\/wp-json\/wp\/v2\/media?parent=12078"}],"wp:term":[{"taxonomy":"category","embeddable":true,"href":"https:\/\/www.gerontim.com\/fr\/wp-json\/wp\/v2\/categories?post=12078"},{"taxonomy":"post_tag","embeddable":true,"href":"https:\/\/www.gerontim.com\/fr\/wp-json\/wp\/v2\/tags?post=12078"}],"curies":[{"name":"wp","href":"https:\/\/api.w.org\/{rel}","templated":true}]}}