{"id":11814,"date":"2025-01-29T11:22:51","date_gmt":"2025-01-29T10:22:51","guid":{"rendered":"https:\/\/www.gerontim.com\/?p=11814"},"modified":"2025-10-27T11:34:47","modified_gmt":"2025-10-27T10:34:47","slug":"projet-architectural-ehpad-ermitage-temoignage","status":"publish","type":"post","link":"https:\/\/www.gerontim.com\/fr\/articles\/actus\/projet-architectural-ehpad-ermitage-temoignage\/","title":{"rendered":"Projet architectural d\u2019un EHPAD de l\u2019Allier : un accompagnement collaboratif avec Gerontim"},"content":{"rendered":"\t\t<div data-elementor-type=\"wp-post\" data-elementor-id=\"11814\" class=\"elementor elementor-11814\" data-elementor-post-type=\"post\">\n\t\t\t\t\t\t<section class=\"elementor-section elementor-top-section elementor-element elementor-element-b1e819e elementor-section-boxed elementor-section-height-default elementor-section-height-default\" data-id=\"b1e819e\" data-element_type=\"section\" data-e-type=\"section\">\n\t\t\t\t\t\t<div class=\"elementor-container elementor-column-gap-default\">\n\t\t\t\t\t<div class=\"elementor-column elementor-col-100 elementor-top-column elementor-element elementor-element-ab2878c\" data-id=\"ab2878c\" data-element_type=\"column\" data-e-type=\"column\">\n\t\t\t<div class=\"elementor-widget-wrap elementor-element-populated\">\n\t\t\t\t\t\t<div class=\"elementor-element elementor-element-b024c5d elementor-widget elementor-widget-post-info\" data-id=\"b024c5d\" data-element_type=\"widget\" data-e-type=\"widget\" data-widget_type=\"post-info.default\">\n\t\t\t\t<div class=\"elementor-widget-container\">\n\t\t\t\t\t\t\t<ul class=\"elementor-inline-items elementor-icon-list-items elementor-post-info\">\n\t\t\t\t\t\t\t\t<li class=\"elementor-icon-list-item elementor-repeater-item-791512b elementor-inline-item\" itemprop=\"datePublished\">\n\t\t\t\t\t\t\t\t\t\t<span class=\"elementor-icon-list-icon\">\n\t\t\t\t\t\t\t\t<i aria-hidden=\"true\" class=\"fas fa-calendar\"><\/i>\t\t\t\t\t\t\t<\/span>\n\t\t\t\t\t\t\t\t\t<span class=\"elementor-icon-list-text elementor-post-info__item elementor-post-info__item--type-date\">\n\t\t\t\t\t\t\t<span class=\"elementor-post-info__item-prefix\">Publi\u00e9 le<\/span>\n\t\t\t\t\t\t\t\t\t\t<time>29 janvier 2025<\/time>\t\t\t\t\t<\/span>\n\t\t\t\t\t\t\t\t<\/li>\n\t\t\t\t<\/ul>\n\t\t\t\t\t\t<\/div>\n\t\t\t\t<\/div>\n\t\t\t\t\t<\/div>\n\t\t<\/div>\n\t\t\t\t\t<\/div>\n\t\t<\/section>\n\t\t\t\t<section class=\"elementor-section elementor-top-section elementor-element elementor-element-5bff6ea elementor-section-stretched elementor-section-height-min-height elementor-section-boxed elementor-section-height-default elementor-section-items-middle\" data-id=\"5bff6ea\" data-element_type=\"section\" data-e-type=\"section\" data-settings=\"{&quot;stretch_section&quot;:&quot;section-stretched&quot;,&quot;background_background&quot;:&quot;classic&quot;}\">\n\t\t\t\t\t\t<div class=\"elementor-container elementor-column-gap-narrow\">\n\t\t\t\t\t<div class=\"elementor-column elementor-col-33 elementor-top-column elementor-element elementor-element-5c7a0cb\" data-id=\"5c7a0cb\" data-element_type=\"column\" data-e-type=\"column\">\n\t\t\t<div class=\"elementor-widget-wrap elementor-element-populated\">\n\t\t\t\t\t\t<div class=\"elementor-element elementor-element-6f53765 img-legende elementor-widget elementor-widget-image\" data-id=\"6f53765\" data-element_type=\"widget\" data-e-type=\"widget\" data-widget_type=\"image.default\">\n\t\t\t\t<div class=\"elementor-widget-container\">\n\t\t\t\t\t\t\t\t\t\t\t\t\t\t\t\t<a rel=\"noreferrer noopener\" href=\"https:\/\/www.gerontim.com\/wp-content\/uploads\/2025\/01\/photo-lolita-rotureau-directrice-ehpad-ermitage.png\" data-elementor-open-lightbox=\"yes\" data-elementor-lightbox-title=\"photo-lolita-rotureau-directrice-ehpad-ermitage\" data-e-action-hash=\"#elementor-action%3Aaction%3Dlightbox%26settings%3DeyJpZCI6MTE5MzYsInVybCI6Imh0dHBzOlwvXC93d3cuZ2Vyb250aW0uY29tXC93cC1jb250ZW50XC91cGxvYWRzXC8yMDI1XC8wMVwvcGhvdG8tbG9saXRhLXJvdHVyZWF1LWRpcmVjdHJpY2UtZWhwYWQtZXJtaXRhZ2UucG5nIn0%3D\">\n\t\t\t\t\t\t\t<img fetchpriority=\"high\" decoding=\"async\" width=\"214\" height=\"300\" src=\"https:\/\/www.gerontim.com\/wp-content\/uploads\/2025\/01\/photo-lolita-rotureau-directrice-ehpad-ermitage-214x300.png\" class=\"attachment-medium size-medium wp-image-11936\" alt=\"Portrait de Lolita Rotureau directrice EHPAD l&#039;Ermitage qui a r\u00e9alis\u00e9 un projet architectural avec Gerontim\" srcset=\"https:\/\/www.gerontim.com\/wp-content\/uploads\/2025\/01\/photo-lolita-rotureau-directrice-ehpad-ermitage-214x300.png 214w, https:\/\/www.gerontim.com\/wp-content\/uploads\/2025\/01\/photo-lolita-rotureau-directrice-ehpad-ermitage.png 400w\" sizes=\"(max-width: 214px) 100vw, 214px\" \/>\t\t\t\t\t\t\t\t<\/a>\n\t\t\t\t\t\t\t\t\t\t\t\t\t\t\t<\/div>\n\t\t\t\t<\/div>\n\t\t\t\t\t<\/div>\n\t\t<\/div>\n\t\t\t\t<div class=\"elementor-column elementor-col-66 elementor-top-column elementor-element elementor-element-7b02fa6\" data-id=\"7b02fa6\" data-element_type=\"column\" data-e-type=\"column\">\n\t\t\t<div class=\"elementor-widget-wrap elementor-element-populated\">\n\t\t\t\t\t\t<div class=\"elementor-element elementor-element-038c760 elementor-widget elementor-widget-text-editor\" data-id=\"038c760\" data-element_type=\"widget\" data-e-type=\"widget\" data-widget_type=\"text-editor.default\">\n\t\t\t\t<div class=\"elementor-widget-container\">\n\t\t\t\t\t\t\t\t\t<p>Lolita Rotureau a contact\u00e9 Gerontim pour b\u00e9n\u00e9ficier d\u2019un <strong>accompagnement global dans le cadre d&rsquo;un projet architectural<\/strong>. L\u2019<a rel=\"noreferrer noopener\" href=\"https:\/\/ehpadermitagemouli.wixsite.com\/ehpad-ermitage\">EHPAD l\u2019Ermitage \u00e0 Moulins (03)<\/a> souhaitait concr\u00e9tiser une id\u00e9e : <strong>agrandir la capacit\u00e9 d\u2019accueil d\u2019une vingtaine de places<\/strong>, notamment pour des personnes handicap\u00e9es vieillissantes, avec l&rsquo;envie de cr\u00e9er un <strong>\u00e9tablissement domiciliaire<\/strong>.<\/p><p>D\u00e9couvrez notre retour sur cette Success story avec le t\u00e9moignage de la Direction de l\u2019EHPAD l\u2019Ermitage.<\/p>\t\t\t\t\t\t\t\t<\/div>\n\t\t\t\t<\/div>\n\t\t\t\t\t<\/div>\n\t\t<\/div>\n\t\t\t\t\t<\/div>\n\t\t<\/section>\n\t\t\t\t<section class=\"elementor-section elementor-top-section elementor-element elementor-element-d8a0ae3 elementor-section-stretched actu-texte elementor-section-boxed elementor-section-height-default elementor-section-height-default\" data-id=\"d8a0ae3\" data-element_type=\"section\" data-e-type=\"section\" data-settings=\"{&quot;stretch_section&quot;:&quot;section-stretched&quot;}\">\n\t\t\t\t\t\t<div class=\"elementor-container elementor-column-gap-default\">\n\t\t\t\t\t<div class=\"elementor-column elementor-col-100 elementor-top-column elementor-element elementor-element-3e3cbc6\" data-id=\"3e3cbc6\" data-element_type=\"column\" data-e-type=\"column\">\n\t\t\t<div class=\"elementor-widget-wrap elementor-element-populated\">\n\t\t\t\t\t\t<div class=\"elementor-element elementor-element-710142e elementor-widget elementor-widget-heading\" data-id=\"710142e\" data-element_type=\"widget\" data-e-type=\"widget\" data-widget_type=\"heading.default\">\n\t\t\t\t<div class=\"elementor-widget-container\">\n\t\t\t\t\t<h2 class=\"elementor-heading-title elementor-size-default\">Un projet architectural pour restructurer le b\u00e2timent<\/h2>\t\t\t\t<\/div>\n\t\t\t\t<\/div>\n\t\t\t\t<div class=\"elementor-element elementor-element-30ebd3b elementor-widget elementor-widget-text-editor\" data-id=\"30ebd3b\" data-element_type=\"widget\" data-e-type=\"widget\" data-widget_type=\"text-editor.default\">\n\t\t\t\t<div class=\"elementor-widget-container\">\n\t\t\t\t\t\t\t\t\t<p>Le b\u00e2timent actuel, accueillant 62 r\u00e9sidents, n&rsquo;est plus adapt\u00e9 aux enjeux cruciaux de l\u2019accompagnement des personnes \u00e2g\u00e9es en perte d\u2019autonomie.<\/p><p>C\u2019est pourquoi la <strong>restructuration-extension <\/strong><strong>de l\u2019EHPAD<\/strong> est envisag\u00e9e afin de :<\/p><ul><li>R\u00e9pondre aux besoins locaux et d&rsquo;ajuster l&rsquo;offre d&rsquo;accueil par la cr\u00e9ation d\u2019une capacit\u00e9 suppl\u00e9mentaire d\u2019h\u00e9bergement, dont une large part sera d\u00e9di\u00e9e aux personnes handicap\u00e9es vieillissantes,<\/li><li>Satisfaire l&rsquo;attente des r\u00e9sidents <a href=\"https:\/\/www.gerontim.com\/fr\/articles\/experts\/ehpad-lieu-de-vie-par-nature\/\">d&rsquo;habiter dans un v\u00e9ritable lieu de vie<\/a>, notamment dans le cadre d\u2019une approche dite domiciliaire,<\/li><li><a href=\"https:\/\/www.gerontim.com\/fr\/articles\/experts\/ehpad-lieu-de-vie-par-nature\/\">Am\u00e9liorer la fonctionnalit\u00e9 des locaux professionnels, et ainsi la qualit\u00e9 de vie au travail<\/a> du personnel.<\/li><\/ul>\t\t\t\t\t\t\t\t<\/div>\n\t\t\t\t<\/div>\n\t\t\t\t\t<\/div>\n\t\t<\/div>\n\t\t\t\t\t<\/div>\n\t\t<\/section>\n\t\t\t\t<section class=\"elementor-section elementor-top-section elementor-element elementor-element-507a9ec elementor-section-stretched actu-texte elementor-section-boxed elementor-section-height-default elementor-section-height-default\" data-id=\"507a9ec\" data-element_type=\"section\" data-e-type=\"section\" data-settings=\"{&quot;stretch_section&quot;:&quot;section-stretched&quot;}\">\n\t\t\t\t\t\t<div class=\"elementor-container elementor-column-gap-default\">\n\t\t\t\t\t<div class=\"elementor-column elementor-col-100 elementor-top-column elementor-element elementor-element-d76a938\" data-id=\"d76a938\" data-element_type=\"column\" data-e-type=\"column\">\n\t\t\t<div class=\"elementor-widget-wrap elementor-element-populated\">\n\t\t\t\t\t\t<div class=\"elementor-element elementor-element-6c3a900 elementor-widget elementor-widget-heading\" data-id=\"6c3a900\" data-element_type=\"widget\" data-e-type=\"widget\" data-widget_type=\"heading.default\">\n\t\t\t\t<div class=\"elementor-widget-container\">\n\t\t\t\t\t<h2 class=\"elementor-heading-title elementor-size-default\">Un accompagnement fond\u00e9 sur l'\u00e9coute et la collaboration<\/h2>\t\t\t\t<\/div>\n\t\t\t\t<\/div>\n\t\t\t\t<div class=\"elementor-element elementor-element-f4115e1 elementor-widget elementor-widget-text-editor\" data-id=\"f4115e1\" data-element_type=\"widget\" data-e-type=\"widget\" data-widget_type=\"text-editor.default\">\n\t\t\t\t<div class=\"elementor-widget-container\">\n\t\t\t\t\t\t\t\t\t<p>La d\u00e9marche mise en place par Gerontim a repos\u00e9 sur 3 piliers principaux :<\/p><ul><li>Une <a href=\"https:\/\/www.gerontim.com\/fr\/prestations\/etude-besoins-opportunites\/\">\u00e9tude approfondie des besoins du territoire<\/a> permettant de <strong>clarifier les enjeux du projet et d\u2019identifier les pistes pertinentes<\/strong>,<\/li><li>Une <a href=\"https:\/\/www.gerontim.com\/fr\/prestations\/etude-faisabilite-architecturale\/\">\u00e9tude de faisabilit\u00e9 architecturale<\/a> pour optimiser les espaces tout en maintenant la <strong>qualit\u00e9 architecturale du projet<\/strong>,<\/li><li>Une \u00e9tude financi\u00e8re afin de confirmer la <strong>viabilit\u00e9 \u00e9conomique de cette restructuration<\/strong>.<\/li><\/ul><p>Les Autorit\u00e9s ayant souhait\u00e9 que le projet tienne compte d&rsquo;une absence de financement par le PAI et d&rsquo;une diminution de l&rsquo;aide du Conseil D\u00e9partemental, l\u2019\u00e9tude de faisabilit\u00e9 architecturale avait notamment pour objectif d&rsquo;atteindre cette r\u00e9duction de co\u00fbt.<\/p><p><em>\u00ab L\u2019un des aspects que nous avons le plus appr\u00e9ci\u00e9 lors de l\u2019accompagnement Gerontim a \u00e9t\u00e9 la grande \u00e9coute des consultants. L\u2019approche collaborative a permis un r\u00e9el partage d\u2019id\u00e9es, et a rendu notre projet conforme aux attentes de notre Conseil d\u2019Administration. \u00bb<\/em><\/p><p>Les \u00e9quipes de l\u2019EHPAD ont \u00e9galement \u00e9t\u00e9 impliqu\u00e9es dans ce projet au travers de r\u00e9unions permettant de recueillir leurs besoins. Ces retours ont ensuite \u00e9t\u00e9 int\u00e9gr\u00e9s dans les \u00e9changes, t\u00e9moignant de l\u2019importance de la <strong>co-construction dans cette restructuration<\/strong>.<\/p>\t\t\t\t\t\t\t\t<\/div>\n\t\t\t\t<\/div>\n\t\t\t\t\t<\/div>\n\t\t<\/div>\n\t\t\t\t\t<\/div>\n\t\t<\/section>\n\t\t\t\t<section class=\"elementor-section elementor-top-section elementor-element elementor-element-f9013dd elementor-section-stretched actu-texte elementor-section-boxed elementor-section-height-default elementor-section-height-default\" data-id=\"f9013dd\" data-element_type=\"section\" data-e-type=\"section\" data-settings=\"{&quot;stretch_section&quot;:&quot;section-stretched&quot;}\">\n\t\t\t\t\t\t<div class=\"elementor-container elementor-column-gap-default\">\n\t\t\t\t\t<div class=\"elementor-column elementor-col-100 elementor-top-column elementor-element elementor-element-74e5800\" data-id=\"74e5800\" data-element_type=\"column\" data-e-type=\"column\">\n\t\t\t<div class=\"elementor-widget-wrap elementor-element-populated\">\n\t\t\t\t\t\t<div class=\"elementor-element elementor-element-2e98689 elementor-widget elementor-widget-heading\" data-id=\"2e98689\" data-element_type=\"widget\" data-e-type=\"widget\" data-widget_type=\"heading.default\">\n\t\t\t\t<div class=\"elementor-widget-container\">\n\t\t\t\t\t<h2 class=\"elementor-heading-title elementor-size-default\">Concr\u00e9tisation et mise en lumi\u00e8re des id\u00e9es<\/h2>\t\t\t\t<\/div>\n\t\t\t\t<\/div>\n\t\t\t\t<div class=\"elementor-element elementor-element-fc46f86 elementor-widget elementor-widget-text-editor\" data-id=\"fc46f86\" data-element_type=\"widget\" data-e-type=\"widget\" data-widget_type=\"text-editor.default\">\n\t\t\t\t<div class=\"elementor-widget-container\">\n\t\t\t\t\t\t\t\t\t<p>L\u2019expertise de Gerontim a pu donner forme \u00e0 l\u2019id\u00e9e initiale qu\u2019avait l\u2019\u00e9tablissement. L\u2019\u00e9tude de faisabilit\u00e9 architecturale a valid\u00e9 la possibilit\u00e9 d\u2019agrandir la capacit\u00e9 d\u2019accueil et de restructurer l\u2019\u00e9tablissement dans une <strong>approche plus domiciliaire<\/strong>.<\/p><p>La solution propos\u00e9e de restructuration-extension a notamment tenu compte de l\u2019intention originale de la direction de cr\u00e9er un <strong>EHPAD-ville o\u00f9 se m\u00ealent animations, ambiance, activit\u00e9s, interactions et rencontres<\/strong> en\u00a0:<\/p><ul><li>Renfor\u00e7ant la palette de locaux collectifs, avec l\u2019ajout d\u2019un belv\u00e9d\u00e8re sur la ville abritant un espace culturel (comprenant de la documentation, des expositions photos\u2026) et un lieu de culte,<\/li><li>Combinant la dispersion de tous les locaux collectifs et professionnels dans un style \u00ab patchwork \u00bb se voulant surprenant, amusant, contrairement au classique unit\u00e9 \/ locaux collectifs centraux.<\/li><\/ul><p><em>\u00ab\u00a0L\u2019accompagnement r\u00e9alis\u00e9 par Gerontim nous a vraiment confort\u00e9s sur la poursuite du projet architectural de notre EHPAD.\u00a0\u00bb<\/em><\/p>\t\t\t\t\t\t\t\t<\/div>\n\t\t\t\t<\/div>\n\t\t\t\t\t<\/div>\n\t\t<\/div>\n\t\t\t\t\t<\/div>\n\t\t<\/section>\n\t\t\t\t<section class=\"elementor-section elementor-top-section elementor-element elementor-element-03ef184 elementor-section-stretched actu-texte elementor-section-boxed elementor-section-height-default elementor-section-height-default\" data-id=\"03ef184\" data-element_type=\"section\" data-e-type=\"section\" data-settings=\"{&quot;stretch_section&quot;:&quot;section-stretched&quot;}\">\n\t\t\t\t\t\t<div class=\"elementor-container elementor-column-gap-default\">\n\t\t\t\t\t<div class=\"elementor-column elementor-col-100 elementor-top-column elementor-element elementor-element-6ce20d9\" data-id=\"6ce20d9\" data-element_type=\"column\" data-e-type=\"column\">\n\t\t\t<div class=\"elementor-widget-wrap elementor-element-populated\">\n\t\t\t\t\t\t<div class=\"elementor-element elementor-element-757a039 elementor-widget elementor-widget-heading\" data-id=\"757a039\" data-element_type=\"widget\" data-e-type=\"widget\" data-widget_type=\"heading.default\">\n\t\t\t\t<div class=\"elementor-widget-container\">\n\t\t\t\t\t<h2 class=\"elementor-heading-title elementor-size-default\">Une exp\u00e9rience enrichissante<\/h2>\t\t\t\t<\/div>\n\t\t\t\t<\/div>\n\t\t\t\t<div class=\"elementor-element elementor-element-8aa39f9 elementor-widget elementor-widget-text-editor\" data-id=\"8aa39f9\" data-element_type=\"widget\" data-e-type=\"widget\" data-widget_type=\"text-editor.default\">\n\t\t\t\t<div class=\"elementor-widget-container\">\n\t\t\t\t\t\t\t\t\t<p><em>\u00ab Avec chacun des interlocuteurs qui nous ont accompagn\u00e9s, nous avons eu un excellent contact, et avons appr\u00e9ci\u00e9 leurs comp\u00e9tences, leur disponibilit\u00e9, et leur \u00e9coute attentive. Les \u00e9changes men\u00e9s avec Gerontim ont repos\u00e9 sur un travail collaboratif tr\u00e8s enrichissant, qui nous a permis de mettre en lumi\u00e8re les atouts et les failles de l\u2019EHPAD pour faire avancer notre projet architectural. \u00bb<\/em><\/p><p>\u00c0 la suite de cette collaboration, la direction de l\u2019EHPAD l\u2019Ermitage a \u00e9t\u00e9 re\u00e7u \u00e0 plusieurs reprises par les Autorit\u00e9s pour d\u00e9fendre le projet, qui devrait se concr\u00e9tiser \u00e0 horizon 2031.<\/p>\t\t\t\t\t\t\t\t<\/div>\n\t\t\t\t<\/div>\n\t\t\t\t\t<\/div>\n\t\t<\/div>\n\t\t\t\t\t<\/div>\n\t\t<\/section>\n\t\t\t\t<section class=\"elementor-section elementor-top-section elementor-element elementor-element-9ad4da8 elementor-section-stretched elementor-section-full_width noprint elementor-section-height-default elementor-section-height-default\" data-id=\"9ad4da8\" data-element_type=\"section\" data-e-type=\"section\" id=\"cta-demarrer\" data-settings=\"{&quot;stretch_section&quot;:&quot;section-stretched&quot;}\">\n\t\t\t\t\t\t<div class=\"elementor-container elementor-column-gap-no\">\n\t\t\t\t\t<div class=\"elementor-column elementor-col-100 elementor-top-column elementor-element elementor-element-3b28be0\" data-id=\"3b28be0\" data-element_type=\"column\" data-e-type=\"column\">\n\t\t\t<div class=\"elementor-widget-wrap elementor-element-populated\">\n\t\t\t\t\t\t<div class=\"elementor-element elementor-element-e40d15f elementor-cta--skin-classic elementor-animated-content elementor-bg-transform elementor-bg-transform-zoom-in elementor-widget elementor-widget-call-to-action\" data-id=\"e40d15f\" data-element_type=\"widget\" data-e-type=\"widget\" data-widget_type=\"call-to-action.default\">\n\t\t\t\t<div class=\"elementor-widget-container\">\n\t\t\t\t\t\t\t<div class=\"elementor-cta\">\n\t\t\t\t\t\t\t<div class=\"elementor-cta__content\">\n\t\t\t\t\t\t\t\t\t<div class=\"elementor-content-item elementor-cta__content-item elementor-icon-wrapper elementor-cta__icon elementor-view-default\">\n\t\t\t\t\t\t<div class=\"elementor-icon\">\n\t\t\t\t\t\t\t<i aria-hidden=\"true\" class=\"fas fa-trophy\"><\/i>\t\t\t\t\t\t<\/div>\n\t\t\t\t\t<\/div>\n\t\t\t\t\n\t\t\t\t\t\t\t\t\t<h3 class=\"elementor-cta__title elementor-cta__content-item elementor-content-item\">\n\t\t\t\t\t\tBesoin d\u2019un expert pour le projet architectural de votre EHPAD ?\t\t\t\t\t<\/h3>\n\t\t\t\t\n\t\t\t\t\t\t\t\t\t<div class=\"elementor-cta__description elementor-cta__content-item elementor-content-item\">\n\t\t\t\t\t\tConsultez-nous !\t\t\t\t\t<\/div>\n\t\t\t\t\n\t\t\t\t\t\t\t\t\t<div class=\"elementor-cta__button-wrapper elementor-cta__content-item elementor-content-item \">\n\t\t\t\t\t<a class=\"elementor-cta__button elementor-button elementor-size-\" href=\"https:\/\/www.gerontim.com\/fr\/contact\/\">\n\t\t\t\t\t\tDEMARRER L'AVENTURE !\t\t\t\t\t<\/a>\n\t\t\t\t\t<\/div>\n\t\t\t\t\t\t\t<\/div>\n\t\t\t\t\t\t<\/div>\n\t\t\t\t\t\t<\/div>\n\t\t\t\t<\/div>\n\t\t\t\t\t<\/div>\n\t\t<\/div>\n\t\t\t\t\t<\/div>\n\t\t<\/section>\n\t\t\t\t<section class=\"elementor-section elementor-top-section elementor-element elementor-element-fe3bae7 elementor-section-boxed elementor-section-height-default elementor-section-height-default\" data-id=\"fe3bae7\" data-element_type=\"section\" data-e-type=\"section\">\n\t\t\t\t\t\t<div class=\"elementor-container elementor-column-gap-default\">\n\t\t\t\t\t<div class=\"elementor-column elementor-col-100 elementor-top-column elementor-element elementor-element-20e7395\" data-id=\"20e7395\" data-element_type=\"column\" data-e-type=\"column\">\n\t\t\t<div class=\"elementor-widget-wrap elementor-element-populated\">\n\t\t\t\t\t\t<div class=\"elementor-element elementor-element-5bc270e elementor-widget elementor-widget-global elementor-global-4226 elementor-widget-html\" data-id=\"5bc270e\" data-element_type=\"widget\" data-e-type=\"widget\" data-widget_type=\"html.default\">\n\t\t\t\t<div class=\"elementor-widget-container\">\n\t\t\t\t\t\t\t\t\t<\/div>\n\t\t\t\t<\/div>\n\t\t\t\t\t<\/div>\n\t\t<\/div>\n\t\t\t\t\t<\/div>\n\t\t<\/section>\n\t\t\t\t<aside class=\"elementor-section elementor-top-section elementor-element elementor-element-6141c08 elementor-section-height-min-height noprint elementor-section-boxed elementor-section-height-default elementor-section-items-middle\" data-id=\"6141c08\" data-element_type=\"section\" data-e-type=\"section\" id=\"bloc-ensavoirplus\" data-settings=\"{&quot;background_background&quot;:&quot;classic&quot;}\">\n\t\t\t\t\t\t\t<div class=\"elementor-background-overlay\"><\/div>\n\t\t\t\t\t\t\t<div class=\"elementor-container elementor-column-gap-default\">\n\t\t\t\t\t<div class=\"elementor-column elementor-col-100 elementor-top-column elementor-element elementor-element-6e7945d9\" data-id=\"6e7945d9\" data-element_type=\"column\" data-e-type=\"column\">\n\t\t\t<div class=\"elementor-widget-wrap elementor-element-populated\">\n\t\t\t\t\t\t<div class=\"elementor-element elementor-element-6e3d27d0 uael-dual-heading-align-center elementor-invisible elementor-widget elementor-widget-uael-dual-color-heading\" data-id=\"6e3d27d0\" data-element_type=\"widget\" data-e-type=\"widget\" data-settings=\"{&quot;_animation&quot;:&quot;fadeIn&quot;}\" data-widget_type=\"uael-dual-color-heading.default\">\n\t\t\t\t<div class=\"elementor-widget-container\">\n\t\t\t\t\t\t\t\t\t<div class=\"uael-module-content uael-dual-color-heading uael-stack-desktop-yes uael-heading-stack-\">\n\t\t\t<h2>\n\t\t\t\t\t\t\t\t\t\t\t\t\t\t\t\t<span class=\"uael-before-heading\"><span class=\"elementor-inline-editing uael-dual-heading-text uael-first-text\" data-elementor-setting-key=\"before_heading_text\" data-elementor-inline-editing-toolbar=\"basic\">En savoir plus sur nos<\/span><\/span><span class=\"uael-adv-heading-stack\"><span class=\"elementor-inline-editing uael-dual-heading-text uael-highlight-text\" data-elementor-setting-key=\"second_heading_text\" data-elementor-inline-editing-toolbar=\"basic\">Prestations d\u00e9di\u00e9es \u00e0 vos projet architecturaux<\/span><\/span>\t\t\t\t\t\t\t\t\t\t\t\t\t<\/h2>\n\t\t<\/div>\n\t\t\t\t\t\t<\/div>\n\t\t\t\t<\/div>\n\t\t\t\t<section class=\"elementor-section elementor-inner-section elementor-element elementor-element-1bdce782 elementor-section-content-middle elementor-section-boxed elementor-section-height-default elementor-section-height-default\" data-id=\"1bdce782\" data-element_type=\"section\" data-e-type=\"section\">\n\t\t\t\t\t\t<div class=\"elementor-container elementor-column-gap-default\">\n\t\t\t\t\t<div class=\"elementor-column elementor-col-66 elementor-inner-column elementor-element elementor-element-2103141f\" data-id=\"2103141f\" data-element_type=\"column\" data-e-type=\"column\">\n\t\t\t<div class=\"elementor-widget-wrap elementor-element-populated\">\n\t\t\t\t\t\t<div class=\"elementor-element elementor-element-61e05175 elementor-widget elementor-widget-text-editor\" data-id=\"61e05175\" data-element_type=\"widget\" data-e-type=\"widget\" data-widget_type=\"text-editor.default\">\n\t\t\t\t<div class=\"elementor-widget-container\">\n\t\t\t\t\t\t\t\t\t<p style=\"text-align: left;\">Restructuration, extension, reconstruction ; Gerontim vous accompagne sur l&rsquo;ensemble du projet, depuis les premiers choix strat\u00e9giques jusqu&rsquo;\u00e0 la formalisation architectural d\u00e9taill\u00e9e.<\/p>\t\t\t\t\t\t\t\t<\/div>\n\t\t\t\t<\/div>\n\t\t\t\t\t<\/div>\n\t\t<\/div>\n\t\t\t\t<div class=\"elementor-column elementor-col-33 elementor-inner-column elementor-element elementor-element-1ace2c97\" data-id=\"1ace2c97\" data-element_type=\"column\" data-e-type=\"column\">\n\t\t\t<div class=\"elementor-widget-wrap elementor-element-populated\">\n\t\t\t\t\t\t<div class=\"elementor-element elementor-element-6658cade elementor-widget elementor-widget-image\" data-id=\"6658cade\" data-element_type=\"widget\" data-e-type=\"widget\" data-widget_type=\"image.default\">\n\t\t\t\t<div class=\"elementor-widget-container\">\n\t\t\t\t\t\t\t\t\t\t\t\t<figure class=\"wp-caption\">\n\t\t\t\t\t\t\t\t\t\t<img decoding=\"async\" width=\"300\" height=\"200\" src=\"https:\/\/www.gerontim.com\/wp-content\/uploads\/2019\/10\/plan-projet-architectural-ehpad-300x200.jpg\" class=\"attachment-medium size-medium wp-image-4809\" alt=\"Guider les EHPAD dans leurs projets de construction et restructuration architecturale\" srcset=\"https:\/\/www.gerontim.com\/wp-content\/uploads\/2019\/10\/plan-projet-architectural-ehpad-300x200.jpg 300w, https:\/\/www.gerontim.com\/wp-content\/uploads\/2019\/10\/plan-projet-architectural-ehpad-1024x683.jpg 1024w, https:\/\/www.gerontim.com\/wp-content\/uploads\/2019\/10\/plan-projet-architectural-ehpad-768x512.jpg 768w, https:\/\/www.gerontim.com\/wp-content\/uploads\/2019\/10\/plan-projet-architectural-ehpad-1536x1024.jpg 1536w, https:\/\/www.gerontim.com\/wp-content\/uploads\/2019\/10\/plan-projet-architectural-ehpad.jpg 1920w\" sizes=\"(max-width: 300px) 100vw, 300px\" \/>\t\t\t\t\t\t\t\t\t\t\t<figcaption class=\"widget-image-caption wp-caption-text\"><\/figcaption>\n\t\t\t\t\t\t\t\t\t\t<\/figure>\n\t\t\t\t\t\t\t\t\t<\/div>\n\t\t\t\t<\/div>\n\t\t\t\t\t<\/div>\n\t\t<\/div>\n\t\t\t\t\t<\/div>\n\t\t<\/section>\n\t\t\t\t<div class=\"elementor-element elementor-element-bd612df elementor-align-center elementor-widget elementor-widget-button\" data-id=\"bd612df\" data-element_type=\"widget\" data-e-type=\"widget\" data-widget_type=\"button.default\">\n\t\t\t\t<div class=\"elementor-widget-container\">\n\t\t\t\t\t\t\t\t\t<div class=\"elementor-button-wrapper\">\n\t\t\t\t\t<a class=\"elementor-button elementor-button-link elementor-size-md\" href=\"https:\/\/www.gerontim.com\/fr\/prestations\/projets-architecturaux\/\">\n\t\t\t\t\t\t<span class=\"elementor-button-content-wrapper\">\n\t\t\t\t\t\t\t\t\t<span class=\"elementor-button-text\">Plus d'informations<\/span>\n\t\t\t\t\t<\/span>\n\t\t\t\t\t<\/a>\n\t\t\t\t<\/div>\n\t\t\t\t\t\t\t\t<\/div>\n\t\t\t\t<\/div>\n\t\t\t\t\t<\/div>\n\t\t<\/div>\n\t\t\t\t\t<\/div>\n\t\t<\/aside>\n\t\t\t\t<aside class=\"elementor-section elementor-top-section elementor-element elementor-element-678ddad elementor-section-height-min-height noprint elementor-section-boxed elementor-section-height-default elementor-section-items-middle\" data-id=\"678ddad\" data-element_type=\"section\" data-e-type=\"section\">\n\t\t\t\t\t\t\t<div class=\"elementor-background-overlay\"><\/div>\n\t\t\t\t\t\t\t<div class=\"elementor-container elementor-column-gap-default\">\n\t\t\t\t\t<div class=\"elementor-column elementor-col-100 elementor-top-column elementor-element elementor-element-b397d7d\" data-id=\"b397d7d\" data-element_type=\"column\" data-e-type=\"column\">\n\t\t\t<div class=\"elementor-widget-wrap elementor-element-populated\">\n\t\t\t\t\t\t<div class=\"elementor-section elementor-inner-section elementor-element elementor-element-3cfdea7 elementor-section-boxed elementor-section-height-default elementor-section-height-default\" data-id=\"3cfdea7\" data-element_type=\"section\" data-e-type=\"section\">\n\t\t\t\t\t\t<div class=\"elementor-container elementor-column-gap-default\">\n\t\t\t\t\t<div class=\"elementor-column elementor-col-100 elementor-inner-column elementor-element elementor-element-f9df906\" data-id=\"f9df906\" data-element_type=\"column\" data-e-type=\"column\">\n\t\t\t<div class=\"elementor-widget-wrap elementor-element-populated\">\n\t\t\t\t\t\t<div class=\"elementor-element elementor-element-17b53d7 title-h3 elementor-widget elementor-widget-heading\" data-id=\"17b53d7\" data-element_type=\"widget\" data-e-type=\"widget\" data-widget_type=\"heading.default\">\n\t\t\t\t<div class=\"elementor-widget-container\">\n\t\t\t\t\t<h2 class=\"elementor-heading-title elementor-size-default\">D\u00e9couvrez d'autres contenus<br> qui pourraient <strong>vous int\u00e9resser<\/strong><\/h2>\t\t\t\t<\/div>\n\t\t\t\t<\/div>\n\t\t\t\t\t<\/div>\n\t\t<\/div>\n\t\t\t\t\t<\/div>\n\t\t<\/div>\n\t\t\t\t<div class=\"elementor-element elementor-element-2d7770a uael-post__link-complete-yes uael-post__arrow-outside elementor-widget elementor-widget-uael-posts\" data-id=\"2d7770a\" data-element_type=\"widget\" data-e-type=\"widget\" data-settings=\"{&quot;event_slides_to_show&quot;:3,&quot;event_slides_to_show_tablet&quot;:2,&quot;event_slides_to_show_mobile&quot;:1}\" data-widget_type=\"uael-posts.event\">\n\t\t\t\t<div class=\"elementor-widget-container\">\n\t\t\t\t\t\t\t<div class=\"uael-post__header\">\n\t\t\t\t\t<\/div>\n\t\t<div class=\"uael-post__body\">\n\t\t\t\n\t\t\n\t\t<div class=\"uael-post-grid uael-posts\" data-query-type=\"custom\" data-structure=\"carousel\" data-layout=\"\" data-page=\"11814\" data-skin=\"event\" data-filter-default=\"\" data-offset-top=\"30\" data-post_slider=\"{&quot;slidesToShow&quot;:3,&quot;slidesToScroll&quot;:1,&quot;autoplaySpeed&quot;:5000,&quot;autoplay&quot;:false,&quot;infinite&quot;:true,&quot;pauseOnHover&quot;:false,&quot;speed&quot;:500,&quot;arrows&quot;:true,&quot;dots&quot;:true,&quot;rtl&quot;:false,&quot;prevArrow&quot;:&quot;&lt;button type=\\&quot;button\\&quot; data-role=\\&quot;none\\&quot; class=\\&quot;slick-prev\\&quot; aria-label=\\&quot;Previous\\&quot; tabindex=\\&quot;0\\&quot; role=\\&quot;button\\&quot;&gt;&lt;i class=\\&quot;fa fa-angle-left\\&quot;&gt;&lt;\\\/i&gt;&lt;\\\/button&gt;&quot;,&quot;nextArrow&quot;:&quot;&lt;button type=\\&quot;button\\&quot; data-role=\\&quot;none\\&quot; class=\\&quot;slick-next\\&quot; aria-label=\\&quot;Next\\&quot; tabindex=\\&quot;0\\&quot; role=\\&quot;button\\&quot;&gt;&lt;i class=\\&quot;fa fa-angle-right\\&quot;&gt;&lt;\\\/i&gt;&lt;\\\/button&gt;&quot;,&quot;responsive&quot;:[{&quot;breakpoint&quot;:1024,&quot;settings&quot;:{&quot;slidesToShow&quot;:2,&quot;slidesToScroll&quot;:2}},{&quot;breakpoint&quot;:767,&quot;settings&quot;:{&quot;slidesToShow&quot;:1,&quot;slidesToScroll&quot;:1}}]}\" data-equal-height=\"yes\" data-post-count=\"9\">\n\n\t\t\t\t\t\t\t<div class=\"uael-post-grid__inner uael-post__columns-3 uael-post__columns-tablet-2 uael-post__columns-mobile-1\">\n\t\t\t\n\n<div class=\"uael-post-wrapper   billets-d&#039;experts \">\n\t<div class=\"uael-post__bg-wrap uael-bg-wrap-disabled\">\n\n\t\t\t\t\t<a href=\"https:\/\/www.gerontim.com\/fr\/articles\/experts\/ehpad-lieu-de-vie-avantages\/\" target=\"_self\" class=\"uael-post__complete-box-overlay\" aria-label=\"Link Complete Box\"><\/a>\n\t\t\t\t\n\t\t<div class=\"uael-post__inner-wrap uael-inner-wrap-disabled\">\n\n\t\t\t\t<div class=\"uael-post__thumbnail \">\n\t\t\t\t\t\t<a target=\"_self\" href=\"https:\/\/www.gerontim.com\/fr\/articles\/experts\/ehpad-lieu-de-vie-avantages\/\" title=\"EHPAD lieu de vie\u00a0: quels avantages en mati\u00e8re de RH et de finances\u00a0?\"><img decoding=\"async\" src=\"https:\/\/www.gerontim.com\/wp-content\/uploads\/elementor\/thumbs\/avantages-ehpad-lieu-de-vie-rdl34sw2oqmrxg58zfht1rj0yxqldh8bxs37euhz10.jpg\" title=\"avantages-ehpad-lieu-de-vie\" alt=\"Aide soignante qui discute avec une personne \u00e2g\u00e9e dans un EHPAD lieu de vie\" loading=\"lazy\" \/><\/a>\n\t\t\t\t\t<div class=\"uael-post__datebox \">\n\t\t\t\t<div class=\"uael-post__date-wrap\">\n\t\t\t\t\t\t\t\t\t\t<span class='uael-post__date-month'>Oct<\/span><span class='uael-post__date-day'>27<\/span>\t\t\t\t<\/div>\t\t\t\t\n\t\t\t<\/div>\n\t\t<\/div>\n\t\t\n\t\t\t\n\t\t\t<div class=\"uael-post__content-wrap uael-content-wrap-disabled\">\n\n\t\t\t\t\t<h3 class=\"uael-post__title\">\n\n\t\t\n\t\t\t\t\t\t<a href=\"https:\/\/www.gerontim.com\/fr\/articles\/experts\/ehpad-lieu-de-vie-avantages\/\" target=\"_self\">\n\t\t\t\tEHPAD lieu de vie\u00a0: quels avantages en mati\u00e8re de RH et de finances\u00a0?\t\t\t<\/a>\n\n\t\t\t\t<\/h3>\n\t\t\t\t\t<div class=\"uael-post__meta-data\">\n\t\t\t\t\t<\/div>\n\t\t\n\t\t<div class=\"uael-post__excerpt\">\n\t\t\tLa r\u00e9alisation architecturale d\u2019un EHPAD lieu de vie peut soulager certaines difficult\u00e9s, avec de forts avantages potentiels c\u00f4t\u00e9 RH sur la qualit\u00e9 de vie au travail (QVT), et c\u00f4t\u00e9 finances sur les co\u00fbts de fonctionnement et d\u2019investissement.\t\t<\/div>\n\n\t\t\t\t\t<\/div>\n\t\t\t\n\t\t<\/div>\n\t\t\n\n\t<\/div>\n\n<\/div>\n\n\n<div class=\"uael-post-wrapper   billets-d&#039;experts \">\n\t<div class=\"uael-post__bg-wrap uael-bg-wrap-disabled\">\n\n\t\t\t\t\t<a href=\"https:\/\/www.gerontim.com\/fr\/articles\/experts\/ehpad-lieu-de-vie-par-nature\/\" target=\"_self\" class=\"uael-post__complete-box-overlay\" aria-label=\"Link Complete Box\"><\/a>\n\t\t\t\t\n\t\t<div class=\"uael-post__inner-wrap uael-inner-wrap-disabled\">\n\n\t\t\t\t<div class=\"uael-post__thumbnail \">\n\t\t\t\t\t\t<a target=\"_self\" href=\"https:\/\/www.gerontim.com\/fr\/articles\/experts\/ehpad-lieu-de-vie-par-nature\/\" title=\"L&rsquo;EHPAD : un lieu de vie par nature qui cherche encore \u00e0 s&rsquo;accomplir\"><img decoding=\"async\" src=\"https:\/\/www.gerontim.com\/wp-content\/uploads\/elementor\/thumbs\/ehpad-lieu-de-vie-par-nature-rdl1xzcrcg0j0ycf0x5ngkj2r0smpv8jdu6wd1zmhg.jpg\" title=\"EHPAD lieu de vie par nature\" alt=\"Personnes \u00e2g\u00e9es jardinant dans un EHPAD lieu de vie\" loading=\"lazy\" \/><\/a>\n\t\t\t\t\t<div class=\"uael-post__datebox \">\n\t\t\t\t<div class=\"uael-post__date-wrap\">\n\t\t\t\t\t\t\t\t\t\t<span class='uael-post__date-month'>Oct<\/span><span class='uael-post__date-day'>27<\/span>\t\t\t\t<\/div>\t\t\t\t\n\t\t\t<\/div>\n\t\t<\/div>\n\t\t\n\t\t\t\n\t\t\t<div class=\"uael-post__content-wrap uael-content-wrap-disabled\">\n\n\t\t\t\t\t<h3 class=\"uael-post__title\">\n\n\t\t\n\t\t\t\t\t\t<a href=\"https:\/\/www.gerontim.com\/fr\/articles\/experts\/ehpad-lieu-de-vie-par-nature\/\" target=\"_self\">\n\t\t\t\tL&rsquo;EHPAD : un lieu de vie par nature qui cherche encore \u00e0 s&rsquo;accomplir\t\t\t<\/a>\n\n\t\t\t\t<\/h3>\n\t\t\t\t\t<div class=\"uael-post__meta-data\">\n\t\t\t\t\t<\/div>\n\t\t\n\t\t<div class=\"uael-post__excerpt\">\n\t\t\tL\u2019EHPAD lieu de vie ne se r\u00e9sume pas \u00e0 un lieu de soins : il doit devenir un v\u00e9ritable chez-soi pour les habitants. Malgr\u00e9 les d\u00e9fis humains, financiers et organisationnels, la r\u00e9flexion architecturale et la r\u00e9invention des modes de fonctionnement ouvrent la voie \u00e0 des structures plus accueillantes, adapt\u00e9es aux ...\t\t<\/div>\n\n\t\t\t\t\t<\/div>\n\t\t\t\n\t\t<\/div>\n\t\t\n\n\t<\/div>\n\n<\/div>\n\n\n<div class=\"uael-post-wrapper   actualit\u00e9s gerontim \">\n\t<div class=\"uael-post__bg-wrap uael-bg-wrap-disabled\">\n\n\t\t\t\t\t<a href=\"https:\/\/www.gerontim.com\/fr\/articles\/actus\/approche-domiciliaire-ehpad-article-hospimedia\/\" target=\"_self\" class=\"uael-post__complete-box-overlay\" aria-label=\"Link Complete Box\"><\/a>\n\t\t\t\t\n\t\t<div class=\"uael-post__inner-wrap uael-inner-wrap-disabled\">\n\n\t\t\t\t<div class=\"uael-post__thumbnail \">\n\t\t\t\t\t\t<a target=\"_self\" href=\"https:\/\/www.gerontim.com\/fr\/articles\/actus\/approche-domiciliaire-ehpad-article-hospimedia\/\" title=\"L&rsquo;approche domiciliaire des EHPAD est aussi un enjeu d\u2019attractivit\u00e9 des personnels | HOSPIMEDIA\"><img decoding=\"async\" src=\"https:\/\/www.gerontim.com\/wp-content\/uploads\/elementor\/thumbs\/approche-domiciliaire-ehpad-enjeu-attractivite-personnels-rcibcpt7xoshzgakif308ozh605mu1tc4uj269u45w.jpg\" title=\"MAISON RETRAITE\" alt=\"L&#039;approche domiciliaire des ehpad est aussi un enjeu d&#039;attractivit\u00e9 des personnels.jpg\" loading=\"lazy\" \/><\/a>\n\t\t\t\t\t<div class=\"uael-post__datebox \">\n\t\t\t\t<div class=\"uael-post__date-wrap\">\n\t\t\t\t\t\t\t\t\t\t<span class='uael-post__date-month'>Oct<\/span><span class='uael-post__date-day'>01<\/span>\t\t\t\t<\/div>\t\t\t\t\n\t\t\t<\/div>\n\t\t<\/div>\n\t\t\n\t\t\t\n\t\t\t<div class=\"uael-post__content-wrap uael-content-wrap-disabled\">\n\n\t\t\t\t\t<h3 class=\"uael-post__title\">\n\n\t\t\n\t\t\t\t\t\t<a href=\"https:\/\/www.gerontim.com\/fr\/articles\/actus\/approche-domiciliaire-ehpad-article-hospimedia\/\" target=\"_self\">\n\t\t\t\tL&rsquo;approche domiciliaire des EHPAD est aussi un enjeu d\u2019attractivit\u00e9 des personnels | HOSPIMEDIA\t\t\t<\/a>\n\n\t\t\t\t<\/h3>\n\t\t\t\t\t<div class=\"uael-post__meta-data\">\n\t\t\t\t\t<\/div>\n\t\t\n\t\t<div class=\"uael-post__excerpt\">\n\t\t\tHospimedia consacre un article \u00e0 notre vision : transformer les EHPAD en v\u00e9ritables lieux de vie gr\u00e2ce \u00e0 l\u2019approche domiciliaire.\t\t<\/div>\n\n\t\t\t\t\t<\/div>\n\t\t\t\n\t\t<\/div>\n\t\t\n\n\t<\/div>\n\n<\/div>\n\n\n<div class=\"uael-post-wrapper   actualit\u00e9s g\u00e9rontologie \">\n\t<div class=\"uael-post__bg-wrap uael-bg-wrap-disabled\">\n\n\t\t\t\t\t<a href=\"https:\/\/www.gerontim.com\/fr\/articles\/actus\/plan-aide-investissement-2025\/\" target=\"_self\" class=\"uael-post__complete-box-overlay\" aria-label=\"Link Complete Box\"><\/a>\n\t\t\t\t\n\t\t<div class=\"uael-post__inner-wrap uael-inner-wrap-disabled\">\n\n\t\t\t\t<div class=\"uael-post__thumbnail \">\n\t\t\t\t\t\t<a target=\"_self\" href=\"https:\/\/www.gerontim.com\/fr\/articles\/actus\/plan-aide-investissement-2025\/\" title=\"Plan d\u2019Aide \u00e0 l\u2019Investissement 2025 : quelles sont les modalit\u00e9s\u00a0?\"><img decoding=\"async\" src=\"https:\/\/www.gerontim.com\/wp-content\/uploads\/elementor\/thumbs\/plan-aide-investissement-2025-2-r8xtg0be2o2gzccdk8mlp556f0oewri90gz24njjpw.jpg\" title=\"plan-aide-investissement-2025\" alt=\"Plan d&#039;aide \u00e0 l&#039;investissement 2025\" loading=\"lazy\" \/><\/a>\n\t\t\t\t\t<div class=\"uael-post__datebox \">\n\t\t\t\t<div class=\"uael-post__date-wrap\">\n\t\t\t\t\t\t\t\t\t\t<span class='uael-post__date-month'>Juil<\/span><span class='uael-post__date-day'>18<\/span>\t\t\t\t<\/div>\t\t\t\t\n\t\t\t<\/div>\n\t\t<\/div>\n\t\t\n\t\t\t\n\t\t\t<div class=\"uael-post__content-wrap uael-content-wrap-disabled\">\n\n\t\t\t\t\t<h3 class=\"uael-post__title\">\n\n\t\t\n\t\t\t\t\t\t<a href=\"https:\/\/www.gerontim.com\/fr\/articles\/actus\/plan-aide-investissement-2025\/\" target=\"_self\">\n\t\t\t\tPlan d\u2019Aide \u00e0 l\u2019Investissement 2025 : quelles sont les modalit\u00e9s\u00a0?\t\t\t<\/a>\n\n\t\t\t\t<\/h3>\n\t\t\t\t\t<div class=\"uael-post__meta-data\">\n\t\t\t\t\t<\/div>\n\t\t\n\t\t<div class=\"uael-post__excerpt\">\n\t\t\tUne nouvelle instruction publi\u00e9e le 9 juillet 2025 vient d\u00e9finir les modalit\u00e9s du Plan d\u2019aide \u00e0 l\u2019investissement (PAI) pour les \u00e9tablissements et services m\u00e9dico-sociaux accueillant des personnes \u00e2g\u00e9es. Ce nouveau plan d\u2019aide \u00e0 l\u2019investissement mobilise 83 millions d\u2019euros pour la p\u00e9riode 2025-2027.\t\t<\/div>\n\n\t\t\t\t\t<\/div>\n\t\t\t\n\t\t<\/div>\n\t\t\n\n\t<\/div>\n\n<\/div>\n\n\n<div class=\"uael-post-wrapper   actualit\u00e9s success-story \">\n\t<div class=\"uael-post__bg-wrap uael-bg-wrap-disabled\">\n\n\t\t\t\t\t<a href=\"https:\/\/www.gerontim.com\/fr\/articles\/actus\/temoignage-etude-faisabilite-architecturale-ehpad-ardennes\/\" target=\"_self\" class=\"uael-post__complete-box-overlay\" aria-label=\"Link Complete Box\"><\/a>\n\t\t\t\t\n\t\t<div class=\"uael-post__inner-wrap uael-inner-wrap-disabled\">\n\n\t\t\t\t<div class=\"uael-post__thumbnail \">\n\t\t\t\t\t\t<a target=\"_self\" href=\"https:\/\/www.gerontim.com\/fr\/articles\/actus\/temoignage-etude-faisabilite-architecturale-ehpad-ardennes\/\" title=\"\u00c9tude de faisabilit\u00e9 architecturale de deux EHPAD publics\u00a0: organisation, co\u00fbts et projections concr\u00e8tes\"><img decoding=\"async\" src=\"https:\/\/www.gerontim.com\/wp-content\/uploads\/elementor\/thumbs\/etude-faisabilite-architecturale-financiere-ehpad-ardennes-r8eoaeqayxlhw9o675j8wrbkhw1blx46ocri1ozes4.png\" title=\"etude-faisabilite-architecturale-financiere-ehpad-ardennes\" alt=\"\u00c9tude de faisabilit\u00e9 architecturale et financi\u00e8re pour les EHPAD\" loading=\"lazy\" \/><\/a>\n\t\t\t\t\t<div class=\"uael-post__datebox \">\n\t\t\t\t<div class=\"uael-post__date-wrap\">\n\t\t\t\t\t\t\t\t\t\t<span class='uael-post__date-month'>Juil<\/span><span class='uael-post__date-day'>07<\/span>\t\t\t\t<\/div>\t\t\t\t\n\t\t\t<\/div>\n\t\t<\/div>\n\t\t\n\t\t\t\n\t\t\t<div class=\"uael-post__content-wrap uael-content-wrap-disabled\">\n\n\t\t\t\t\t<h3 class=\"uael-post__title\">\n\n\t\t\n\t\t\t\t\t\t<a href=\"https:\/\/www.gerontim.com\/fr\/articles\/actus\/temoignage-etude-faisabilite-architecturale-ehpad-ardennes\/\" target=\"_self\">\n\t\t\t\t\u00c9tude de faisabilit\u00e9 architecturale de deux EHPAD publics\u00a0: organisation, co\u00fbts et projections concr\u00e8tes\t\t\t<\/a>\n\n\t\t\t\t<\/h3>\n\t\t\t\t\t<div class=\"uael-post__meta-data\">\n\t\t\t\t\t<\/div>\n\t\t\n\t\t<div class=\"uael-post__excerpt\">\n\t\t\tUne \u00e9tude de faisabilit\u00e9 architecturale et financi\u00e8re claire, valid\u00e9e par les financeurs publics, pour concr\u00e9tiser l\u2019\u00e9volution de deux EHPAD publics des Ardennes.\t\t<\/div>\n\n\t\t\t\t\t<\/div>\n\t\t\t\n\t\t<\/div>\n\t\t\n\n\t<\/div>\n\n<\/div>\n\n\n<div class=\"uael-post-wrapper   actualit\u00e9s g\u00e9rontologie \">\n\t<div class=\"uael-post__bg-wrap uael-bg-wrap-disabled\">\n\n\t\t\t\t\t<a href=\"https:\/\/www.gerontim.com\/fr\/articles\/actus\/mise-en-oeuvre-plan-aide-investissement-pai-2024\/\" target=\"_self\" class=\"uael-post__complete-box-overlay\" aria-label=\"Link Complete Box\"><\/a>\n\t\t\t\t\n\t\t<div class=\"uael-post__inner-wrap uael-inner-wrap-disabled\">\n\n\t\t\t\t<div class=\"uael-post__thumbnail \">\n\t\t\t\t\t\t<a target=\"_self\" href=\"https:\/\/www.gerontim.com\/fr\/articles\/actus\/mise-en-oeuvre-plan-aide-investissement-pai-2024\/\" title=\"Mise en \u0153uvre du plan d\u2019aide \u00e0 l\u2019investissement 2024\"><img decoding=\"async\" src=\"https:\/\/www.gerontim.com\/wp-content\/uploads\/elementor\/thumbs\/mise-en-oeuvre-plan-aide-investissement-pai-2024-qojgjd075dare1azesn811ve6k1hkrqwt0z6673fro.jpg\" title=\"Mise en \u0153uvre du plan d\u2019aide \u00e0 l\u2019investissement 2024\" alt=\"Mise en \u0153uvre du plan d\u2019aide \u00e0 l\u2019investissement 2024\" loading=\"lazy\" \/><\/a>\n\t\t\t\t\t<div class=\"uael-post__datebox \">\n\t\t\t\t<div class=\"uael-post__date-wrap\">\n\t\t\t\t\t\t\t\t\t\t<span class='uael-post__date-month'>Mai<\/span><span class='uael-post__date-day'>22<\/span>\t\t\t\t<\/div>\t\t\t\t\n\t\t\t<\/div>\n\t\t<\/div>\n\t\t\n\t\t\t\n\t\t\t<div class=\"uael-post__content-wrap uael-content-wrap-disabled\">\n\n\t\t\t\t\t<h3 class=\"uael-post__title\">\n\n\t\t\n\t\t\t\t\t\t<a href=\"https:\/\/www.gerontim.com\/fr\/articles\/actus\/mise-en-oeuvre-plan-aide-investissement-pai-2024\/\" target=\"_self\">\n\t\t\t\tMise en \u0153uvre du plan d\u2019aide \u00e0 l\u2019investissement 2024\t\t\t<\/a>\n\n\t\t\t\t<\/h3>\n\t\t\t\t\t<div class=\"uael-post__meta-data\">\n\t\t\t\t\t<\/div>\n\t\t\n\t\t<div class=\"uael-post__excerpt\">\n\t\t\tLa nouvelle instruction datant du 17 avril 2024 vient compl\u00e9ter celle du 23 novembre 2023 relative \u00e0 la mise en \u0153uvre du Plan d\u2019Aide \u00e0 l\u2019Investissement des \u00e9tablissements et services pour personnes \u00e2g\u00e9es, en pr\u00e9cisant la mobilisation du reliquat 2023 et les modalit\u00e9s d\u2019engagement des cr\u00e9dits 2024 pour cette fin ...\t\t<\/div>\n\n\t\t\t\t\t<\/div>\n\t\t\t\n\t\t<\/div>\n\t\t\n\n\t<\/div>\n\n<\/div>\n\n\n<div class=\"uael-post-wrapper   actualit\u00e9s g\u00e9rontologie \">\n\t<div class=\"uael-post__bg-wrap uael-bg-wrap-disabled\">\n\n\t\t\t\t\t<a href=\"https:\/\/www.gerontim.com\/fr\/articles\/actus\/renovation-residences-autonomie-pai-2024\/\" target=\"_self\" class=\"uael-post__complete-box-overlay\" aria-label=\"Link Complete Box\"><\/a>\n\t\t\t\t\n\t\t<div class=\"uael-post__inner-wrap uael-inner-wrap-disabled\">\n\n\t\t\t\t<div class=\"uael-post__thumbnail \">\n\t\t\t\t\t\t<a target=\"_self\" href=\"https:\/\/www.gerontim.com\/fr\/articles\/actus\/renovation-residences-autonomie-pai-2024\/\" title=\"R\u00e9novation des r\u00e9sidences autonomie : 36 millions d&rsquo;euros d&rsquo;aide \u00e0 l&rsquo;investissement en 2024\"><img decoding=\"async\" src=\"https:\/\/www.gerontim.com\/wp-content\/uploads\/elementor\/thumbs\/renovation-residences-autonomie-plan-aide-investissement-2024-qlvg0nb5vhk1e3o3qpf2r7vab0wn9hk4ydkuu5op04.jpg\" title=\"renovation-residences-autonomie-plan-aide-investissement-2024\" alt=\"R\u00e9novation des r\u00e9sidences autonomie\" loading=\"lazy\" \/><\/a>\n\t\t\t\t\t<div class=\"uael-post__datebox \">\n\t\t\t\t<div class=\"uael-post__date-wrap\">\n\t\t\t\t\t\t\t\t\t\t<span class='uael-post__date-month'>Avr<\/span><span class='uael-post__date-day'>08<\/span>\t\t\t\t<\/div>\t\t\t\t\n\t\t\t<\/div>\n\t\t<\/div>\n\t\t\n\t\t\t\n\t\t\t<div class=\"uael-post__content-wrap uael-content-wrap-disabled\">\n\n\t\t\t\t\t<h3 class=\"uael-post__title\">\n\n\t\t\n\t\t\t\t\t\t<a href=\"https:\/\/www.gerontim.com\/fr\/articles\/actus\/renovation-residences-autonomie-pai-2024\/\" target=\"_self\">\n\t\t\t\tR\u00e9novation des r\u00e9sidences autonomie : 36 millions d&rsquo;euros d&rsquo;aide \u00e0 l&rsquo;investissement en 2024\t\t\t<\/a>\n\n\t\t\t\t<\/h3>\n\t\t\t\t\t<div class=\"uael-post__meta-data\">\n\t\t\t\t\t<\/div>\n\t\t\n\t\t<div class=\"uael-post__excerpt\">\n\t\t\tL\u2019appel \u00e0 projet de l\u2019Assurance retraite et la CNSA pr\u00e9voit une enveloppe de 36 millions \u20ac pour financer les travaux de r\u00e9novation des r\u00e9sidences autonomies dans le cadre de leur appel \u00e0 projets 2024. D\u00e9couvrez comment b\u00e9n\u00e9ficier de ce financement pour l\u2019Aide \u00e0 l\u2019investissement.\t\t<\/div>\n\n\t\t\t\t\t<\/div>\n\t\t\t\n\t\t<\/div>\n\t\t\n\n\t<\/div>\n\n<\/div>\n\n\n<div class=\"uael-post-wrapper   billets-d&#039;experts \">\n\t<div class=\"uael-post__bg-wrap uael-bg-wrap-disabled\">\n\n\t\t\t\t\t<a href=\"https:\/\/www.gerontim.com\/fr\/articles\/experts\/assistance-maitrise-usage-en-ehpad\/\" target=\"_self\" class=\"uael-post__complete-box-overlay\" aria-label=\"Link Complete Box\"><\/a>\n\t\t\t\t\n\t\t<div class=\"uael-post__inner-wrap uael-inner-wrap-disabled\">\n\n\t\t\t\t<div class=\"uael-post__thumbnail \">\n\t\t\t\t\t\t<a target=\"_self\" href=\"https:\/\/www.gerontim.com\/fr\/articles\/experts\/assistance-maitrise-usage-en-ehpad\/\" title=\"Assistance \u00e0 Ma\u00eetrise d&rsquo;Usage en EHPAD\u00a0: vers un lieu de vie f\u00e9d\u00e9rateur\"><img decoding=\"async\" src=\"https:\/\/www.gerontim.com\/wp-content\/uploads\/elementor\/thumbs\/assistance-a-maitrise-d-usage-en-ehpad-qkrjlgk544u7qx1yr9dytcu72mrnetq9brg9gadndg.jpg\" title=\"Assistance \u00e0 ma\u00eetrise d&rsquo;usage en EHPAD\" alt=\"Assistance \u00e0 ma\u00eetrise d&#039;usage en EHPAD\" loading=\"lazy\" \/><\/a>\n\t\t\t\t\t<div class=\"uael-post__datebox \">\n\t\t\t\t<div class=\"uael-post__date-wrap\">\n\t\t\t\t\t\t\t\t\t\t<span class='uael-post__date-month'>Mar<\/span><span class='uael-post__date-day'>05<\/span>\t\t\t\t<\/div>\t\t\t\t\n\t\t\t<\/div>\n\t\t<\/div>\n\t\t\n\t\t\t\n\t\t\t<div class=\"uael-post__content-wrap uael-content-wrap-disabled\">\n\n\t\t\t\t\t<h3 class=\"uael-post__title\">\n\n\t\t\n\t\t\t\t\t\t<a href=\"https:\/\/www.gerontim.com\/fr\/articles\/experts\/assistance-maitrise-usage-en-ehpad\/\" target=\"_self\">\n\t\t\t\tAssistance \u00e0 Ma\u00eetrise d&rsquo;Usage en EHPAD\u00a0: vers un lieu de vie f\u00e9d\u00e9rateur\t\t\t<\/a>\n\n\t\t\t\t<\/h3>\n\t\t\t\t\t<div class=\"uael-post__meta-data\">\n\t\t\t\t\t<\/div>\n\t\t\n\t\t<div class=\"uael-post__excerpt\">\n\t\t\tQu\u2019est-ce que l\u2019assistance \u00e0 ma\u00eetrise d\u2019usage ? Comment et pourquoi la mettre en \u0153uvre dans son projet architectural ? Notre expert vous explique tout ce que vous devez savoir sur cette d\u00e9marche tourn\u00e9e vers les usagers.\t\t<\/div>\n\n\t\t\t\t\t<\/div>\n\t\t\t\n\t\t<\/div>\n\t\t\n\n\t<\/div>\n\n<\/div>\n\n\n<div class=\"uael-post-wrapper   billets-d&#039;experts \">\n\t<div class=\"uael-post__bg-wrap uael-bg-wrap-disabled\">\n\n\t\t\t\t\t<a href=\"https:\/\/www.gerontim.com\/fr\/articles\/experts\/fonctionnement-habitat-inclusif\/\" target=\"_self\" class=\"uael-post__complete-box-overlay\" aria-label=\"Link Complete Box\"><\/a>\n\t\t\t\t\n\t\t<div class=\"uael-post__inner-wrap uael-inner-wrap-disabled\">\n\n\t\t\t\t<div class=\"uael-post__thumbnail \">\n\t\t\t\t\t\t<a target=\"_self\" href=\"https:\/\/www.gerontim.com\/fr\/articles\/experts\/fonctionnement-habitat-inclusif\/\" title=\"Fonctionnement de l\u2019habitat inclusif : les 4 crit\u00e8res incontournables\"><img decoding=\"async\" src=\"https:\/\/www.gerontim.com\/wp-content\/uploads\/elementor\/thumbs\/fete-groupe-personnes-agees-560x370-1-q90j5dyx47ewun3uae0uvshwq5frr65y6jf2cjob6c.jpg\" title=\"Moment de convivialit\u00e9 entre personnes \u00e2g\u00e9es\" alt=\"Moment de convivialit\u00e9 entre personnes \u00e2g\u00e9es\" loading=\"lazy\" \/><\/a>\n\t\t\t\t\t<div class=\"uael-post__datebox \">\n\t\t\t\t<div class=\"uael-post__date-wrap\">\n\t\t\t\t\t\t\t\t\t\t<span class='uael-post__date-month'>Nov<\/span><span class='uael-post__date-day'>04<\/span>\t\t\t\t<\/div>\t\t\t\t\n\t\t\t<\/div>\n\t\t<\/div>\n\t\t\n\t\t\t\n\t\t\t<div class=\"uael-post__content-wrap uael-content-wrap-disabled\">\n\n\t\t\t\t\t<h3 class=\"uael-post__title\">\n\n\t\t\n\t\t\t\t\t\t<a href=\"https:\/\/www.gerontim.com\/fr\/articles\/experts\/fonctionnement-habitat-inclusif\/\" target=\"_self\">\n\t\t\t\tFonctionnement de l\u2019habitat inclusif : les 4 crit\u00e8res incontournables\t\t\t<\/a>\n\n\t\t\t\t<\/h3>\n\t\t\t\t\t<div class=\"uael-post__meta-data\">\n\t\t\t\t\t<\/div>\n\t\t\n\t\t<div class=\"uael-post__excerpt\">\n\t\t\tComment concevoir un habitat r\u00e9ellement inclusif et obtenir les financements d\u00e9di\u00e9s ? Notre expert Gerontim vous livre les 4 crit\u00e8res essentiels \u00e0 d\u00e9cliner dans le fonctionnement de ce type de logement, peu importe le mod\u00e8le d\u00e9velopp\u00e9. \t\t<\/div>\n\n\t\t\t\t\t<\/div>\n\t\t\t\n\t\t<\/div>\n\t\t\n\n\t<\/div>\n\n<\/div>\n\t\t\t\t<\/div>\n\t\t\t\t\t\t\n\t\t<\/div>\n\n\t\t\t\t\t\t<\/div>\n\t\t<div class=\"uael-post__footer\">\n\t\t\t\t\t<\/div>\n\t\t\t\t\t\t<\/div>\n\t\t\t\t<\/div>\n\t\t\t\t\t<\/div>\n\t\t<\/div>\n\t\t\t\t\t<\/div>\n\t\t<\/aside>\n\t\t\t\t<\/div>\n\t\t","protected":false},"excerpt":{"rendered":"<p>Gerontim a eu le plaisir d\u2019accompagner l\u2019EHPAD l&rsquo;Ermitage (Allier &#8211; 03) dans leur projet de restructuration architecturale. La directrice t\u00e9moigne des b\u00e9n\u00e9fices de la collaboration avec le cabinet.<\/p>\n","protected":false},"author":11,"featured_media":11942,"comment_status":"closed","ping_status":"closed","sticky":false,"template":"","format":"standard","meta":{"site-sidebar-layout":"default","site-content-layout":"default","ast-site-content-layout":"default","site-content-style":"default","site-sidebar-style":"default","ast-global-header-display":"","ast-banner-title-visibility":"","ast-main-header-display":"","ast-hfb-above-header-display":"","ast-hfb-below-header-display":"","ast-hfb-mobile-header-display":"","site-post-title":"","ast-breadcrumbs-content":"","ast-featured-img":"","footer-sml-layout":"","ast-disable-related-posts":"","theme-transparent-header-meta":"default","adv-header-id-meta":"","stick-header-meta":"default","header-above-stick-meta":"","header-main-stick-meta":"","header-below-stick-meta":"","astra-migrate-meta-layouts":"set","ast-page-background-enabled":"default","ast-page-background-meta":{"desktop":{"background-color":"","background-image":"","background-repeat":"repeat","background-position":"center center","background-size":"auto","background-attachment":"scroll","background-type":"","background-media":"","overlay-type":"","overlay-color":"","overlay-opacity":"","overlay-gradient":""},"tablet":{"background-color":"","background-image":"","background-repeat":"repeat","background-position":"center center","background-size":"auto","background-attachment":"scroll","background-type":"","background-media":"","overlay-type":"","overlay-color":"","overlay-opacity":"","overlay-gradient":""},"mobile":{"background-color":"","background-image":"","background-repeat":"repeat","background-position":"center center","background-size":"auto","background-attachment":"scroll","background-type":"","background-media":"","overlay-type":"","overlay-color":"","overlay-opacity":"","overlay-gradient":""}},"ast-content-background-meta":{"desktop":{"background-color":"var(--ast-global-color-5)","background-image":"","background-repeat":"repeat","background-position":"center center","background-size":"auto","background-attachment":"scroll","background-type":"","background-media":"","overlay-type":"","overlay-color":"","overlay-opacity":"","overlay-gradient":""},"tablet":{"background-color":"var(--ast-global-color-5)","background-image":"","background-repeat":"repeat","background-position":"center center","background-size":"auto","background-attachment":"scroll","background-type":"","background-media":"","overlay-type":"","overlay-color":"","overlay-opacity":"","overlay-gradient":""},"mobile":{"background-color":"var(--ast-global-color-5)","background-image":"","background-repeat":"repeat","background-position":"center center","background-size":"auto","background-attachment":"scroll","background-type":"","background-media":"","overlay-type":"","overlay-color":"","overlay-opacity":"","overlay-gradient":""}},"footnotes":""},"categories":[23,76],"tags":[99,84,39,87,88,108],"class_list":["post-11814","post","type-post","status-publish","format-standard","has-post-thumbnail","hentry","category-actus","category-success-story","tag-architecte","tag-besoins-opportunites","tag-ehpad","tag-etude-faisabilite","tag-restructuration","tag-temoignage"],"yoast_head":"<!-- This site is optimized with the Yoast SEO plugin v27.5 - https:\/\/yoast.com\/product\/yoast-seo-wordpress\/ -->\n<title>Projet de restructuration architecturale de l\u2019EHPAD l&#039;Ermitage (03)<\/title>\n<meta name=\"description\" content=\"La Directrice de l&#039;EHPAD l&#039;Ermitage t\u00e9moigne des b\u00e9n\u00e9fices de la collaboration avec Gerontim dans le cadre de son projet architectural.\" \/>\n<meta name=\"robots\" content=\"index, follow, max-snippet:-1, max-image-preview:large, max-video-preview:-1\" \/>\n<link rel=\"canonical\" href=\"https:\/\/www.gerontim.com\/fr\/articles\/actus\/projet-architectural-ehpad-ermitage-temoignage\/\" \/>\n<meta property=\"og:locale\" content=\"fr_FR\" \/>\n<meta property=\"og:type\" content=\"article\" \/>\n<meta property=\"og:title\" content=\"Projet de restructuration architecturale de l\u2019EHPAD l&#039;Ermitage (03)\" \/>\n<meta property=\"og:description\" content=\"La Directrice de l&#039;EHPAD l&#039;Ermitage t\u00e9moigne des b\u00e9n\u00e9fices de la collaboration avec Gerontim dans le cadre de son projet architectural.\" \/>\n<meta property=\"og:url\" content=\"https:\/\/www.gerontim.com\/fr\/articles\/actus\/projet-architectural-ehpad-ermitage-temoignage\/\" \/>\n<meta property=\"og:site_name\" content=\"Gerontim\" \/>\n<meta property=\"article:published_time\" content=\"2025-01-29T10:22:51+00:00\" \/>\n<meta property=\"article:modified_time\" content=\"2025-10-27T10:34:47+00:00\" \/>\n<meta property=\"og:image\" content=\"https:\/\/www.gerontim.com\/wp-content\/uploads\/2025\/01\/photo-lolita-rotureau-directrice-ehpad-ermitage-560x370-1.jpg\" \/>\n\t<meta property=\"og:image:width\" content=\"560\" \/>\n\t<meta property=\"og:image:height\" content=\"370\" \/>\n\t<meta property=\"og:image:type\" content=\"image\/jpeg\" \/>\n<meta name=\"author\" content=\"Romane\" \/>\n<meta name=\"twitter:card\" content=\"summary_large_image\" \/>\n<meta name=\"twitter:creator\" content=\"@Gerontim\" \/>\n<meta name=\"twitter:site\" content=\"@Gerontim\" \/>\n<meta name=\"twitter:label1\" content=\"\u00c9crit par\" \/>\n\t<meta name=\"twitter:data1\" content=\"Romane\" \/>\n\t<meta name=\"twitter:label2\" content=\"Dur\u00e9e de lecture estim\u00e9e\" \/>\n\t<meta name=\"twitter:data2\" content=\"15 minutes\" \/>\n<script type=\"application\/ld+json\" class=\"yoast-schema-graph\">{\"@context\":\"https:\\\/\\\/schema.org\",\"@graph\":[{\"@type\":\"Article\",\"@id\":\"https:\\\/\\\/www.gerontim.com\\\/fr\\\/articles\\\/actus\\\/projet-architectural-ehpad-ermitage-temoignage\\\/#article\",\"isPartOf\":{\"@id\":\"https:\\\/\\\/www.gerontim.com\\\/fr\\\/articles\\\/actus\\\/projet-architectural-ehpad-ermitage-temoignage\\\/\"},\"author\":{\"name\":\"Romane\",\"@id\":\"https:\\\/\\\/www.gerontim.com\\\/fr\\\/#\\\/schema\\\/person\\\/6eafd9f7cebdfc20b8bae27deb6d6b6a\"},\"headline\":\"Projet architectural d\u2019un EHPAD de l\u2019Allier : un accompagnement collaboratif avec Gerontim\",\"datePublished\":\"2025-01-29T10:22:51+00:00\",\"dateModified\":\"2025-10-27T10:34:47+00:00\",\"mainEntityOfPage\":{\"@id\":\"https:\\\/\\\/www.gerontim.com\\\/fr\\\/articles\\\/actus\\\/projet-architectural-ehpad-ermitage-temoignage\\\/\"},\"wordCount\":1305,\"publisher\":{\"@id\":\"https:\\\/\\\/www.gerontim.com\\\/fr\\\/#organization\"},\"image\":{\"@id\":\"https:\\\/\\\/www.gerontim.com\\\/fr\\\/articles\\\/actus\\\/projet-architectural-ehpad-ermitage-temoignage\\\/#primaryimage\"},\"thumbnailUrl\":\"https:\\\/\\\/www.gerontim.com\\\/wp-content\\\/uploads\\\/2025\\\/01\\\/photo-lolita-rotureau-directrice-ehpad-ermitage-560x370-1.jpg\",\"keywords\":[\"Architecte\",\"Besoins &amp; Opportunit\u00e9s\",\"EHPAD\",\"Etude faisabilit\u00e9\",\"Restructuration\",\"T\u00e9moignage\"],\"articleSection\":[\"Actualit\u00e9s\",\"Success story\"],\"inLanguage\":\"fr-FR\"},{\"@type\":\"WebPage\",\"@id\":\"https:\\\/\\\/www.gerontim.com\\\/fr\\\/articles\\\/actus\\\/projet-architectural-ehpad-ermitage-temoignage\\\/\",\"url\":\"https:\\\/\\\/www.gerontim.com\\\/fr\\\/articles\\\/actus\\\/projet-architectural-ehpad-ermitage-temoignage\\\/\",\"name\":\"Projet de restructuration architecturale de l\u2019EHPAD l'Ermitage (03)\",\"isPartOf\":{\"@id\":\"https:\\\/\\\/www.gerontim.com\\\/fr\\\/#website\"},\"primaryImageOfPage\":{\"@id\":\"https:\\\/\\\/www.gerontim.com\\\/fr\\\/articles\\\/actus\\\/projet-architectural-ehpad-ermitage-temoignage\\\/#primaryimage\"},\"image\":{\"@id\":\"https:\\\/\\\/www.gerontim.com\\\/fr\\\/articles\\\/actus\\\/projet-architectural-ehpad-ermitage-temoignage\\\/#primaryimage\"},\"thumbnailUrl\":\"https:\\\/\\\/www.gerontim.com\\\/wp-content\\\/uploads\\\/2025\\\/01\\\/photo-lolita-rotureau-directrice-ehpad-ermitage-560x370-1.jpg\",\"datePublished\":\"2025-01-29T10:22:51+00:00\",\"dateModified\":\"2025-10-27T10:34:47+00:00\",\"description\":\"La Directrice de l'EHPAD l'Ermitage t\u00e9moigne des b\u00e9n\u00e9fices de la collaboration avec Gerontim dans le cadre de son projet architectural.\",\"breadcrumb\":{\"@id\":\"https:\\\/\\\/www.gerontim.com\\\/fr\\\/articles\\\/actus\\\/projet-architectural-ehpad-ermitage-temoignage\\\/#breadcrumb\"},\"inLanguage\":\"fr-FR\",\"potentialAction\":[{\"@type\":\"ReadAction\",\"target\":[\"https:\\\/\\\/www.gerontim.com\\\/fr\\\/articles\\\/actus\\\/projet-architectural-ehpad-ermitage-temoignage\\\/\"]}]},{\"@type\":\"ImageObject\",\"inLanguage\":\"fr-FR\",\"@id\":\"https:\\\/\\\/www.gerontim.com\\\/fr\\\/articles\\\/actus\\\/projet-architectural-ehpad-ermitage-temoignage\\\/#primaryimage\",\"url\":\"https:\\\/\\\/www.gerontim.com\\\/wp-content\\\/uploads\\\/2025\\\/01\\\/photo-lolita-rotureau-directrice-ehpad-ermitage-560x370-1.jpg\",\"contentUrl\":\"https:\\\/\\\/www.gerontim.com\\\/wp-content\\\/uploads\\\/2025\\\/01\\\/photo-lolita-rotureau-directrice-ehpad-ermitage-560x370-1.jpg\",\"width\":560,\"height\":370,\"caption\":\"Portrait de Lolita Rotureau directrice EHPAD l'Ermitage qui a r\u00e9alis\u00e9 un projet architectural avec Gerontim\"},{\"@type\":\"BreadcrumbList\",\"@id\":\"https:\\\/\\\/www.gerontim.com\\\/fr\\\/articles\\\/actus\\\/projet-architectural-ehpad-ermitage-temoignage\\\/#breadcrumb\",\"itemListElement\":[{\"@type\":\"ListItem\",\"position\":1,\"name\":\"Accueil\",\"item\":\"https:\\\/\\\/www.gerontim.com\\\/fr\\\/\"},{\"@type\":\"ListItem\",\"position\":2,\"name\":\"Actualit\u00e9s\",\"item\":\"https:\\\/\\\/www.gerontim.com\\\/fr\\\/articles\\\/actus\\\/\"},{\"@type\":\"ListItem\",\"position\":3,\"name\":\"Projet architectural d\u2019un EHPAD de l\u2019Allier : un accompagnement collaboratif avec Gerontim\"}]},{\"@type\":\"WebSite\",\"@id\":\"https:\\\/\\\/www.gerontim.com\\\/fr\\\/#website\",\"url\":\"https:\\\/\\\/www.gerontim.com\\\/fr\\\/\",\"name\":\"Gerontim\",\"description\":\"L&#039;expertise g\u00e9rontologique\",\"publisher\":{\"@id\":\"https:\\\/\\\/www.gerontim.com\\\/fr\\\/#organization\"},\"potentialAction\":[{\"@type\":\"SearchAction\",\"target\":{\"@type\":\"EntryPoint\",\"urlTemplate\":\"https:\\\/\\\/www.gerontim.com\\\/fr\\\/?s={search_term_string}\"},\"query-input\":{\"@type\":\"PropertyValueSpecification\",\"valueRequired\":true,\"valueName\":\"search_term_string\"}}],\"inLanguage\":\"fr-FR\"},{\"@type\":\"Organization\",\"@id\":\"https:\\\/\\\/www.gerontim.com\\\/fr\\\/#organization\",\"name\":\"Gerontim\",\"url\":\"https:\\\/\\\/www.gerontim.com\\\/fr\\\/\",\"logo\":{\"@type\":\"ImageObject\",\"inLanguage\":\"fr-FR\",\"@id\":\"https:\\\/\\\/www.gerontim.com\\\/fr\\\/#\\\/schema\\\/logo\\\/image\\\/\",\"url\":\"https:\\\/\\\/www.gerontim.com\\\/wp-content\\\/uploads\\\/2019\\\/12\\\/gerontim-logo-sm.png\",\"contentUrl\":\"https:\\\/\\\/www.gerontim.com\\\/wp-content\\\/uploads\\\/2019\\\/12\\\/gerontim-logo-sm.png\",\"width\":140,\"height\":67,\"caption\":\"Gerontim\"},\"image\":{\"@id\":\"https:\\\/\\\/www.gerontim.com\\\/fr\\\/#\\\/schema\\\/logo\\\/image\\\/\"},\"sameAs\":[\"https:\\\/\\\/x.com\\\/Gerontim\",\"https:\\\/\\\/www.linkedin.com\\\/company\\\/gerontim-cabinet-conseil-gerontologie\\\/\"]},{\"@type\":\"Person\",\"@id\":\"https:\\\/\\\/www.gerontim.com\\\/fr\\\/#\\\/schema\\\/person\\\/6eafd9f7cebdfc20b8bae27deb6d6b6a\",\"name\":\"Romane\",\"image\":{\"@type\":\"ImageObject\",\"inLanguage\":\"fr-FR\",\"@id\":\"https:\\\/\\\/secure.gravatar.com\\\/avatar\\\/8ac9200bb3775e3bd3a2f5a85845cfe2716653a29f32bb716d545ada308c9211?s=96&d=mm&r=g\",\"url\":\"https:\\\/\\\/secure.gravatar.com\\\/avatar\\\/8ac9200bb3775e3bd3a2f5a85845cfe2716653a29f32bb716d545ada308c9211?s=96&d=mm&r=g\",\"contentUrl\":\"https:\\\/\\\/secure.gravatar.com\\\/avatar\\\/8ac9200bb3775e3bd3a2f5a85845cfe2716653a29f32bb716d545ada308c9211?s=96&d=mm&r=g\",\"caption\":\"Romane\"}}]}<\/script>\n<!-- \/ Yoast SEO plugin. -->","yoast_head_json":{"title":"Projet de restructuration architecturale de l\u2019EHPAD l'Ermitage (03)","description":"La Directrice de l'EHPAD l'Ermitage t\u00e9moigne des b\u00e9n\u00e9fices de la collaboration avec Gerontim dans le cadre de son projet architectural.","robots":{"index":"index","follow":"follow","max-snippet":"max-snippet:-1","max-image-preview":"max-image-preview:large","max-video-preview":"max-video-preview:-1"},"canonical":"https:\/\/www.gerontim.com\/fr\/articles\/actus\/projet-architectural-ehpad-ermitage-temoignage\/","og_locale":"fr_FR","og_type":"article","og_title":"Projet de restructuration architecturale de l\u2019EHPAD l'Ermitage (03)","og_description":"La Directrice de l'EHPAD l'Ermitage t\u00e9moigne des b\u00e9n\u00e9fices de la collaboration avec Gerontim dans le cadre de son projet architectural.","og_url":"https:\/\/www.gerontim.com\/fr\/articles\/actus\/projet-architectural-ehpad-ermitage-temoignage\/","og_site_name":"Gerontim","article_published_time":"2025-01-29T10:22:51+00:00","article_modified_time":"2025-10-27T10:34:47+00:00","og_image":[{"width":560,"height":370,"url":"https:\/\/www.gerontim.com\/wp-content\/uploads\/2025\/01\/photo-lolita-rotureau-directrice-ehpad-ermitage-560x370-1.jpg","type":"image\/jpeg"}],"author":"Romane","twitter_card":"summary_large_image","twitter_creator":"@Gerontim","twitter_site":"@Gerontim","twitter_misc":{"\u00c9crit par":"Romane","Dur\u00e9e de lecture estim\u00e9e":"15 minutes"},"schema":{"@context":"https:\/\/schema.org","@graph":[{"@type":"Article","@id":"https:\/\/www.gerontim.com\/fr\/articles\/actus\/projet-architectural-ehpad-ermitage-temoignage\/#article","isPartOf":{"@id":"https:\/\/www.gerontim.com\/fr\/articles\/actus\/projet-architectural-ehpad-ermitage-temoignage\/"},"author":{"name":"Romane","@id":"https:\/\/www.gerontim.com\/fr\/#\/schema\/person\/6eafd9f7cebdfc20b8bae27deb6d6b6a"},"headline":"Projet architectural d\u2019un EHPAD de l\u2019Allier : un accompagnement collaboratif avec Gerontim","datePublished":"2025-01-29T10:22:51+00:00","dateModified":"2025-10-27T10:34:47+00:00","mainEntityOfPage":{"@id":"https:\/\/www.gerontim.com\/fr\/articles\/actus\/projet-architectural-ehpad-ermitage-temoignage\/"},"wordCount":1305,"publisher":{"@id":"https:\/\/www.gerontim.com\/fr\/#organization"},"image":{"@id":"https:\/\/www.gerontim.com\/fr\/articles\/actus\/projet-architectural-ehpad-ermitage-temoignage\/#primaryimage"},"thumbnailUrl":"https:\/\/www.gerontim.com\/wp-content\/uploads\/2025\/01\/photo-lolita-rotureau-directrice-ehpad-ermitage-560x370-1.jpg","keywords":["Architecte","Besoins &amp; Opportunit\u00e9s","EHPAD","Etude faisabilit\u00e9","Restructuration","T\u00e9moignage"],"articleSection":["Actualit\u00e9s","Success story"],"inLanguage":"fr-FR"},{"@type":"WebPage","@id":"https:\/\/www.gerontim.com\/fr\/articles\/actus\/projet-architectural-ehpad-ermitage-temoignage\/","url":"https:\/\/www.gerontim.com\/fr\/articles\/actus\/projet-architectural-ehpad-ermitage-temoignage\/","name":"Projet de restructuration architecturale de l\u2019EHPAD l'Ermitage (03)","isPartOf":{"@id":"https:\/\/www.gerontim.com\/fr\/#website"},"primaryImageOfPage":{"@id":"https:\/\/www.gerontim.com\/fr\/articles\/actus\/projet-architectural-ehpad-ermitage-temoignage\/#primaryimage"},"image":{"@id":"https:\/\/www.gerontim.com\/fr\/articles\/actus\/projet-architectural-ehpad-ermitage-temoignage\/#primaryimage"},"thumbnailUrl":"https:\/\/www.gerontim.com\/wp-content\/uploads\/2025\/01\/photo-lolita-rotureau-directrice-ehpad-ermitage-560x370-1.jpg","datePublished":"2025-01-29T10:22:51+00:00","dateModified":"2025-10-27T10:34:47+00:00","description":"La Directrice de l'EHPAD l'Ermitage t\u00e9moigne des b\u00e9n\u00e9fices de la collaboration avec Gerontim dans le cadre de son projet architectural.","breadcrumb":{"@id":"https:\/\/www.gerontim.com\/fr\/articles\/actus\/projet-architectural-ehpad-ermitage-temoignage\/#breadcrumb"},"inLanguage":"fr-FR","potentialAction":[{"@type":"ReadAction","target":["https:\/\/www.gerontim.com\/fr\/articles\/actus\/projet-architectural-ehpad-ermitage-temoignage\/"]}]},{"@type":"ImageObject","inLanguage":"fr-FR","@id":"https:\/\/www.gerontim.com\/fr\/articles\/actus\/projet-architectural-ehpad-ermitage-temoignage\/#primaryimage","url":"https:\/\/www.gerontim.com\/wp-content\/uploads\/2025\/01\/photo-lolita-rotureau-directrice-ehpad-ermitage-560x370-1.jpg","contentUrl":"https:\/\/www.gerontim.com\/wp-content\/uploads\/2025\/01\/photo-lolita-rotureau-directrice-ehpad-ermitage-560x370-1.jpg","width":560,"height":370,"caption":"Portrait de Lolita Rotureau directrice EHPAD l'Ermitage qui a r\u00e9alis\u00e9 un projet architectural avec Gerontim"},{"@type":"BreadcrumbList","@id":"https:\/\/www.gerontim.com\/fr\/articles\/actus\/projet-architectural-ehpad-ermitage-temoignage\/#breadcrumb","itemListElement":[{"@type":"ListItem","position":1,"name":"Accueil","item":"https:\/\/www.gerontim.com\/fr\/"},{"@type":"ListItem","position":2,"name":"Actualit\u00e9s","item":"https:\/\/www.gerontim.com\/fr\/articles\/actus\/"},{"@type":"ListItem","position":3,"name":"Projet architectural d\u2019un EHPAD de l\u2019Allier : un accompagnement collaboratif avec Gerontim"}]},{"@type":"WebSite","@id":"https:\/\/www.gerontim.com\/fr\/#website","url":"https:\/\/www.gerontim.com\/fr\/","name":"Gerontim","description":"L&#039;expertise g\u00e9rontologique","publisher":{"@id":"https:\/\/www.gerontim.com\/fr\/#organization"},"potentialAction":[{"@type":"SearchAction","target":{"@type":"EntryPoint","urlTemplate":"https:\/\/www.gerontim.com\/fr\/?s={search_term_string}"},"query-input":{"@type":"PropertyValueSpecification","valueRequired":true,"valueName":"search_term_string"}}],"inLanguage":"fr-FR"},{"@type":"Organization","@id":"https:\/\/www.gerontim.com\/fr\/#organization","name":"Gerontim","url":"https:\/\/www.gerontim.com\/fr\/","logo":{"@type":"ImageObject","inLanguage":"fr-FR","@id":"https:\/\/www.gerontim.com\/fr\/#\/schema\/logo\/image\/","url":"https:\/\/www.gerontim.com\/wp-content\/uploads\/2019\/12\/gerontim-logo-sm.png","contentUrl":"https:\/\/www.gerontim.com\/wp-content\/uploads\/2019\/12\/gerontim-logo-sm.png","width":140,"height":67,"caption":"Gerontim"},"image":{"@id":"https:\/\/www.gerontim.com\/fr\/#\/schema\/logo\/image\/"},"sameAs":["https:\/\/x.com\/Gerontim","https:\/\/www.linkedin.com\/company\/gerontim-cabinet-conseil-gerontologie\/"]},{"@type":"Person","@id":"https:\/\/www.gerontim.com\/fr\/#\/schema\/person\/6eafd9f7cebdfc20b8bae27deb6d6b6a","name":"Romane","image":{"@type":"ImageObject","inLanguage":"fr-FR","@id":"https:\/\/secure.gravatar.com\/avatar\/8ac9200bb3775e3bd3a2f5a85845cfe2716653a29f32bb716d545ada308c9211?s=96&d=mm&r=g","url":"https:\/\/secure.gravatar.com\/avatar\/8ac9200bb3775e3bd3a2f5a85845cfe2716653a29f32bb716d545ada308c9211?s=96&d=mm&r=g","contentUrl":"https:\/\/secure.gravatar.com\/avatar\/8ac9200bb3775e3bd3a2f5a85845cfe2716653a29f32bb716d545ada308c9211?s=96&d=mm&r=g","caption":"Romane"}}]}},"_links":{"self":[{"href":"https:\/\/www.gerontim.com\/fr\/wp-json\/wp\/v2\/posts\/11814","targetHints":{"allow":["GET"]}}],"collection":[{"href":"https:\/\/www.gerontim.com\/fr\/wp-json\/wp\/v2\/posts"}],"about":[{"href":"https:\/\/www.gerontim.com\/fr\/wp-json\/wp\/v2\/types\/post"}],"author":[{"embeddable":true,"href":"https:\/\/www.gerontim.com\/fr\/wp-json\/wp\/v2\/users\/11"}],"replies":[{"embeddable":true,"href":"https:\/\/www.gerontim.com\/fr\/wp-json\/wp\/v2\/comments?post=11814"}],"version-history":[{"count":85,"href":"https:\/\/www.gerontim.com\/fr\/wp-json\/wp\/v2\/posts\/11814\/revisions"}],"predecessor-version":[{"id":12592,"href":"https:\/\/www.gerontim.com\/fr\/wp-json\/wp\/v2\/posts\/11814\/revisions\/12592"}],"wp:featuredmedia":[{"embeddable":true,"href":"https:\/\/www.gerontim.com\/fr\/wp-json\/wp\/v2\/media\/11942"}],"wp:attachment":[{"href":"https:\/\/www.gerontim.com\/fr\/wp-json\/wp\/v2\/media?parent=11814"}],"wp:term":[{"taxonomy":"category","embeddable":true,"href":"https:\/\/www.gerontim.com\/fr\/wp-json\/wp\/v2\/categories?post=11814"},{"taxonomy":"post_tag","embeddable":true,"href":"https:\/\/www.gerontim.com\/fr\/wp-json\/wp\/v2\/tags?post=11814"}],"curies":[{"name":"wp","href":"https:\/\/api.w.org\/{rel}","templated":true}]}}