{"id":11380,"date":"2024-03-05T15:57:22","date_gmt":"2024-03-05T14:57:22","guid":{"rendered":"https:\/\/www.gerontim.com\/?p=11380"},"modified":"2025-10-27T11:22:45","modified_gmt":"2025-10-27T10:22:45","slug":"assistance-maitrise-usage-en-ehpad","status":"publish","type":"post","link":"https:\/\/www.gerontim.com\/fr\/articles\/experts\/assistance-maitrise-usage-en-ehpad\/","title":{"rendered":"Assistance \u00e0 Ma\u00eetrise d&rsquo;Usage en EHPAD\u00a0: vers un lieu de vie f\u00e9d\u00e9rateur"},"content":{"rendered":"\t\t<div data-elementor-type=\"wp-post\" data-elementor-id=\"11380\" class=\"elementor elementor-11380\" data-elementor-post-type=\"post\">\n\t\t\t\t\t\t<section class=\"elementor-section elementor-top-section elementor-element elementor-element-7fbca37 elementor-section-stretched elementor-section-boxed elementor-section-height-default elementor-section-height-default\" data-id=\"7fbca37\" data-element_type=\"section\" data-e-type=\"section\" data-settings=\"{&quot;stretch_section&quot;:&quot;section-stretched&quot;,&quot;background_background&quot;:&quot;classic&quot;}\">\n\t\t\t\t\t\t<div class=\"elementor-container elementor-column-gap-wider\">\n\t\t\t\t\t<div class=\"elementor-column elementor-col-100 elementor-top-column elementor-element elementor-element-a9b7505\" data-id=\"a9b7505\" data-element_type=\"column\" data-e-type=\"column\">\n\t\t\t<div class=\"elementor-widget-wrap elementor-element-populated\">\n\t\t\t\t\t\t<div class=\"elementor-element elementor-element-c88e4a3 elementor-widget elementor-widget-text-editor\" data-id=\"c88e4a3\" data-element_type=\"widget\" data-e-type=\"widget\" data-widget_type=\"text-editor.default\">\n\t\t\t\t<div class=\"elementor-widget-container\">\n\t\t\t\t\t\t\t\t\t<p>Les derni\u00e8res <strong><a href=\"https:\/\/www.gerontim.com\/fr\/articles\/actus\/plan-aide-investissement-pai-2022-2023\/\">instructions du PAI<\/a><\/strong> produites par la CNSA (24 septembre 2021 et 25 avril 2022) invitent <a href=\"https:\/\/www.gerontim.com\/fr\/articles\/actus\/projet-architectural-ehpad-ermitage-temoignage\/\">les \u00e9tablissements d\u00e9sireux de restructurer leur b\u00e2ti<\/a> \u00e0 d\u00e9velopper leur projet suivant cinq topics. Parmi ces cinq points essentiels, la <strong>\u201cqualit\u00e9 de conception<em>\u201d<\/em><\/strong> implique qu\u2019un <strong>\u201cappel \u00e0 une Assistance \u00e0 Ma\u00eetrise d\u2019Usage\u201d<\/strong> est essentiel d\u00e8s les premi\u00e8res phases d\u2019une <a href=\"https:\/\/www.gerontim.com\/fr\/prestations\/projets-architecturaux\/\">op\u00e9ration architecturale\u00a0d\u2019un EHPAD<\/a> ; c\u2019est donc \u00e0 ce titre qu\u2019est invoqu\u00e9e l\u2019Assistance \u00e0 Ma\u00eetrise d\u2019Usage.<\/p><p>Voici d\u2019ailleurs la d\u00e9finition propos\u00e9e dans <a rel=\"noreferrer noopener\" href=\"https:\/\/www.cnsa.fr\/documentation\/2022_-_cnsa_-_instruction_technique_pai_pa_et_paiq.pdf\">l\u2019instruction du 25 avril 2022<\/a>\u00a0: <br \/>\u00ab L\u2019AMU peut se d\u00e9finir comme un domaine d\u2019activit\u00e9s et de missions professionnelles visant \u00e0 int\u00e9grer les besoins et les aspirations des usagers et \u00e0 associer ceux-ci \u00e0 certains choix\/ d\u00e9cisions du cadre de vie b\u00e2ti, de la phase \u00ab strat\u00e9gie amont \u00bb \u00e0 l\u2019exploitation. C\u2019est donc la prise en compte des besoins\/pratiques\/attentes\/difficult\u00e9s des usagers d\u2019un lieu dans la d\u00e9finition d\u2019un projet. \u00bb<\/p><p>Pour autant, l\u2019Assistance \u00e0 Ma\u00eetrise d\u2019Usage demeure un concept relativement flou dans sa d\u00e9finition, assez peu tangible dans son apport, et sa mise en \u0153uvre reste allusive.<\/p>\t\t\t\t\t\t\t\t<\/div>\n\t\t\t\t<\/div>\n\t\t\t\t\t<\/div>\n\t\t<\/div>\n\t\t\t\t\t<\/div>\n\t\t<\/section>\n\t\t\t\t<section class=\"elementor-section elementor-top-section elementor-element elementor-element-8d38eb9 elementor-section-stretched billet-texte elementor-section-boxed elementor-section-height-default elementor-section-height-default\" data-id=\"8d38eb9\" data-element_type=\"section\" data-e-type=\"section\" data-settings=\"{&quot;stretch_section&quot;:&quot;section-stretched&quot;}\">\n\t\t\t\t\t\t<div class=\"elementor-container elementor-column-gap-default\">\n\t\t\t\t\t<div class=\"elementor-column elementor-col-100 elementor-top-column elementor-element elementor-element-181c929\" data-id=\"181c929\" data-element_type=\"column\" data-e-type=\"column\">\n\t\t\t<div class=\"elementor-widget-wrap elementor-element-populated\">\n\t\t\t\t\t\t<div class=\"elementor-element elementor-element-e6a8524 elementor-widget elementor-widget-heading\" data-id=\"e6a8524\" data-element_type=\"widget\" data-e-type=\"widget\" data-widget_type=\"heading.default\">\n\t\t\t\t<div class=\"elementor-widget-container\">\n\t\t\t\t\t<h2 class=\"elementor-heading-title elementor-size-default\">Qu'est-ce que l'Assistance \u00e0 Ma\u00eetrise d'Usage ?<\/h2>\t\t\t\t<\/div>\n\t\t\t\t<\/div>\n\t\t\t\t<div class=\"elementor-element elementor-element-2ddfac7 elementor-widget-divider--view-line elementor-widget elementor-widget-divider\" data-id=\"2ddfac7\" data-element_type=\"widget\" data-e-type=\"widget\" data-widget_type=\"divider.default\">\n\t\t\t\t<div class=\"elementor-widget-container\">\n\t\t\t\t\t\t\t<div class=\"elementor-divider\">\n\t\t\t<span class=\"elementor-divider-separator\">\n\t\t\t\t\t\t<\/span>\n\t\t<\/div>\n\t\t\t\t\t\t<\/div>\n\t\t\t\t<\/div>\n\t\t\t\t<div class=\"elementor-element elementor-element-f3230e9 elementor-widget elementor-widget-text-editor\" data-id=\"f3230e9\" data-element_type=\"widget\" data-e-type=\"widget\" data-widget_type=\"text-editor.default\">\n\t\t\t\t<div class=\"elementor-widget-container\">\n\t\t\t\t\t\t\t\t\t<p>Comme nous l\u2019avons \u00e9voqu\u00e9, la CNSA propose sa propre d\u00e9finition de l\u2019Assistance \u00e0 Ma\u00eetrise d\u2019Usage. Celle-ci est largement tir\u00e9e de la d\u00e9finition propos\u00e9e dans le <a rel=\"noreferrer noopener\" href=\"https:\/\/www.reseau-amu.fr\/publications\">Livre blanc de l\u2019Assistance \u00e0 Ma\u00eetrise d\u2019Usage<\/a> (2020), ouvrage port\u00e9 par le R\u00e9seau de l\u2019AMU France, compos\u00e9 de professionnels aux disciplines et comp\u00e9tences vari\u00e9es\u00a0: sciences humaines et sociales, \u00e9ducation populaire, design, architecture, am\u00e9nagement spatial, ergonomie, coaching, \u2026 Autant de domaines qui ont \u00e9t\u00e9 n\u00e9cessaires \u00e0 faire \u00e9merger la notion\u00a0: comme pr\u00e9cis\u00e9 justement en couverture de l\u2019ouvrage qui fait encore r\u00e9f\u00e9rence \u00e0 ce jour, il s\u2019agit de <strong>\u00ab\u00a0Remettre l\u2019humain au c\u0153ur du cadre de vie b\u00e2ti\u00a0\u00bb<\/strong>.<\/p><p>Officiellement, il n\u2019existe pas de d\u00e9finition unique de l\u2019AMU. L\u2019acronyme \u201cAMU\u201d s\u2019est impos\u00e9 dans le monde op\u00e9rationnel par assimilation aux acronymes connus AMO, MOA, MOE, \u2026 et fausse en d\u00e9finitive la vraie port\u00e9e de l\u2019Assistance \u00e0 Ma\u00eetrise d\u2019Usage. Chez Gerontim, derri\u00e8re l\u2019Assistance \u00e0 Ma\u00eetrise d\u2019Usage que nous employons par coh\u00e9rence, nous entendons davantage la notion <strong>d\u2019accompagnement \u00e0 la qualit\u00e9 de conception<\/strong>, traduisible in fine en <strong>qualit\u00e9 d\u2019usage<\/strong>.<\/p><p>L\u00e0 est, selon nous, l\u2019id\u00e9e-cl\u00e9 de l\u2019Assistance \u00e0 Ma\u00eetrise d\u2019Usage\u00a0: les expertises conjugu\u00e9es du m\u00e9dico-social et du b\u00e2timent ne suffisent pas \u00e0 <a href=\"https:\/\/www.gerontim.com\/fr\/articles\/experts\/ehpad-lieu-de-vie-avantages\/\">concevoir un <strong>cadre de vie qualitatif pour ses usagers<\/strong><\/a> si elles sont d\u00e9tach\u00e9es de leur r\u00e9alit\u00e9 du lieu et de leurs entours \u00e0 tous niveaux, si elles ne s\u2019appuient pas \u00e0 la fin sur<strong> l\u2019expertise des usagers, habitants et membres de la communaut\u00e9 de l\u2019EHPAD.<\/strong><\/p><p>En clair, le <strong>projet architectural de votre EHPAD<\/strong> ne peut se concevoir en bureau \u00e0 huis clos, ignorant alors la r\u00e9alit\u00e9 du v\u00e9cu au quotidien, les perceptions, repr\u00e9sentations et exp\u00e9riences des personnes dans leur cadre de vie, et manifestement leurs expertises d\u2019usage.<\/p>\t\t\t\t\t\t\t\t<\/div>\n\t\t\t\t<\/div>\n\t\t\t\t<div class=\"elementor-element elementor-element-f1a7778 elementor-widget elementor-widget-text-editor\" data-id=\"f1a7778\" data-element_type=\"widget\" data-e-type=\"widget\" data-widget_type=\"text-editor.default\">\n\t\t\t\t<div class=\"elementor-widget-container\">\n\t\t\t\t\t\t\t\t\t<p>Nous incluons ici parmi les membres de la communaut\u00e9 de l\u2019EHPAD\u00a0: les habitants plut\u00f4t que \u00ab\u00a0r\u00e9sidents\u00a0\u00bb, leurs proches (membres de la famille, amis, voisins, \u2026), membres du personnel (soignants, administratifs, logistiques), b\u00e9n\u00e9voles, stagiaires, habitants des environs de l\u2019EHPAD, usagers ponctuels (membres d\u2019association, \u00e9ventuels enfants, prestataires de soin externes, etc\u2026), membres de la direction de l\u2019EHPAD, membres du CA de l\u2019EHPAD, \u2026 Soit, toute personne fr\u00e9quentant tant\u00f4t ou de mani\u00e8re r\u00e9guli\u00e8re l\u2019EHPAD appartient \u00e0 la communaut\u00e9 de l\u2019EHPAD.<\/p>\t\t\t\t\t\t\t\t<\/div>\n\t\t\t\t<\/div>\n\t\t\t\t<div class=\"elementor-element elementor-element-1a61cc2 elementor-widget elementor-widget-text-editor\" data-id=\"1a61cc2\" data-element_type=\"widget\" data-e-type=\"widget\" data-widget_type=\"text-editor.default\">\n\t\t\t\t<div class=\"elementor-widget-container\">\n\t\t\t\t\t\t\t\t\t<p>Autrement dit, l\u2019exp\u00e9rience d\u2019usage des membres de la communaut\u00e9 de l\u2019EHPAD est reconnue comme une <strong>v\u00e9ritable expertise \u00ab\u00a0locale\u00a0\u00bb<\/strong>, et celle-ci doit \u00eatre associ\u00e9e, ou plus encore, doit guider les expertises \u00ab\u00a0savantes\u00a0\u00bb, dans la conception du <a href=\"https:\/\/www.gerontim.com\/fr\/articles\/experts\/ehpad-lieu-de-vie-par-nature\/\">cadre de vie b\u00e2ti de votre EHPAD.<\/a><\/p>\t\t\t\t\t\t\t\t<\/div>\n\t\t\t\t<\/div>\n\t\t\t\t\t<\/div>\n\t\t<\/div>\n\t\t\t\t\t<\/div>\n\t\t<\/section>\n\t\t\t\t<section class=\"elementor-section elementor-top-section elementor-element elementor-element-43bcbc7 elementor-section-stretched billet-texte elementor-section-boxed elementor-section-height-default elementor-section-height-default\" data-id=\"43bcbc7\" data-element_type=\"section\" data-e-type=\"section\" data-settings=\"{&quot;stretch_section&quot;:&quot;section-stretched&quot;,&quot;background_background&quot;:&quot;classic&quot;}\">\n\t\t\t\t\t\t<div class=\"elementor-container elementor-column-gap-default\">\n\t\t\t\t\t<div class=\"elementor-column elementor-col-100 elementor-top-column elementor-element elementor-element-739e108\" data-id=\"739e108\" data-element_type=\"column\" data-e-type=\"column\">\n\t\t\t<div class=\"elementor-widget-wrap elementor-element-populated\">\n\t\t\t\t\t\t<div class=\"elementor-element elementor-element-30aae02 elementor-widget elementor-widget-heading\" data-id=\"30aae02\" data-element_type=\"widget\" data-e-type=\"widget\" data-widget_type=\"heading.default\">\n\t\t\t\t<div class=\"elementor-widget-container\">\n\t\t\t\t\t<h2 class=\"elementor-heading-title elementor-size-default\">Quelle est la pertinence de l'Assistance \u00e0 Ma\u00eetrise d'Usage pour un projet architectural en EHPAD ? Et comment mettre en \u0153uvre cette d\u00e9marche ?<\/h2>\t\t\t\t<\/div>\n\t\t\t\t<\/div>\n\t\t\t\t<div class=\"elementor-element elementor-element-9ebe740 elementor-widget-divider--view-line elementor-widget elementor-widget-divider\" data-id=\"9ebe740\" data-element_type=\"widget\" data-e-type=\"widget\" data-widget_type=\"divider.default\">\n\t\t\t\t<div class=\"elementor-widget-container\">\n\t\t\t\t\t\t\t<div class=\"elementor-divider\">\n\t\t\t<span class=\"elementor-divider-separator\">\n\t\t\t\t\t\t<\/span>\n\t\t<\/div>\n\t\t\t\t\t\t<\/div>\n\t\t\t\t<\/div>\n\t\t\t\t<div class=\"elementor-element elementor-element-120e8b6 elementor-widget elementor-widget-text-editor\" data-id=\"120e8b6\" data-element_type=\"widget\" data-e-type=\"widget\" data-widget_type=\"text-editor.default\">\n\t\t\t\t<div class=\"elementor-widget-container\">\n\t\t\t\t\t\t\t\t\t<p>En EHPAD particuli\u00e8rement, les \u00ab\u00a0protagonistes\u00a0\u00bb sont les habitants, des personnes vieillissantes. Il est d\u2019autant plus \u00e9vident que les expertises \u00ab\u00a0savantes\u00a0\u00bb ne peuvent se substituer aux expertises d\u2019usages, puisque vous et nous n\u2019exp\u00e9rimentons pas le vieillissement et les perceptions qui lui sont associ\u00e9es. <br \/>Des usages exp\u00e9riment\u00e9s \u00e9manent des besoins, des pratiques, des attentes et des difficult\u00e9s que nous ne pourrions exprimer avec justesse.<br \/>Par ailleurs, ces expressions ne pourraient suffire et sont immanentes aux situations, contraintes, cultures, habitudes, r\u00eaves\u2026 respectifs des habitants ; tout cela constitue <strong>\u201cl\u2019univers\u201d des habitants.<\/strong>\u00a0\u00a0<\/p><p>Il nous para\u00eet alors in\u00e9luctable de disposer d\u2019outils permettant <strong>de recueillir et de mettre en valeur l\u2019univers des membres<\/strong> de la communaut\u00e9 de votre EHPAD, pour in fine, <strong>composer et m\u00eame co-\u00e9laborer le projet architectural de votre EHPAD<\/strong>.<\/p>\t\t\t\t\t\t\t\t<\/div>\n\t\t\t\t<\/div>\n\t\t\t\t<div class=\"elementor-element elementor-element-8873424 elementor-widget elementor-widget-image\" data-id=\"8873424\" data-element_type=\"widget\" data-e-type=\"widget\" data-widget_type=\"image.default\">\n\t\t\t\t<div class=\"elementor-widget-container\">\n\t\t\t\t\t\t\t\t\t\t\t\t\t\t\t<img decoding=\"async\" src=\"https:\/\/www.gerontim.com\/wp-content\/uploads\/2024\/03\/schema-didactique-amu-billet-expert-gerontim-1.png\" title=\"Sch\u00e9ma didactique de l&rsquo;Assistance \u00e0 Ma\u00eetrise d&rsquo;Usage en EHPAD\" alt=\"Sch\u00e9ma didactique de l&#039;Assistance \u00e0 Ma\u00eetrise d&#039;Usage en EHPAD\" loading=\"lazy\" \/>\t\t\t\t\t\t\t\t\t\t\t\t\t\t\t<\/div>\n\t\t\t\t<\/div>\n\t\t\t\t<div class=\"elementor-element elementor-element-cd80543 elementor-widget elementor-widget-text-editor\" data-id=\"cd80543\" data-element_type=\"widget\" data-e-type=\"widget\" data-widget_type=\"text-editor.default\">\n\t\t\t\t<div class=\"elementor-widget-container\">\n\t\t\t\t\t\t\t\t\t<p>En qualit\u00e9 d\u2019AMO, nos consultants en projets architecturaux proposent une <strong>m\u00e9thode \u201cAMU\u201d<\/strong> associ\u00e9e aux prestations actuelles de Gerontim d\u00e9di\u00e9es \u00e0 vos projets architecturaux,<strong> \u00e0 engager d\u00e8s les premi\u00e8res phases d\u2019\u00e9tude<\/strong> de votre op\u00e9ration architecturale.<\/p><p>Cette m\u00e9thode, flexible, justifie d\u2019une adaptation permanente des outils propos\u00e9s, dont les fruits seront propres \u00e0 votre EHPAD et \u00e0 sa communaut\u00e9. En effet, nous sommes persuad\u00e9s qu\u2019une telle m\u00e9thode trouve pertinence dans une <strong>r\u00e9flexion it\u00e9rative, entre processus de projet et expertise d\u2019usage<\/strong>. La relation fructueuse mutuelle doit \u00eatre cultiv\u00e9e tout au long des phases d\u2019\u00e9tudes pr\u00e9alables successives pour lesquelles nous vous accompagnons.<\/p><p><strong>Au stade de <a href=\"https:\/\/www.gerontim.com\/fr\/prestations\/etude-faisabilite-architecturale\/\">l\u2019\u00e9tude de faisabilit\u00e9 architecturale<\/a><\/strong>, pour recueillir et mettre en valeur l\u2019univers des membres de la communaut\u00e9 de votre EHPAD, un <strong>caf\u2019\u00e9change<\/strong>, <strong>temps d\u2019\u00e9change convivial et libre<\/strong> entre le consultant et les membres souhaitant participer, permet d\u2019explorer leur univers, lesquels seront ensuite restitu\u00e9s sous la forme d\u2019un <strong>recueil des usages.<\/strong> Pour parfaire ce premier aper\u00e7u des univers composant votre EHPAD, le consultant entreprend une <strong>fl\u00e2nerie attentive<\/strong> et adopte alors une position d\u2019observation tranquille et non intrusive. <br \/>L\u2019ensemble des \u00e9l\u00e9ments recueillis pourra alors trouver une premi\u00e8re concr\u00e9tisation d\u00e8s l\u2019\u00e9tude de faisabilit\u00e9 architecturale. Le consultant sera en mesure de proposer non seulement des <strong>dispositions de transformations du b\u00e2ti pour le long terme<\/strong>, mais aussi des <strong>dispositifs \u00e0 court terme<\/strong>.<\/p><p>\u00a0<\/p>\t\t\t\t\t\t\t\t<\/div>\n\t\t\t\t<\/div>\n\t\t\t\t<div class=\"elementor-element elementor-element-9b36710 elementor-widget elementor-widget-text-editor\" data-id=\"9b36710\" data-element_type=\"widget\" data-e-type=\"widget\" data-widget_type=\"text-editor.default\">\n\t\t\t\t<div class=\"elementor-widget-container\">\n\t\t\t\t\t\t\t\t\t<p>Il y a un double enjeu dans la concr\u00e9tisation architecturale des \u00e9l\u00e9ments recueillis au stade de l\u2019\u00e9tude de faisabilit\u00e9 :\u00a0<\/p><ul><li>Puisqu\u2019au sein de la communaut\u00e9, les habitants particuli\u00e8rement sont amen\u00e9s \u00e0 fr\u00e9quenter votre EHPAD sur une p\u00e9riode g\u00e9n\u00e9ralement inf\u00e9rieure au temps n\u00e9cessaire \u00e0 la r\u00e9alisation d\u2019une op\u00e9ration architecturale, il est fondamental de proposer des dispositifs \u00e0 court terme r\u00e9pondant aux <strong>aspirations des habitants en place<\/strong>.<\/li><li>Outre des dispositions de transformations du b\u00e2ti <strong>pour le long terme int\u00e9gr\u00e9s pour leur \u00e9volutivit\u00e9<\/strong> dans la proposition architecturale retenue, il semble important d\u2019entretenir la d\u00e9marche pour \u00e9viter une obsolescence des dispositifs au regard des <strong>g\u00e9n\u00e9rations d\u2019habitants \u00e0 venir<\/strong>.<\/li><\/ul><p>Nous pensons qu\u2019un premier engagement dans une d\u00e9marche AMU vous permet de cr\u00e9er, si ce n\u2019est de renforcer, une <strong>vraie culture de l\u2019\u00e9change, de l\u2019adaptation et de l\u2019attention<\/strong>.<\/p>\t\t\t\t\t\t\t\t<\/div>\n\t\t\t\t<\/div>\n\t\t\t\t<div class=\"elementor-element elementor-element-bd8802f elementor-widget elementor-widget-text-editor\" data-id=\"bd8802f\" data-element_type=\"widget\" data-e-type=\"widget\" data-widget_type=\"text-editor.default\">\n\t\t\t\t<div class=\"elementor-widget-container\">\n\t\t\t\t\t\t\t\t\t<p><strong>Au stade du <a href=\"https:\/\/www.gerontim.com\/fr\/prestations\/programme-architectural\/\">programme architectural<\/a><\/strong>, le consultant, fort de sa vision claire des enjeux soulev\u00e9s par les membres de la communaut\u00e9 au stade pr\u00e9c\u00e9dent, propose un <strong>atelier participatif<\/strong> ouvert \u00e0 tout membre souhaitant s\u2019impliquer, dont la th\u00e9matique ciblera un enjeu primordial pour la communaut\u00e9. Cet enjeu sera intrins\u00e8quement <strong>d\u00e9termin\u00e9 par la communaut\u00e9 de votre EHPAD <\/strong>au cours d\u2019un dialogue pr\u00e9alable organis\u00e9 avec le consultant. Par cons\u00e9quent, la <strong>traduction architecturale<\/strong> (ou autre d\u2019ailleurs) sera r\u00e9solument unique et figurera comme <strong>composante indispensable du programme architectural<\/strong> destin\u00e9 \u00e0 l\u2019<a href=\"https:\/\/www.gerontim.com\/fr\/prestations\/choix-architecte\/\">\u00e9quipe de Ma\u00eetrise d\u2019\u0152uvre que vous choisirez<\/a> pour concevoir votre projet.<\/p>\t\t\t\t\t\t\t\t<\/div>\n\t\t\t\t<\/div>\n\t\t\t\t\t<\/div>\n\t\t<\/div>\n\t\t\t\t\t<\/div>\n\t\t<\/section>\n\t\t\t\t<section class=\"elementor-section elementor-top-section elementor-element elementor-element-c2f78e3 elementor-section-stretched billet-texte elementor-section-boxed elementor-section-height-default elementor-section-height-default\" data-id=\"c2f78e3\" data-element_type=\"section\" data-e-type=\"section\" data-settings=\"{&quot;stretch_section&quot;:&quot;section-stretched&quot;}\">\n\t\t\t\t\t\t<div class=\"elementor-container elementor-column-gap-default\">\n\t\t\t\t\t<div class=\"elementor-column elementor-col-100 elementor-top-column elementor-element elementor-element-56c04e5\" data-id=\"56c04e5\" data-element_type=\"column\" data-e-type=\"column\">\n\t\t\t<div class=\"elementor-widget-wrap elementor-element-populated\">\n\t\t\t\t\t\t<div class=\"elementor-element elementor-element-66626d5 elementor-widget elementor-widget-heading\" data-id=\"66626d5\" data-element_type=\"widget\" data-e-type=\"widget\" data-widget_type=\"heading.default\">\n\t\t\t\t<div class=\"elementor-widget-container\">\n\t\t\t\t\t<h2 class=\"elementor-heading-title elementor-size-default\"><span class=\"uael-heading-text elementor-inline-editing uael-size--default pen\" data-elementor-setting-key=\"heading_title\" data-elementor-inline-editing-toolbar=\"basic\" data-pen-placeholder=\"\u00c9crivez ici...\"><h2 class=\"uael-heading\">Qu'attendre d'un EHPAD co-con\u00e7u avec sa communaut\u00e9 ?<\/h2><\/span><\/h2>\t\t\t\t<\/div>\n\t\t\t\t<\/div>\n\t\t\t\t<div class=\"elementor-element elementor-element-88b575d elementor-widget-divider--view-line elementor-widget elementor-widget-divider\" data-id=\"88b575d\" data-element_type=\"widget\" data-e-type=\"widget\" data-widget_type=\"divider.default\">\n\t\t\t\t<div class=\"elementor-widget-container\">\n\t\t\t\t\t\t\t<div class=\"elementor-divider\">\n\t\t\t<span class=\"elementor-divider-separator\">\n\t\t\t\t\t\t<\/span>\n\t\t<\/div>\n\t\t\t\t\t\t<\/div>\n\t\t\t\t<\/div>\n\t\t\t\t<div class=\"elementor-element elementor-element-91c9970 elementor-widget elementor-widget-text-editor\" data-id=\"91c9970\" data-element_type=\"widget\" data-e-type=\"widget\" data-widget_type=\"text-editor.default\">\n\t\t\t\t<div class=\"elementor-widget-container\">\n\t\t\t\t\t\t\t\t\t<p>Nous sommes convaincus qu\u2019un projet architectural aliment\u00e9 d\u2019une d\u00e9marche AMU fait davantage sens qu\u2019un projet sans concertation ; un <strong>projet architectural d\u2019EHPAD infus\u00e9 des univers de sa communaut\u00e9<\/strong> promet une attention particuli\u00e8re et donc des dispositions, configurations, potentiels d\u2019adaptation <strong>conscients des besoins et envies de chacun de ses membres. <\/strong><\/p><p>Outre la m\u00e9thode cibl\u00e9e que nous proposons dans notre champ d\u2019intervention, il est important de noter que la <strong>citoyennet\u00e9<\/strong> des membres de la communaut\u00e9 de votre EHPAD doit perdurer et ainsi la d\u00e9marche AMU pourrait constituer un v\u00e9ritable <strong>levier d\u2019initiative pour le maintien du r\u00f4le soci\u00e9tal et d\u00e9cisionnel<\/strong> de la personne vieillissante au sein de son environnement, qu\u2019il soit physique ou social. Il s\u2019agit somme toute d\u2019instaurer une culture de l\u2019\u00e9change, un climat d\u2019attention, une organisation purement d\u00e9mocratique et lib\u00e9rale.<\/p><p>Il n\u2019est pas exclu qu\u2019un tel <strong>dynamisme puisse d\u00e9passer les murs et attirer<\/strong> les habitants des environs, des acteurs ou associations int\u00e9ress\u00e9s. La communaut\u00e9 de l\u2019EHPAD pourrait ainsi s\u2019\u00e9tendre, participer \u00e0<strong> l\u2019ouverture de l\u2019EHPAD \u00e0 ses entours<\/strong>, ou autrement dit \u00e0 son insertion, et m\u00eame participer \u00e0 <strong>la destigmatisation de l\u2019EHPAD<\/strong>. Votre \u00e9tablissement pourrait \u00eatre v\u00e9ritablement acteur de son environnement, force de propositions et berceau d\u2019initiatives<strong>.<\/strong><\/p><p>Ainsi, nous d\u00e9finissons l\u2019Assistance \u00e0 Ma\u00eetrise d\u2019Usage comme une <strong>d\u00e9marche \u00e9minemment d\u00e9mocratique<\/strong>, pla\u00e7ant l\u2019expertise d\u2019usage et plus encore<strong> l\u2019univers de chacun des membres de la communaut\u00e9 de l\u2019EHPAD<\/strong> comme composante fondamentale du processus de projet architectural d\u2019un EHPAD, dans une <strong>vision prospective et ambitieuse<\/strong> de soutien \u00e0 votre <strong>cadre de vie f\u00e9d\u00e9rateur et attentionn\u00e9<\/strong>.<\/p>\t\t\t\t\t\t\t\t<\/div>\n\t\t\t\t<\/div>\n\t\t\t\t\t<\/div>\n\t\t<\/div>\n\t\t\t\t\t<\/div>\n\t\t<\/section>\n\t\t\t\t<footer class=\"elementor-section elementor-top-section elementor-element elementor-element-39ee0cd elementor-section-boxed elementor-section-height-default elementor-section-height-default\" data-id=\"39ee0cd\" data-element_type=\"section\" data-e-type=\"section\" data-settings=\"{&quot;background_background&quot;:&quot;classic&quot;}\">\n\t\t\t\t\t\t<div class=\"elementor-container elementor-column-gap-default\">\n\t\t\t\t\t<div class=\"elementor-column elementor-col-100 elementor-top-column elementor-element elementor-element-a72a10e\" data-id=\"a72a10e\" data-element_type=\"column\" data-e-type=\"column\">\n\t\t\t<div class=\"elementor-widget-wrap elementor-element-populated\">\n\t\t\t\t\t\t<div class=\"elementor-element elementor-element-d78565b elementor-author-box--image-valign-middle elementor-widget elementor-widget-author-box\" data-id=\"d78565b\" data-element_type=\"widget\" data-e-type=\"widget\" data-widget_type=\"author-box.default\">\n\t\t\t\t<div class=\"elementor-widget-container\">\n\t\t\t\t\t\t\t<div class=\"elementor-author-box\">\n\t\t\t\t\t\t\t<div  class=\"elementor-author-box__avatar\">\n\t\t\t\t\t<img decoding=\"async\" src=\"https:\/\/www.gerontim.com\/wp-content\/uploads\/2024\/03\/brithany-boucly-consultante-architecte-gerontim-298x300.jpg\" alt=\"Image de Brithany BOUCLY\" loading=\"lazy\">\n\t\t\t\t<\/div>\n\t\t\t\n\t\t\t<div class=\"elementor-author-box__text\">\n\t\t\t\t\t\t\t\t\t<div >\n\t\t\t\t\t\t<h4 class=\"elementor-author-box__name\">\n\t\t\t\t\t\t\tBrithany BOUCLY\t\t\t\t\t\t<\/h4>\n\t\t\t\t\t<\/div>\n\t\t\t\t\n\t\t\t\t\t\t\t\t\t<div class=\"elementor-author-box__bio\">\n\t\t\t\t\t\t<p><b><i>Consultante Architecte DE chez Gerontim<\/b><\/i> - En qualit\u00e9 d'assistante \u00e0 ma\u00eetrise d'ouvrage et ayant exerc\u00e9 le m\u00e9tier d'auxiliaire de vie, elle mobilise comp\u00e9tences et exp\u00e9riences de terrain aupr\u00e8s des \u00e9quipes en r\u00e9flexion sur leur cadre b\u00e2ti. Ayant aussi men\u00e9 des travaux de recherche sur le <i>Care<\/i>, elle propose de l'assistance \u00e0 ma\u00eetrise d'usage \u00e0 associer aux missions architecturales.<\/p>\n\t\t\t\t\t<\/div>\n\t\t\t\t\n\t\t\t\t\t\t\t<\/div>\n\t\t<\/div>\n\t\t\t\t\t\t<\/div>\n\t\t\t\t<\/div>\n\t\t\t\t\t<\/div>\n\t\t<\/div>\n\t\t\t\t\t<\/div>\n\t\t<\/footer>\n\t\t\t\t<section class=\"elementor-section elementor-top-section elementor-element elementor-element-f7ed4e1 elementor-section-stretched elementor-section-full_width noprint elementor-section-height-default elementor-section-height-default\" data-id=\"f7ed4e1\" data-element_type=\"section\" data-e-type=\"section\" id=\"cta-demarrer\" data-settings=\"{&quot;stretch_section&quot;:&quot;section-stretched&quot;}\">\n\t\t\t\t\t\t<div class=\"elementor-container elementor-column-gap-no\">\n\t\t\t\t\t<div class=\"elementor-column elementor-col-100 elementor-top-column elementor-element elementor-element-f92b0f2\" data-id=\"f92b0f2\" data-element_type=\"column\" data-e-type=\"column\">\n\t\t\t<div class=\"elementor-widget-wrap elementor-element-populated\">\n\t\t\t\t\t\t<div class=\"elementor-element elementor-element-5deefb8 elementor-cta--skin-classic elementor-animated-content elementor-bg-transform elementor-bg-transform-zoom-in elementor-widget elementor-widget-call-to-action\" data-id=\"5deefb8\" data-element_type=\"widget\" data-e-type=\"widget\" data-widget_type=\"call-to-action.default\">\n\t\t\t\t<div class=\"elementor-widget-container\">\n\t\t\t\t\t\t\t<div class=\"elementor-cta\">\n\t\t\t\t\t\t\t<div class=\"elementor-cta__content\">\n\t\t\t\t\t\t\t\t\t<div class=\"elementor-content-item elementor-cta__content-item elementor-icon-wrapper elementor-cta__icon elementor-view-default\">\n\t\t\t\t\t\t<div class=\"elementor-icon\">\n\t\t\t\t\t\t\t<i aria-hidden=\"true\" class=\"fas fa-trophy\"><\/i>\t\t\t\t\t\t<\/div>\n\t\t\t\t\t<\/div>\n\t\t\t\t\n\t\t\t\t\t\t\t\t\t<h3 class=\"elementor-cta__title elementor-cta__content-item elementor-content-item\">\n\t\t\t\t\t\tBesoin d'un expert pour vous accompagner ?\t\t\t\t\t<\/h3>\n\t\t\t\t\n\t\t\t\t\t\t\t\t\t<div class=\"elementor-cta__description elementor-cta__content-item elementor-content-item\">\n\t\t\t\t\t\tContactez-nous et calibrons ensemble une assistance sur-mesure qui r\u00e9ponde \u00e0 vos besoins.\t\t\t\t\t<\/div>\n\t\t\t\t\n\t\t\t\t\t\t\t\t\t<div class=\"elementor-cta__button-wrapper elementor-cta__content-item elementor-content-item \">\n\t\t\t\t\t<a class=\"elementor-cta__button elementor-button elementor-size-\" href=\"https:\/\/www.gerontim.com\/fr\/contact\/\">\n\t\t\t\t\t\tDEMARRER L'AVENTURE !\t\t\t\t\t<\/a>\n\t\t\t\t\t<\/div>\n\t\t\t\t\t\t\t<\/div>\n\t\t\t\t\t\t<\/div>\n\t\t\t\t\t\t<\/div>\n\t\t\t\t<\/div>\n\t\t\t\t\t<\/div>\n\t\t<\/div>\n\t\t\t\t\t<\/div>\n\t\t<\/section>\n\t\t\t\t<section class=\"elementor-section elementor-top-section elementor-element elementor-element-70aa57c elementor-section-boxed elementor-section-height-default elementor-section-height-default\" data-id=\"70aa57c\" data-element_type=\"section\" data-e-type=\"section\">\n\t\t\t\t\t\t<div class=\"elementor-container elementor-column-gap-default\">\n\t\t\t\t\t<div class=\"elementor-column elementor-col-100 elementor-top-column elementor-element elementor-element-fb1aa62\" data-id=\"fb1aa62\" data-element_type=\"column\" data-e-type=\"column\">\n\t\t\t<div class=\"elementor-widget-wrap elementor-element-populated\">\n\t\t\t\t\t\t<div class=\"elementor-element elementor-element-ac3f156 elementor-widget elementor-widget-global elementor-global-4226 elementor-widget-html\" data-id=\"ac3f156\" data-element_type=\"widget\" data-e-type=\"widget\" data-widget_type=\"html.default\">\n\t\t\t\t<div class=\"elementor-widget-container\">\n\t\t\t\t\t\t\t\t\t<\/div>\n\t\t\t\t<\/div>\n\t\t\t\t\t<\/div>\n\t\t<\/div>\n\t\t\t\t\t<\/div>\n\t\t<\/section>\n\t\t\t\t<aside class=\"elementor-section elementor-top-section elementor-element elementor-element-1e9ade6 elementor-section-height-min-height noprint elementor-section-boxed elementor-section-height-default elementor-section-items-middle\" data-id=\"1e9ade6\" data-element_type=\"section\" data-e-type=\"section\" id=\"bloc-ensavoirplus\" data-settings=\"{&quot;background_background&quot;:&quot;classic&quot;}\">\n\t\t\t\t\t\t\t<div class=\"elementor-background-overlay\"><\/div>\n\t\t\t\t\t\t\t<div class=\"elementor-container elementor-column-gap-default\">\n\t\t\t\t\t<div class=\"elementor-column elementor-col-100 elementor-top-column elementor-element elementor-element-0068642\" data-id=\"0068642\" data-element_type=\"column\" data-e-type=\"column\">\n\t\t\t<div class=\"elementor-widget-wrap elementor-element-populated\">\n\t\t\t\t\t\t<div class=\"elementor-element elementor-element-ae0f716 uael-dual-heading-align-center elementor-invisible elementor-widget elementor-widget-uael-dual-color-heading\" data-id=\"ae0f716\" data-element_type=\"widget\" data-e-type=\"widget\" data-settings=\"{&quot;_animation&quot;:&quot;fadeIn&quot;}\" data-widget_type=\"uael-dual-color-heading.default\">\n\t\t\t\t<div class=\"elementor-widget-container\">\n\t\t\t\t\t\t\t\t\t<div class=\"uael-module-content uael-dual-color-heading uael-stack-desktop-yes uael-heading-stack-\">\n\t\t\t<h2>\n\t\t\t\t\t\t\t\t\t\t\t\t\t\t\t\t<span class=\"uael-before-heading\"><span class=\"elementor-inline-editing uael-dual-heading-text uael-first-text\" data-elementor-setting-key=\"before_heading_text\" data-elementor-inline-editing-toolbar=\"basic\">En savoir plus sur nos<\/span><\/span><span class=\"uael-adv-heading-stack\"><span class=\"elementor-inline-editing uael-dual-heading-text uael-highlight-text\" data-elementor-setting-key=\"second_heading_text\" data-elementor-inline-editing-toolbar=\"basic\">Prestation d\u00e9di\u00e9es \u00e0 vos projets architecturaux<\/span><\/span>\t\t\t\t\t\t\t\t\t\t\t\t\t<\/h2>\n\t\t<\/div>\n\t\t\t\t\t\t<\/div>\n\t\t\t\t<\/div>\n\t\t\t\t<section class=\"elementor-section elementor-inner-section elementor-element elementor-element-ac05220 elementor-section-content-middle elementor-section-boxed elementor-section-height-default elementor-section-height-default\" data-id=\"ac05220\" data-element_type=\"section\" data-e-type=\"section\">\n\t\t\t\t\t\t<div class=\"elementor-container elementor-column-gap-default\">\n\t\t\t\t\t<div class=\"elementor-column elementor-col-66 elementor-inner-column elementor-element elementor-element-622c00c\" data-id=\"622c00c\" data-element_type=\"column\" data-e-type=\"column\">\n\t\t\t<div class=\"elementor-widget-wrap elementor-element-populated\">\n\t\t\t\t\t\t<div class=\"elementor-element elementor-element-5f1e052 elementor-widget elementor-widget-text-editor\" data-id=\"5f1e052\" data-element_type=\"widget\" data-e-type=\"widget\" data-widget_type=\"text-editor.default\">\n\t\t\t\t<div class=\"elementor-widget-container\">\n\t\t\t\t\t\t\t\t\t<p style=\"text-align: left;\">Restructuration, extension, reconstruction ; Gerontim vous accompagne sur l&rsquo;ensemble du projet, depuis les premiers choix strat\u00e9giques jusqu&rsquo;\u00e0 la formalisation architecturale d\u00e9taill\u00e9e. <\/p>\t\t\t\t\t\t\t\t<\/div>\n\t\t\t\t<\/div>\n\t\t\t\t\t<\/div>\n\t\t<\/div>\n\t\t\t\t<div class=\"elementor-column elementor-col-33 elementor-inner-column elementor-element elementor-element-74a8d29\" data-id=\"74a8d29\" data-element_type=\"column\" data-e-type=\"column\">\n\t\t\t<div class=\"elementor-widget-wrap elementor-element-populated\">\n\t\t\t\t\t\t<div class=\"elementor-element elementor-element-51874cf elementor-widget elementor-widget-image\" data-id=\"51874cf\" data-element_type=\"widget\" data-e-type=\"widget\" data-widget_type=\"image.default\">\n\t\t\t\t<div class=\"elementor-widget-container\">\n\t\t\t\t\t\t\t\t\t\t\t\t<figure class=\"wp-caption\">\n\t\t\t\t\t\t\t\t\t\t<img fetchpriority=\"high\" decoding=\"async\" width=\"300\" height=\"200\" src=\"https:\/\/www.gerontim.com\/wp-content\/uploads\/2019\/10\/plan-projet-architectural-ehpad-300x200.jpg\" class=\"attachment-medium size-medium wp-image-4809\" alt=\"Guider les EHPAD dans leurs projets de construction et restructuration architecturale\" srcset=\"https:\/\/www.gerontim.com\/wp-content\/uploads\/2019\/10\/plan-projet-architectural-ehpad-300x200.jpg 300w, https:\/\/www.gerontim.com\/wp-content\/uploads\/2019\/10\/plan-projet-architectural-ehpad-1024x683.jpg 1024w, https:\/\/www.gerontim.com\/wp-content\/uploads\/2019\/10\/plan-projet-architectural-ehpad-768x512.jpg 768w, https:\/\/www.gerontim.com\/wp-content\/uploads\/2019\/10\/plan-projet-architectural-ehpad-1536x1024.jpg 1536w, https:\/\/www.gerontim.com\/wp-content\/uploads\/2019\/10\/plan-projet-architectural-ehpad.jpg 1920w\" sizes=\"(max-width: 300px) 100vw, 300px\" \/>\t\t\t\t\t\t\t\t\t\t\t<figcaption class=\"widget-image-caption wp-caption-text\"><\/figcaption>\n\t\t\t\t\t\t\t\t\t\t<\/figure>\n\t\t\t\t\t\t\t\t\t<\/div>\n\t\t\t\t<\/div>\n\t\t\t\t\t<\/div>\n\t\t<\/div>\n\t\t\t\t\t<\/div>\n\t\t<\/section>\n\t\t\t\t<div class=\"elementor-element elementor-element-b8639b3 elementor-align-center elementor-widget elementor-widget-button\" data-id=\"b8639b3\" data-element_type=\"widget\" data-e-type=\"widget\" data-widget_type=\"button.default\">\n\t\t\t\t<div class=\"elementor-widget-container\">\n\t\t\t\t\t\t\t\t\t<div class=\"elementor-button-wrapper\">\n\t\t\t\t\t<a class=\"elementor-button elementor-button-link elementor-size-md\" href=\"https:\/\/www.gerontim.com\/fr\/prestations\/projets-architecturaux\/\">\n\t\t\t\t\t\t<span class=\"elementor-button-content-wrapper\">\n\t\t\t\t\t\t\t\t\t<span class=\"elementor-button-text\">Plus d'informations<\/span>\n\t\t\t\t\t<\/span>\n\t\t\t\t\t<\/a>\n\t\t\t\t<\/div>\n\t\t\t\t\t\t\t\t<\/div>\n\t\t\t\t<\/div>\n\t\t\t\t\t<\/div>\n\t\t<\/div>\n\t\t\t\t\t<\/div>\n\t\t<\/aside>\n\t\t\t\t<aside class=\"elementor-section elementor-top-section elementor-element elementor-element-fe82865 elementor-section-height-min-height noprint elementor-section-boxed elementor-section-height-default elementor-section-items-middle\" data-id=\"fe82865\" data-element_type=\"section\" data-e-type=\"section\">\n\t\t\t\t\t\t\t<div class=\"elementor-background-overlay\"><\/div>\n\t\t\t\t\t\t\t<div class=\"elementor-container elementor-column-gap-default\">\n\t\t\t\t\t<div class=\"elementor-column elementor-col-100 elementor-top-column elementor-element elementor-element-ef632f6\" data-id=\"ef632f6\" data-element_type=\"column\" data-e-type=\"column\">\n\t\t\t<div class=\"elementor-widget-wrap elementor-element-populated\">\n\t\t\t\t\t\t<div class=\"elementor-section elementor-inner-section elementor-element elementor-element-ca00c2f elementor-section-boxed elementor-section-height-default elementor-section-height-default\" data-id=\"ca00c2f\" data-element_type=\"section\" data-e-type=\"section\">\n\t\t\t\t\t\t<div class=\"elementor-container elementor-column-gap-default\">\n\t\t\t\t\t<div class=\"elementor-column elementor-col-100 elementor-inner-column elementor-element elementor-element-87f9127\" data-id=\"87f9127\" data-element_type=\"column\" data-e-type=\"column\">\n\t\t\t<div class=\"elementor-widget-wrap elementor-element-populated\">\n\t\t\t\t\t\t<div class=\"elementor-element elementor-element-32a74df title-h3 elementor-widget elementor-widget-heading\" data-id=\"32a74df\" data-element_type=\"widget\" data-e-type=\"widget\" data-widget_type=\"heading.default\">\n\t\t\t\t<div class=\"elementor-widget-container\">\n\t\t\t\t\t<h2 class=\"elementor-heading-title elementor-size-default\">Sur le m\u00eame sujet,<br> d\u00e9couvrez nos <strong>articles<\/strong><\/h2>\t\t\t\t<\/div>\n\t\t\t\t<\/div>\n\t\t\t\t\t<\/div>\n\t\t<\/div>\n\t\t\t\t\t<\/div>\n\t\t<\/div>\n\t\t\t\t<div class=\"elementor-element elementor-element-e7fad8e uael-post__link-complete-yes uael-post__arrow-outside elementor-widget elementor-widget-uael-posts\" data-id=\"e7fad8e\" data-element_type=\"widget\" data-e-type=\"widget\" data-settings=\"{&quot;event_slides_to_show&quot;:3,&quot;event_slides_to_show_tablet&quot;:2,&quot;event_slides_to_show_mobile&quot;:1}\" data-widget_type=\"uael-posts.event\">\n\t\t\t\t<div class=\"elementor-widget-container\">\n\t\t\t\t\t\t\t<div class=\"uael-post__header\">\n\t\t\t\t\t<\/div>\n\t\t<div class=\"uael-post__body\">\n\t\t\t\n\t\t\n\t\t<div class=\"uael-post-grid uael-posts\" data-query-type=\"custom\" data-structure=\"carousel\" data-layout=\"\" data-page=\"11380\" data-skin=\"event\" data-filter-default=\"\" data-offset-top=\"30\" data-post_slider=\"{&quot;slidesToShow&quot;:3,&quot;slidesToScroll&quot;:1,&quot;autoplaySpeed&quot;:5000,&quot;autoplay&quot;:false,&quot;infinite&quot;:true,&quot;pauseOnHover&quot;:false,&quot;speed&quot;:500,&quot;arrows&quot;:true,&quot;dots&quot;:true,&quot;rtl&quot;:false,&quot;prevArrow&quot;:&quot;&lt;button type=\\&quot;button\\&quot; data-role=\\&quot;none\\&quot; class=\\&quot;slick-prev\\&quot; aria-label=\\&quot;Previous\\&quot; tabindex=\\&quot;0\\&quot; role=\\&quot;button\\&quot;&gt;&lt;i class=\\&quot;fa fa-angle-left\\&quot;&gt;&lt;\\\/i&gt;&lt;\\\/button&gt;&quot;,&quot;nextArrow&quot;:&quot;&lt;button type=\\&quot;button\\&quot; data-role=\\&quot;none\\&quot; class=\\&quot;slick-next\\&quot; aria-label=\\&quot;Next\\&quot; tabindex=\\&quot;0\\&quot; role=\\&quot;button\\&quot;&gt;&lt;i class=\\&quot;fa fa-angle-right\\&quot;&gt;&lt;\\\/i&gt;&lt;\\\/button&gt;&quot;,&quot;responsive&quot;:[{&quot;breakpoint&quot;:1024,&quot;settings&quot;:{&quot;slidesToShow&quot;:2,&quot;slidesToScroll&quot;:2}},{&quot;breakpoint&quot;:767,&quot;settings&quot;:{&quot;slidesToShow&quot;:1,&quot;slidesToScroll&quot;:1}}]}\" data-equal-height=\"yes\" data-post-count=\"3\">\n\n\t\t\t\t\t\t\t<div class=\"uael-post-grid__inner uael-post__columns-3 uael-post__columns-tablet-2 uael-post__columns-mobile-1\">\n\t\t\t\n\n<div class=\"uael-post-wrapper   billets-d&#039;experts \">\n\t<div class=\"uael-post__bg-wrap uael-bg-wrap-disabled\">\n\n\t\t\t\t\t<a href=\"https:\/\/www.gerontim.com\/fr\/articles\/experts\/ehpad-lieu-de-vie-avantages\/\" target=\"_self\" class=\"uael-post__complete-box-overlay\" aria-label=\"Link Complete Box\"><\/a>\n\t\t\t\t\n\t\t<div class=\"uael-post__inner-wrap uael-inner-wrap-disabled\">\n\n\t\t\t\t<div class=\"uael-post__thumbnail \">\n\t\t\t\t\t\t<a target=\"_self\" href=\"https:\/\/www.gerontim.com\/fr\/articles\/experts\/ehpad-lieu-de-vie-avantages\/\" title=\"EHPAD lieu de vie\u00a0: quels avantages en mati\u00e8re de RH et de finances\u00a0?\"><img decoding=\"async\" src=\"https:\/\/www.gerontim.com\/wp-content\/uploads\/elementor\/thumbs\/avantages-ehpad-lieu-de-vie-rdl34sw2oqmrxg58zfht1rj0yxqldh8bxs37euhz10.jpg\" title=\"avantages-ehpad-lieu-de-vie\" alt=\"Aide soignante qui discute avec une personne \u00e2g\u00e9e dans un EHPAD lieu de vie\" loading=\"lazy\" \/><\/a>\n\t\t\t\t\t<div class=\"uael-post__datebox \">\n\t\t\t\t<div class=\"uael-post__date-wrap\">\n\t\t\t\t\t\t\t\t\t\t<span class='uael-post__date-month'>Oct<\/span><span class='uael-post__date-day'>27<\/span>\t\t\t\t<\/div>\t\t\t\t\n\t\t\t<\/div>\n\t\t<\/div>\n\t\t\n\t\t\t\n\t\t\t<div class=\"uael-post__content-wrap uael-content-wrap-disabled\">\n\n\t\t\t\t\t<h3 class=\"uael-post__title\">\n\n\t\t\n\t\t\t\t\t\t<a href=\"https:\/\/www.gerontim.com\/fr\/articles\/experts\/ehpad-lieu-de-vie-avantages\/\" target=\"_self\">\n\t\t\t\tEHPAD lieu de vie\u00a0: quels avantages en mati\u00e8re de RH et de finances\u00a0?\t\t\t<\/a>\n\n\t\t\t\t<\/h3>\n\t\t\t\t\t<div class=\"uael-post__meta-data\">\n\t\t\t\t\t<\/div>\n\t\t\n\t\t<div class=\"uael-post__excerpt\">\n\t\t\tLa r\u00e9alisation architecturale d\u2019un EHPAD lieu de vie peut soulager certaines difficult\u00e9s, avec de forts avantages potentiels c\u00f4t\u00e9 RH sur la qualit\u00e9 de vie au travail (QVT), et c\u00f4t\u00e9 finances sur les co\u00fbts de fonctionnement et d\u2019investissement.\t\t<\/div>\n\n\t\t\t\t\t<\/div>\n\t\t\t\n\t\t<\/div>\n\t\t\n\n\t<\/div>\n\n<\/div>\n\n\n<div class=\"uael-post-wrapper   billets-d&#039;experts \">\n\t<div class=\"uael-post__bg-wrap uael-bg-wrap-disabled\">\n\n\t\t\t\t\t<a href=\"https:\/\/www.gerontim.com\/fr\/articles\/experts\/ehpad-lieu-de-vie-par-nature\/\" target=\"_self\" class=\"uael-post__complete-box-overlay\" aria-label=\"Link Complete Box\"><\/a>\n\t\t\t\t\n\t\t<div class=\"uael-post__inner-wrap uael-inner-wrap-disabled\">\n\n\t\t\t\t<div class=\"uael-post__thumbnail \">\n\t\t\t\t\t\t<a target=\"_self\" href=\"https:\/\/www.gerontim.com\/fr\/articles\/experts\/ehpad-lieu-de-vie-par-nature\/\" title=\"L&rsquo;EHPAD : un lieu de vie par nature qui cherche encore \u00e0 s&rsquo;accomplir\"><img decoding=\"async\" src=\"https:\/\/www.gerontim.com\/wp-content\/uploads\/elementor\/thumbs\/ehpad-lieu-de-vie-par-nature-rdl1xzcrcg0j0ycf0x5ngkj2r0smpv8jdu6wd1zmhg.jpg\" title=\"EHPAD lieu de vie par nature\" alt=\"Personnes \u00e2g\u00e9es jardinant dans un EHPAD lieu de vie\" loading=\"lazy\" \/><\/a>\n\t\t\t\t\t<div class=\"uael-post__datebox \">\n\t\t\t\t<div class=\"uael-post__date-wrap\">\n\t\t\t\t\t\t\t\t\t\t<span class='uael-post__date-month'>Oct<\/span><span class='uael-post__date-day'>27<\/span>\t\t\t\t<\/div>\t\t\t\t\n\t\t\t<\/div>\n\t\t<\/div>\n\t\t\n\t\t\t\n\t\t\t<div class=\"uael-post__content-wrap uael-content-wrap-disabled\">\n\n\t\t\t\t\t<h3 class=\"uael-post__title\">\n\n\t\t\n\t\t\t\t\t\t<a href=\"https:\/\/www.gerontim.com\/fr\/articles\/experts\/ehpad-lieu-de-vie-par-nature\/\" target=\"_self\">\n\t\t\t\tL&rsquo;EHPAD : un lieu de vie par nature qui cherche encore \u00e0 s&rsquo;accomplir\t\t\t<\/a>\n\n\t\t\t\t<\/h3>\n\t\t\t\t\t<div class=\"uael-post__meta-data\">\n\t\t\t\t\t<\/div>\n\t\t\n\t\t<div class=\"uael-post__excerpt\">\n\t\t\tL\u2019EHPAD lieu de vie ne se r\u00e9sume pas \u00e0 un lieu de soins : il doit devenir un v\u00e9ritable chez-soi pour les habitants. Malgr\u00e9 les d\u00e9fis humains, financiers et organisationnels, la r\u00e9flexion architecturale et la r\u00e9invention des modes de fonctionnement ouvrent la voie \u00e0 des structures plus accueillantes, adapt\u00e9es aux ...\t\t<\/div>\n\n\t\t\t\t\t<\/div>\n\t\t\t\n\t\t<\/div>\n\t\t\n\n\t<\/div>\n\n<\/div>\n\n\n<div class=\"uael-post-wrapper   billets-d&#039;experts \">\n\t<div class=\"uael-post__bg-wrap uael-bg-wrap-disabled\">\n\n\t\t\t\t\t<a href=\"https:\/\/www.gerontim.com\/fr\/articles\/experts\/fonctionnement-habitat-inclusif\/\" target=\"_self\" class=\"uael-post__complete-box-overlay\" aria-label=\"Link Complete Box\"><\/a>\n\t\t\t\t\n\t\t<div class=\"uael-post__inner-wrap uael-inner-wrap-disabled\">\n\n\t\t\t\t<div class=\"uael-post__thumbnail \">\n\t\t\t\t\t\t<a target=\"_self\" href=\"https:\/\/www.gerontim.com\/fr\/articles\/experts\/fonctionnement-habitat-inclusif\/\" title=\"Fonctionnement de l\u2019habitat inclusif : les 4 crit\u00e8res incontournables\"><img decoding=\"async\" src=\"https:\/\/www.gerontim.com\/wp-content\/uploads\/elementor\/thumbs\/fete-groupe-personnes-agees-560x370-1-q90j5dyx47ewun3uae0uvshwq5frr65y6jf2cjob6c.jpg\" title=\"Moment de convivialit\u00e9 entre personnes \u00e2g\u00e9es\" alt=\"Moment de convivialit\u00e9 entre personnes \u00e2g\u00e9es\" loading=\"lazy\" \/><\/a>\n\t\t\t\t\t<div class=\"uael-post__datebox \">\n\t\t\t\t<div class=\"uael-post__date-wrap\">\n\t\t\t\t\t\t\t\t\t\t<span class='uael-post__date-month'>Nov<\/span><span class='uael-post__date-day'>04<\/span>\t\t\t\t<\/div>\t\t\t\t\n\t\t\t<\/div>\n\t\t<\/div>\n\t\t\n\t\t\t\n\t\t\t<div class=\"uael-post__content-wrap uael-content-wrap-disabled\">\n\n\t\t\t\t\t<h3 class=\"uael-post__title\">\n\n\t\t\n\t\t\t\t\t\t<a href=\"https:\/\/www.gerontim.com\/fr\/articles\/experts\/fonctionnement-habitat-inclusif\/\" target=\"_self\">\n\t\t\t\tFonctionnement de l\u2019habitat inclusif : les 4 crit\u00e8res incontournables\t\t\t<\/a>\n\n\t\t\t\t<\/h3>\n\t\t\t\t\t<div class=\"uael-post__meta-data\">\n\t\t\t\t\t<\/div>\n\t\t\n\t\t<div class=\"uael-post__excerpt\">\n\t\t\tComment concevoir un habitat r\u00e9ellement inclusif et obtenir les financements d\u00e9di\u00e9s ? Notre expert Gerontim vous livre les 4 crit\u00e8res essentiels \u00e0 d\u00e9cliner dans le fonctionnement de ce type de logement, peu importe le mod\u00e8le d\u00e9velopp\u00e9. \t\t<\/div>\n\n\t\t\t\t\t<\/div>\n\t\t\t\n\t\t<\/div>\n\t\t\n\n\t<\/div>\n\n<\/div>\n\t\t\t\t<\/div>\n\t\t\t\t\t\t\n\t\t<\/div>\n\n\t\t\t\t\t\t<\/div>\n\t\t<div class=\"uael-post__footer\">\n\t\t\t\t\t<\/div>\n\t\t\t\t\t\t<\/div>\n\t\t\t\t<\/div>\n\t\t\t\t\t<\/div>\n\t\t<\/div>\n\t\t\t\t\t<\/div>\n\t\t<\/aside>\n\t\t\t\t<\/div>\n\t\t","protected":false},"excerpt":{"rendered":"<p>Qu\u2019est-ce que l\u2019assistance \u00e0 ma\u00eetrise d\u2019usage ? Comment et pourquoi la mettre en \u0153uvre dans son projet architectural ? Notre expert vous explique tout ce que vous devez savoir sur cette d\u00e9marche tourn\u00e9e vers les usagers.<\/p>\n","protected":false},"author":11,"featured_media":11433,"comment_status":"closed","ping_status":"closed","sticky":false,"template":"","format":"standard","meta":{"site-sidebar-layout":"default","site-content-layout":"default","ast-site-content-layout":"default","site-content-style":"default","site-sidebar-style":"default","ast-global-header-display":"","ast-banner-title-visibility":"","ast-main-header-display":"","ast-hfb-above-header-display":"","ast-hfb-below-header-display":"","ast-hfb-mobile-header-display":"","site-post-title":"","ast-breadcrumbs-content":"","ast-featured-img":"","footer-sml-layout":"","ast-disable-related-posts":"","theme-transparent-header-meta":"default","adv-header-id-meta":"","stick-header-meta":"default","header-above-stick-meta":"","header-main-stick-meta":"","header-below-stick-meta":"","astra-migrate-meta-layouts":"set","ast-page-background-enabled":"default","ast-page-background-meta":{"desktop":{"background-color":"","background-image":"","background-repeat":"repeat","background-position":"center center","background-size":"auto","background-attachment":"scroll","background-type":"","background-media":"","overlay-type":"","overlay-color":"","overlay-opacity":"","overlay-gradient":""},"tablet":{"background-color":"","background-image":"","background-repeat":"repeat","background-position":"center center","background-size":"auto","background-attachment":"scroll","background-type":"","background-media":"","overlay-type":"","overlay-color":"","overlay-opacity":"","overlay-gradient":""},"mobile":{"background-color":"","background-image":"","background-repeat":"repeat","background-position":"center center","background-size":"auto","background-attachment":"scroll","background-type":"","background-media":"","overlay-type":"","overlay-color":"","overlay-opacity":"","overlay-gradient":""}},"ast-content-background-meta":{"desktop":{"background-color":"var(--ast-global-color-5)","background-image":"","background-repeat":"repeat","background-position":"center center","background-size":"auto","background-attachment":"scroll","background-type":"","background-media":"","overlay-type":"","overlay-color":"","overlay-opacity":"","overlay-gradient":""},"tablet":{"background-color":"var(--ast-global-color-5)","background-image":"","background-repeat":"repeat","background-position":"center center","background-size":"auto","background-attachment":"scroll","background-type":"","background-media":"","overlay-type":"","overlay-color":"","overlay-opacity":"","overlay-gradient":""},"mobile":{"background-color":"var(--ast-global-color-5)","background-image":"","background-repeat":"repeat","background-position":"center center","background-size":"auto","background-attachment":"scroll","background-type":"","background-media":"","overlay-type":"","overlay-color":"","overlay-opacity":"","overlay-gradient":""}},"footnotes":""},"categories":[22],"tags":[99,98,39],"class_list":["post-11380","post","type-post","status-publish","format-standard","has-post-thumbnail","hentry","category-experts","tag-architecte","tag-construction","tag-ehpad"],"yoast_head":"<!-- This site is optimized with the Yoast SEO plugin v27.4 - https:\/\/yoast.com\/product\/yoast-seo-wordpress\/ -->\n<title>L\u2019Assistance \u00e0 ma\u00eetrise d\u2019usage en EHPAD : vers un lieu f\u00e9d\u00e9rateur<\/title>\n<meta name=\"description\" content=\"Pourquoi et comment mettre en \u0153uvre l\u2019assistance \u00e0 ma\u00eetrise d\u2019usage pour son projet architectural en EHPAD ? R\u00e9ponse dans ce billet d\u2019expert\" \/>\n<meta name=\"robots\" content=\"index, follow, max-snippet:-1, max-image-preview:large, max-video-preview:-1\" \/>\n<link rel=\"canonical\" href=\"https:\/\/www.gerontim.com\/fr\/articles\/experts\/assistance-maitrise-usage-en-ehpad\/\" \/>\n<meta property=\"og:locale\" content=\"fr_FR\" \/>\n<meta property=\"og:type\" content=\"article\" \/>\n<meta property=\"og:title\" content=\"L\u2019Assistance \u00e0 ma\u00eetrise d\u2019usage en EHPAD : vers un lieu f\u00e9d\u00e9rateur\" \/>\n<meta property=\"og:description\" content=\"Pourquoi et comment mettre en \u0153uvre l\u2019assistance \u00e0 ma\u00eetrise d\u2019usage pour son projet architectural en EHPAD ? R\u00e9ponse dans ce billet d\u2019expert\" \/>\n<meta property=\"og:url\" content=\"https:\/\/www.gerontim.com\/fr\/articles\/experts\/assistance-maitrise-usage-en-ehpad\/\" \/>\n<meta property=\"og:site_name\" content=\"Gerontim\" \/>\n<meta property=\"article:published_time\" content=\"2024-03-05T14:57:22+00:00\" \/>\n<meta property=\"article:modified_time\" content=\"2025-10-27T10:22:45+00:00\" \/>\n<meta property=\"og:image\" content=\"https:\/\/www.gerontim.com\/wp-content\/uploads\/2024\/03\/assistance-a-maitrise-d-usage-en-ehpad.jpg\" \/>\n\t<meta property=\"og:image:width\" content=\"1920\" \/>\n\t<meta property=\"og:image:height\" content=\"1281\" \/>\n\t<meta property=\"og:image:type\" content=\"image\/jpeg\" \/>\n<meta name=\"author\" content=\"Romane\" \/>\n<meta name=\"twitter:card\" content=\"summary_large_image\" \/>\n<meta name=\"twitter:creator\" content=\"@Gerontim\" \/>\n<meta name=\"twitter:site\" content=\"@Gerontim\" \/>\n<meta name=\"twitter:label1\" content=\"\u00c9crit par\" \/>\n\t<meta name=\"twitter:data1\" content=\"Romane\" \/>\n\t<meta name=\"twitter:label2\" content=\"Dur\u00e9e de lecture estim\u00e9e\" \/>\n\t<meta name=\"twitter:data2\" content=\"10 minutes\" \/>\n<script type=\"application\/ld+json\" class=\"yoast-schema-graph\">{\"@context\":\"https:\\\/\\\/schema.org\",\"@graph\":[{\"@type\":\"Article\",\"@id\":\"https:\\\/\\\/www.gerontim.com\\\/fr\\\/articles\\\/experts\\\/assistance-maitrise-usage-en-ehpad\\\/#article\",\"isPartOf\":{\"@id\":\"https:\\\/\\\/www.gerontim.com\\\/fr\\\/articles\\\/experts\\\/assistance-maitrise-usage-en-ehpad\\\/\"},\"author\":{\"name\":\"Romane\",\"@id\":\"https:\\\/\\\/www.gerontim.com\\\/fr\\\/#\\\/schema\\\/person\\\/6eafd9f7cebdfc20b8bae27deb6d6b6a\"},\"headline\":\"Assistance \u00e0 Ma\u00eetrise d&rsquo;Usage en EHPAD\u00a0: vers un lieu de vie f\u00e9d\u00e9rateur\",\"datePublished\":\"2024-03-05T14:57:22+00:00\",\"dateModified\":\"2025-10-27T10:22:45+00:00\",\"mainEntityOfPage\":{\"@id\":\"https:\\\/\\\/www.gerontim.com\\\/fr\\\/articles\\\/experts\\\/assistance-maitrise-usage-en-ehpad\\\/\"},\"wordCount\":1917,\"publisher\":{\"@id\":\"https:\\\/\\\/www.gerontim.com\\\/fr\\\/#organization\"},\"image\":{\"@id\":\"https:\\\/\\\/www.gerontim.com\\\/fr\\\/articles\\\/experts\\\/assistance-maitrise-usage-en-ehpad\\\/#primaryimage\"},\"thumbnailUrl\":\"https:\\\/\\\/www.gerontim.com\\\/wp-content\\\/uploads\\\/2024\\\/03\\\/assistance-a-maitrise-d-usage-en-ehpad.jpg\",\"keywords\":[\"Architecte\",\"Construction\",\"EHPAD\"],\"articleSection\":[\"Billets d'experts\"],\"inLanguage\":\"fr-FR\"},{\"@type\":\"WebPage\",\"@id\":\"https:\\\/\\\/www.gerontim.com\\\/fr\\\/articles\\\/experts\\\/assistance-maitrise-usage-en-ehpad\\\/\",\"url\":\"https:\\\/\\\/www.gerontim.com\\\/fr\\\/articles\\\/experts\\\/assistance-maitrise-usage-en-ehpad\\\/\",\"name\":\"L\u2019Assistance \u00e0 ma\u00eetrise d\u2019usage en EHPAD : vers un lieu f\u00e9d\u00e9rateur\",\"isPartOf\":{\"@id\":\"https:\\\/\\\/www.gerontim.com\\\/fr\\\/#website\"},\"primaryImageOfPage\":{\"@id\":\"https:\\\/\\\/www.gerontim.com\\\/fr\\\/articles\\\/experts\\\/assistance-maitrise-usage-en-ehpad\\\/#primaryimage\"},\"image\":{\"@id\":\"https:\\\/\\\/www.gerontim.com\\\/fr\\\/articles\\\/experts\\\/assistance-maitrise-usage-en-ehpad\\\/#primaryimage\"},\"thumbnailUrl\":\"https:\\\/\\\/www.gerontim.com\\\/wp-content\\\/uploads\\\/2024\\\/03\\\/assistance-a-maitrise-d-usage-en-ehpad.jpg\",\"datePublished\":\"2024-03-05T14:57:22+00:00\",\"dateModified\":\"2025-10-27T10:22:45+00:00\",\"description\":\"Pourquoi et comment mettre en \u0153uvre l\u2019assistance \u00e0 ma\u00eetrise d\u2019usage pour son projet architectural en EHPAD ? R\u00e9ponse dans ce billet d\u2019expert\",\"breadcrumb\":{\"@id\":\"https:\\\/\\\/www.gerontim.com\\\/fr\\\/articles\\\/experts\\\/assistance-maitrise-usage-en-ehpad\\\/#breadcrumb\"},\"inLanguage\":\"fr-FR\",\"potentialAction\":[{\"@type\":\"ReadAction\",\"target\":[\"https:\\\/\\\/www.gerontim.com\\\/fr\\\/articles\\\/experts\\\/assistance-maitrise-usage-en-ehpad\\\/\"]}]},{\"@type\":\"ImageObject\",\"inLanguage\":\"fr-FR\",\"@id\":\"https:\\\/\\\/www.gerontim.com\\\/fr\\\/articles\\\/experts\\\/assistance-maitrise-usage-en-ehpad\\\/#primaryimage\",\"url\":\"https:\\\/\\\/www.gerontim.com\\\/wp-content\\\/uploads\\\/2024\\\/03\\\/assistance-a-maitrise-d-usage-en-ehpad.jpg\",\"contentUrl\":\"https:\\\/\\\/www.gerontim.com\\\/wp-content\\\/uploads\\\/2024\\\/03\\\/assistance-a-maitrise-d-usage-en-ehpad.jpg\",\"width\":1920,\"height\":1281,\"caption\":\"Assistance \u00e0 ma\u00eetrise d'usage en EHPAD\"},{\"@type\":\"BreadcrumbList\",\"@id\":\"https:\\\/\\\/www.gerontim.com\\\/fr\\\/articles\\\/experts\\\/assistance-maitrise-usage-en-ehpad\\\/#breadcrumb\",\"itemListElement\":[{\"@type\":\"ListItem\",\"position\":1,\"name\":\"Accueil\",\"item\":\"https:\\\/\\\/www.gerontim.com\\\/fr\\\/\"},{\"@type\":\"ListItem\",\"position\":2,\"name\":\"Billets d'experts\",\"item\":\"https:\\\/\\\/www.gerontim.com\\\/fr\\\/articles\\\/experts\\\/\"},{\"@type\":\"ListItem\",\"position\":3,\"name\":\"Assistance \u00e0 Ma\u00eetrise d&rsquo;Usage en EHPAD\u00a0: vers un lieu de vie f\u00e9d\u00e9rateur\"}]},{\"@type\":\"WebSite\",\"@id\":\"https:\\\/\\\/www.gerontim.com\\\/fr\\\/#website\",\"url\":\"https:\\\/\\\/www.gerontim.com\\\/fr\\\/\",\"name\":\"Gerontim\",\"description\":\"L&#039;expertise g\u00e9rontologique\",\"publisher\":{\"@id\":\"https:\\\/\\\/www.gerontim.com\\\/fr\\\/#organization\"},\"potentialAction\":[{\"@type\":\"SearchAction\",\"target\":{\"@type\":\"EntryPoint\",\"urlTemplate\":\"https:\\\/\\\/www.gerontim.com\\\/fr\\\/?s={search_term_string}\"},\"query-input\":{\"@type\":\"PropertyValueSpecification\",\"valueRequired\":true,\"valueName\":\"search_term_string\"}}],\"inLanguage\":\"fr-FR\"},{\"@type\":\"Organization\",\"@id\":\"https:\\\/\\\/www.gerontim.com\\\/fr\\\/#organization\",\"name\":\"Gerontim\",\"url\":\"https:\\\/\\\/www.gerontim.com\\\/fr\\\/\",\"logo\":{\"@type\":\"ImageObject\",\"inLanguage\":\"fr-FR\",\"@id\":\"https:\\\/\\\/www.gerontim.com\\\/fr\\\/#\\\/schema\\\/logo\\\/image\\\/\",\"url\":\"https:\\\/\\\/www.gerontim.com\\\/wp-content\\\/uploads\\\/2019\\\/12\\\/gerontim-logo-sm.png\",\"contentUrl\":\"https:\\\/\\\/www.gerontim.com\\\/wp-content\\\/uploads\\\/2019\\\/12\\\/gerontim-logo-sm.png\",\"width\":140,\"height\":67,\"caption\":\"Gerontim\"},\"image\":{\"@id\":\"https:\\\/\\\/www.gerontim.com\\\/fr\\\/#\\\/schema\\\/logo\\\/image\\\/\"},\"sameAs\":[\"https:\\\/\\\/x.com\\\/Gerontim\",\"https:\\\/\\\/www.linkedin.com\\\/company\\\/gerontim-cabinet-conseil-gerontologie\\\/\"]},{\"@type\":\"Person\",\"@id\":\"https:\\\/\\\/www.gerontim.com\\\/fr\\\/#\\\/schema\\\/person\\\/6eafd9f7cebdfc20b8bae27deb6d6b6a\",\"name\":\"Romane\",\"image\":{\"@type\":\"ImageObject\",\"inLanguage\":\"fr-FR\",\"@id\":\"https:\\\/\\\/secure.gravatar.com\\\/avatar\\\/8ac9200bb3775e3bd3a2f5a85845cfe2716653a29f32bb716d545ada308c9211?s=96&d=mm&r=g\",\"url\":\"https:\\\/\\\/secure.gravatar.com\\\/avatar\\\/8ac9200bb3775e3bd3a2f5a85845cfe2716653a29f32bb716d545ada308c9211?s=96&d=mm&r=g\",\"contentUrl\":\"https:\\\/\\\/secure.gravatar.com\\\/avatar\\\/8ac9200bb3775e3bd3a2f5a85845cfe2716653a29f32bb716d545ada308c9211?s=96&d=mm&r=g\",\"caption\":\"Romane\"}}]}<\/script>\n<!-- \/ Yoast SEO plugin. -->","yoast_head_json":{"title":"L\u2019Assistance \u00e0 ma\u00eetrise d\u2019usage en EHPAD : vers un lieu f\u00e9d\u00e9rateur","description":"Pourquoi et comment mettre en \u0153uvre l\u2019assistance \u00e0 ma\u00eetrise d\u2019usage pour son projet architectural en EHPAD ? R\u00e9ponse dans ce billet d\u2019expert","robots":{"index":"index","follow":"follow","max-snippet":"max-snippet:-1","max-image-preview":"max-image-preview:large","max-video-preview":"max-video-preview:-1"},"canonical":"https:\/\/www.gerontim.com\/fr\/articles\/experts\/assistance-maitrise-usage-en-ehpad\/","og_locale":"fr_FR","og_type":"article","og_title":"L\u2019Assistance \u00e0 ma\u00eetrise d\u2019usage en EHPAD : vers un lieu f\u00e9d\u00e9rateur","og_description":"Pourquoi et comment mettre en \u0153uvre l\u2019assistance \u00e0 ma\u00eetrise d\u2019usage pour son projet architectural en EHPAD ? R\u00e9ponse dans ce billet d\u2019expert","og_url":"https:\/\/www.gerontim.com\/fr\/articles\/experts\/assistance-maitrise-usage-en-ehpad\/","og_site_name":"Gerontim","article_published_time":"2024-03-05T14:57:22+00:00","article_modified_time":"2025-10-27T10:22:45+00:00","og_image":[{"width":1920,"height":1281,"url":"https:\/\/www.gerontim.com\/wp-content\/uploads\/2024\/03\/assistance-a-maitrise-d-usage-en-ehpad.jpg","type":"image\/jpeg"}],"author":"Romane","twitter_card":"summary_large_image","twitter_creator":"@Gerontim","twitter_site":"@Gerontim","twitter_misc":{"\u00c9crit par":"Romane","Dur\u00e9e de lecture estim\u00e9e":"10 minutes"},"schema":{"@context":"https:\/\/schema.org","@graph":[{"@type":"Article","@id":"https:\/\/www.gerontim.com\/fr\/articles\/experts\/assistance-maitrise-usage-en-ehpad\/#article","isPartOf":{"@id":"https:\/\/www.gerontim.com\/fr\/articles\/experts\/assistance-maitrise-usage-en-ehpad\/"},"author":{"name":"Romane","@id":"https:\/\/www.gerontim.com\/fr\/#\/schema\/person\/6eafd9f7cebdfc20b8bae27deb6d6b6a"},"headline":"Assistance \u00e0 Ma\u00eetrise d&rsquo;Usage en EHPAD\u00a0: vers un lieu de vie f\u00e9d\u00e9rateur","datePublished":"2024-03-05T14:57:22+00:00","dateModified":"2025-10-27T10:22:45+00:00","mainEntityOfPage":{"@id":"https:\/\/www.gerontim.com\/fr\/articles\/experts\/assistance-maitrise-usage-en-ehpad\/"},"wordCount":1917,"publisher":{"@id":"https:\/\/www.gerontim.com\/fr\/#organization"},"image":{"@id":"https:\/\/www.gerontim.com\/fr\/articles\/experts\/assistance-maitrise-usage-en-ehpad\/#primaryimage"},"thumbnailUrl":"https:\/\/www.gerontim.com\/wp-content\/uploads\/2024\/03\/assistance-a-maitrise-d-usage-en-ehpad.jpg","keywords":["Architecte","Construction","EHPAD"],"articleSection":["Billets d'experts"],"inLanguage":"fr-FR"},{"@type":"WebPage","@id":"https:\/\/www.gerontim.com\/fr\/articles\/experts\/assistance-maitrise-usage-en-ehpad\/","url":"https:\/\/www.gerontim.com\/fr\/articles\/experts\/assistance-maitrise-usage-en-ehpad\/","name":"L\u2019Assistance \u00e0 ma\u00eetrise d\u2019usage en EHPAD : vers un lieu f\u00e9d\u00e9rateur","isPartOf":{"@id":"https:\/\/www.gerontim.com\/fr\/#website"},"primaryImageOfPage":{"@id":"https:\/\/www.gerontim.com\/fr\/articles\/experts\/assistance-maitrise-usage-en-ehpad\/#primaryimage"},"image":{"@id":"https:\/\/www.gerontim.com\/fr\/articles\/experts\/assistance-maitrise-usage-en-ehpad\/#primaryimage"},"thumbnailUrl":"https:\/\/www.gerontim.com\/wp-content\/uploads\/2024\/03\/assistance-a-maitrise-d-usage-en-ehpad.jpg","datePublished":"2024-03-05T14:57:22+00:00","dateModified":"2025-10-27T10:22:45+00:00","description":"Pourquoi et comment mettre en \u0153uvre l\u2019assistance \u00e0 ma\u00eetrise d\u2019usage pour son projet architectural en EHPAD ? R\u00e9ponse dans ce billet d\u2019expert","breadcrumb":{"@id":"https:\/\/www.gerontim.com\/fr\/articles\/experts\/assistance-maitrise-usage-en-ehpad\/#breadcrumb"},"inLanguage":"fr-FR","potentialAction":[{"@type":"ReadAction","target":["https:\/\/www.gerontim.com\/fr\/articles\/experts\/assistance-maitrise-usage-en-ehpad\/"]}]},{"@type":"ImageObject","inLanguage":"fr-FR","@id":"https:\/\/www.gerontim.com\/fr\/articles\/experts\/assistance-maitrise-usage-en-ehpad\/#primaryimage","url":"https:\/\/www.gerontim.com\/wp-content\/uploads\/2024\/03\/assistance-a-maitrise-d-usage-en-ehpad.jpg","contentUrl":"https:\/\/www.gerontim.com\/wp-content\/uploads\/2024\/03\/assistance-a-maitrise-d-usage-en-ehpad.jpg","width":1920,"height":1281,"caption":"Assistance \u00e0 ma\u00eetrise d'usage en EHPAD"},{"@type":"BreadcrumbList","@id":"https:\/\/www.gerontim.com\/fr\/articles\/experts\/assistance-maitrise-usage-en-ehpad\/#breadcrumb","itemListElement":[{"@type":"ListItem","position":1,"name":"Accueil","item":"https:\/\/www.gerontim.com\/fr\/"},{"@type":"ListItem","position":2,"name":"Billets d'experts","item":"https:\/\/www.gerontim.com\/fr\/articles\/experts\/"},{"@type":"ListItem","position":3,"name":"Assistance \u00e0 Ma\u00eetrise d&rsquo;Usage en EHPAD\u00a0: vers un lieu de vie f\u00e9d\u00e9rateur"}]},{"@type":"WebSite","@id":"https:\/\/www.gerontim.com\/fr\/#website","url":"https:\/\/www.gerontim.com\/fr\/","name":"Gerontim","description":"L&#039;expertise g\u00e9rontologique","publisher":{"@id":"https:\/\/www.gerontim.com\/fr\/#organization"},"potentialAction":[{"@type":"SearchAction","target":{"@type":"EntryPoint","urlTemplate":"https:\/\/www.gerontim.com\/fr\/?s={search_term_string}"},"query-input":{"@type":"PropertyValueSpecification","valueRequired":true,"valueName":"search_term_string"}}],"inLanguage":"fr-FR"},{"@type":"Organization","@id":"https:\/\/www.gerontim.com\/fr\/#organization","name":"Gerontim","url":"https:\/\/www.gerontim.com\/fr\/","logo":{"@type":"ImageObject","inLanguage":"fr-FR","@id":"https:\/\/www.gerontim.com\/fr\/#\/schema\/logo\/image\/","url":"https:\/\/www.gerontim.com\/wp-content\/uploads\/2019\/12\/gerontim-logo-sm.png","contentUrl":"https:\/\/www.gerontim.com\/wp-content\/uploads\/2019\/12\/gerontim-logo-sm.png","width":140,"height":67,"caption":"Gerontim"},"image":{"@id":"https:\/\/www.gerontim.com\/fr\/#\/schema\/logo\/image\/"},"sameAs":["https:\/\/x.com\/Gerontim","https:\/\/www.linkedin.com\/company\/gerontim-cabinet-conseil-gerontologie\/"]},{"@type":"Person","@id":"https:\/\/www.gerontim.com\/fr\/#\/schema\/person\/6eafd9f7cebdfc20b8bae27deb6d6b6a","name":"Romane","image":{"@type":"ImageObject","inLanguage":"fr-FR","@id":"https:\/\/secure.gravatar.com\/avatar\/8ac9200bb3775e3bd3a2f5a85845cfe2716653a29f32bb716d545ada308c9211?s=96&d=mm&r=g","url":"https:\/\/secure.gravatar.com\/avatar\/8ac9200bb3775e3bd3a2f5a85845cfe2716653a29f32bb716d545ada308c9211?s=96&d=mm&r=g","contentUrl":"https:\/\/secure.gravatar.com\/avatar\/8ac9200bb3775e3bd3a2f5a85845cfe2716653a29f32bb716d545ada308c9211?s=96&d=mm&r=g","caption":"Romane"}}]}},"_links":{"self":[{"href":"https:\/\/www.gerontim.com\/fr\/wp-json\/wp\/v2\/posts\/11380","targetHints":{"allow":["GET"]}}],"collection":[{"href":"https:\/\/www.gerontim.com\/fr\/wp-json\/wp\/v2\/posts"}],"about":[{"href":"https:\/\/www.gerontim.com\/fr\/wp-json\/wp\/v2\/types\/post"}],"author":[{"embeddable":true,"href":"https:\/\/www.gerontim.com\/fr\/wp-json\/wp\/v2\/users\/11"}],"replies":[{"embeddable":true,"href":"https:\/\/www.gerontim.com\/fr\/wp-json\/wp\/v2\/comments?post=11380"}],"version-history":[{"count":62,"href":"https:\/\/www.gerontim.com\/fr\/wp-json\/wp\/v2\/posts\/11380\/revisions"}],"predecessor-version":[{"id":12576,"href":"https:\/\/www.gerontim.com\/fr\/wp-json\/wp\/v2\/posts\/11380\/revisions\/12576"}],"wp:featuredmedia":[{"embeddable":true,"href":"https:\/\/www.gerontim.com\/fr\/wp-json\/wp\/v2\/media\/11433"}],"wp:attachment":[{"href":"https:\/\/www.gerontim.com\/fr\/wp-json\/wp\/v2\/media?parent=11380"}],"wp:term":[{"taxonomy":"category","embeddable":true,"href":"https:\/\/www.gerontim.com\/fr\/wp-json\/wp\/v2\/categories?post=11380"},{"taxonomy":"post_tag","embeddable":true,"href":"https:\/\/www.gerontim.com\/fr\/wp-json\/wp\/v2\/tags?post=11380"}],"curies":[{"name":"wp","href":"https:\/\/api.w.org\/{rel}","templated":true}]}}